{"id":17960,"date":"2022-12-22T22:27:23","date_gmt":"2022-12-23T01:27:23","guid":{"rendered":"https:\/\/diariotribuna.com.br\/?p=17960"},"modified":"2022-12-22T22:27:25","modified_gmt":"2022-12-23T01:27:25","slug":"tempo-de-plantar","status":"publish","type":"post","link":"https:\/\/diariotribuna.com.br\/?p=17960","title":{"rendered":"<strong>Tempo de plantar<\/strong>"},"content":{"rendered":"\n<figure class=\"wp-block-image size-full is-resized is-style-default\"><img loading=\"lazy\" decoding=\"async\" src=\"https:\/\/diariotribuna.com.br\/wp-content\/uploads\/2022\/12\/Jose-Carlos-1.jpg\" alt=\"\" class=\"wp-image-17962\" width=\"428\" height=\"315\" srcset=\"https:\/\/diariotribuna.com.br\/wp-content\/uploads\/2022\/12\/Jose-Carlos-1.jpg 700w, https:\/\/diariotribuna.com.br\/wp-content\/uploads\/2022\/12\/Jose-Carlos-1-300x221.jpg 300w, https:\/\/diariotribuna.com.br\/wp-content\/uploads\/2022\/12\/Jose-Carlos-1-80x60.jpg 80w, https:\/\/diariotribuna.com.br\/wp-content\/uploads\/2022\/12\/Jose-Carlos-1-696x512.jpg 696w, https:\/\/diariotribuna.com.br\/wp-content\/uploads\/2022\/12\/Jose-Carlos-1-571x420.jpg 571w\" sizes=\"(max-width: 428px) 100vw, 428px\" \/><figcaption class=\"wp-element-caption\"><strong><em>Jos\u00e9 Carlos Freire<\/em><br><em>Professor na UFVJM, Campus de Te\u00f3filo Otoni\/MG<\/em><\/strong><\/figcaption><\/figure>\n\n\n\n<p>N\u00e3o era a primeira vez que via aquele carro com um monte de gal\u00f5es de \u00e1gua no maleiro. Mas naquela manh\u00e3 o dono estava ali. Pegava um gal\u00e3o, regava duas ou tr\u00eas mudas de planta na beira da rua; depositava o gal\u00e3o vazio no carro, pegava outro cheio e recome\u00e7ava.<\/p>\n\n\n\n<p>Segui meu costumeiro trajeto de caminhada. Quando voltei, ele puxou conversa. Suas oito d\u00e9cadas n\u00e3o lhe pesavam. Ao contr\u00e1rio, transbordava bom humor e energia. Me contou, satisfeito, que aquele era seu of\u00edcio h\u00e1 um bom tempo. Era trabalhoso, principalmente no per\u00edodo de sol e calor que deixa a terra ressecada. Havia semanas que tinha de irrigar mais de uma vez sua floresta em linha, voluntariamente plantada por ele ao longo dos quase mil metros que margeava a rua.<\/p>\n\n\n\n<figure class=\"wp-block-image size-full is-resized is-style-default\"><img loading=\"lazy\" decoding=\"async\" src=\"https:\/\/diariotribuna.com.br\/wp-content\/uploads\/2022\/12\/Ilustracao-Tempo-de-plantar.jpg\" alt=\"\" class=\"wp-image-17961\" width=\"498\" height=\"369\" srcset=\"https:\/\/diariotribuna.com.br\/wp-content\/uploads\/2022\/12\/Ilustracao-Tempo-de-plantar.jpg 600w, https:\/\/diariotribuna.com.br\/wp-content\/uploads\/2022\/12\/Ilustracao-Tempo-de-plantar-300x223.jpg 300w, https:\/\/diariotribuna.com.br\/wp-content\/uploads\/2022\/12\/Ilustracao-Tempo-de-plantar-80x60.jpg 80w, https:\/\/diariotribuna.com.br\/wp-content\/uploads\/2022\/12\/Ilustracao-Tempo-de-plantar-566x420.jpg 566w\" sizes=\"(max-width: 498px) 100vw, 498px\" \/><\/figure>\n\n\n\n<p>J\u00e1 havia notado as mudinhas que cresciam lentamente, mas nunca com a devida aten\u00e7\u00e3o. Soube por ele, o Seu Joaquim, que ali havia de tudo: manga, cacau, caju, abacate e at\u00e9 lichia. Tamb\u00e9m as \u00e1rvores de flores como jasmim, flamboi\u00e3 e outras. Agora que as chuvas chegaram, elas come\u00e7avam a se firmar e o desafio era cercar com varetas cada p\u00e9 de \u00e1rvore, j\u00e1 que as vacas que andam soltas pela regi\u00e3o costumavam fazer estrago.<\/p>\n\n\n\n<p>Eu voltei para casa encantado com o trabalho do Seu Joaquim. Vivemos tempos de imenso desafio clim\u00e1tico, desmatamento criminoso das florestas, envenenamento de rios, o diabo. Como certa vez ouvi de uma poetisa, a humanidade parece ser mesmo um projeto que deu errado. Destr\u00f3i sua casa e depois faz campanhas e reuni\u00f5es de governos para evitar a extin\u00e7\u00e3o da esp\u00e9cie.<\/p>\n\n\n\n<p>Por sinal, h\u00e1 pouco mais de um m\u00eas tivemos mais uma das muitas confer\u00eancias mundiais sobre meio ambiente. J\u00e1 nos acostumamos com nomes de cidades que sediam tais eventos. Rio, Kyoto, Copenhage. Essas reuni\u00f5es s\u00e3o cruciais, mas nos deixam com uma sensa\u00e7\u00e3o estranha ao final. Primeiro, pela sua ambi\u00e7\u00e3o: os acordos ou cartas de inten\u00e7\u00e3o ali firmados parecem ser escritos por um roteirista de filme hollywoodiano, com a previs\u00e3o de um final redentor e feliz. Como exemplo, basta citar um dos mais importantes documentos dos \u00faltimos anos, o famoso Acordo de Paris de 2015. Objetivos nada modestos sa\u00edram dali: reformar a economia do mundo, combater as mudan\u00e7as clim\u00e1ticas e evitar as cat\u00e1strofes que elas produzem. F\u00e1cil, f\u00e1cil. S\u00f3 que n\u00e3o.<\/p>\n\n\n\n<p>O segundo motivo de estranhamento com tais eventos \u00e9 exatamente esse: as decis\u00f5es n\u00e3o se cumprem, as metas n\u00e3o s\u00e3o alcan\u00e7adas. A cada nova confer\u00eancia, recalculam-se os danos e empurra-se para frente o fim do mundo. Mas a natureza n\u00e3o segue o organograma feito por executivos engravatados, mais preocupados com seus ganhos econ\u00f4micos e pol\u00edticos do que com o planeta. Esse descompasso \u00e9 evidente: governos e corpora\u00e7\u00f5es atuam como se houvesse um amanh\u00e3 garantido; mas a natureza diz que n\u00e3o, pelo menos n\u00e3o para a humanidade, essa esp\u00e9cie hostil.<\/p>\n\n\n\n<p>O caminho, por certo, n\u00e3o \u00e9 abandonar os tratados, os acordos, as confer\u00eancias. Sem eles seria ainda pior. O drama \u00e9 que as pessoas, grupos e organiza\u00e7\u00f5es que realmente sabem do nosso risco e querem mudar a rota n\u00e3o s\u00e3o aquelas que decidem. S\u00e3o at\u00e9 ouvidas, participam, fazem barulho, protestam. \u00c9 o que d\u00e1 pra se fazer. Mas ao final do encontro, quem assina os documentos s\u00e3o as excel\u00eancias que mal se lembrar\u00e3o do que foi discutido, t\u00e3o logo o avi\u00e3o aterrisse em seu pa\u00eds natal. Nesse momento, voltar\u00e3o as preocupa\u00e7\u00f5es de mercado, as demandas eleitorais anteriores e futuras, a centralidade do poder.<\/p>\n\n\n\n<p>Quem deveria discutir e assinar os tratados clim\u00e1ticos internacionais era o Seu Joaquim, ou melhor, milhares de Seus Joaquins espalhados pelo mundo que quando tratam da natureza o fazem de verdade, com rever\u00eancia e cuidado, como quem realmente se entende parte de um organismo vivo que \u00e9 a Terra, no qual \u00e9 preciso plantar para que se brote, irrigar para que se cres\u00e7a e proteger para que n\u00e3o se destrua.<\/p>\n\n\n\n<p>Gosto de ver os discursos inflamados de l\u00edderes nessas confer\u00eancias internacionais. D\u00e3o um breve alento. Mas nem se comparam com aquela imagem simples de um idoso que, sem nenhum ganho ou financiamento, planta suas mudinhas que v\u00e3o demorar a crescer. Reaproveita gal\u00f5es de produtos de limpeza para servir como reservat\u00f3rio de \u00e1gua. Irriga pacientemente cada uma das fr\u00e1geis plantinhas. Cerca-as como quem educa crian\u00e7as contra os perigos da vida.<\/p>\n\n\n\n<p>Por que ele faz isso? \u00c9 que ele n\u00e3o planta apenas mudas de \u00e1rvore. Ele semeia vida. Talvez ele nem as veja todas grandes e frondosas. Sob as sombras daquelas \u00e1rvores pode ser que ele nem venha a caminhar, mas elas ter\u00e3o suas digitais silenciosas. As marcas de algu\u00e9m que pensou al\u00e9m de si, al\u00e9m da sua pr\u00f3pria gera\u00e7\u00e3o. Espero que um dia as confer\u00eancias internacionais tenham realmente como foco a vida do planeta e n\u00e3o os acordos geopol\u00edticos e disputas comerciais. Tomara. Por enquanto, o que me faz acreditar ainda na humanidade s\u00e3o a\u00e7\u00f5es como a de Seu Joaquim, um plantador de futuro. <strong><\/strong><\/p>\n\n\n\n<h3 class=\"wp-block-heading\"><strong>Contato<\/strong>: freire.jose@hotmail.com<\/h3>\n\n\n\n<h3 class=\"wp-block-heading\"><strong>Ilustra\u00e7\u00e3o<\/strong>: Vin\u00edcius Figueiredo<\/h3>\n","protected":false},"excerpt":{"rendered":"<p>N\u00e3o era a primeira vez que via aquele carro com um monte de gal\u00f5es de \u00e1gua no maleiro. Mas naquela manh\u00e3 o dono estava ali. Pegava um gal\u00e3o, regava duas ou tr\u00eas mudas de planta na beira da rua; depositava o gal\u00e3o vazio no carro, pegava outro cheio e recome\u00e7ava. Segui meu costumeiro trajeto de [&hellip;]<\/p>\n","protected":false},"author":1,"featured_media":17962,"comment_status":"open","ping_status":"open","sticky":false,"template":"","format":"standard","meta":{"rop_custom_images_group":[],"rop_custom_messages_group":[],"rop_publish_now":"initial","rop_publish_now_accounts":[],"rop_publish_now_history":[],"rop_publish_now_status":"pending","footnotes":""},"categories":[25,24],"tags":[42,683,5016,75],"class_list":["post-17960","post","type-post","status-publish","format-standard","has-post-thumbnail","hentry","category-destaque","category-opiniao","tag-diario-tribuna","tag-jose-carlos-freire","tag-tempo-de-plantar","tag-teofilo-otoni"],"_links":{"self":[{"href":"https:\/\/diariotribuna.com.br\/index.php?rest_route=\/wp\/v2\/posts\/17960"}],"collection":[{"href":"https:\/\/diariotribuna.com.br\/index.php?rest_route=\/wp\/v2\/posts"}],"about":[{"href":"https:\/\/diariotribuna.com.br\/index.php?rest_route=\/wp\/v2\/types\/post"}],"author":[{"embeddable":true,"href":"https:\/\/diariotribuna.com.br\/index.php?rest_route=\/wp\/v2\/users\/1"}],"replies":[{"embeddable":true,"href":"https:\/\/diariotribuna.com.br\/index.php?rest_route=%2Fwp%2Fv2%2Fcomments&post=17960"}],"version-history":[{"count":1,"href":"https:\/\/diariotribuna.com.br\/index.php?rest_route=\/wp\/v2\/posts\/17960\/revisions"}],"predecessor-version":[{"id":17963,"href":"https:\/\/diariotribuna.com.br\/index.php?rest_route=\/wp\/v2\/posts\/17960\/revisions\/17963"}],"wp:featuredmedia":[{"embeddable":true,"href":"https:\/\/diariotribuna.com.br\/index.php?rest_route=\/wp\/v2\/media\/17962"}],"wp:attachment":[{"href":"https:\/\/diariotribuna.com.br\/index.php?rest_route=%2Fwp%2Fv2%2Fmedia&parent=17960"}],"wp:term":[{"taxonomy":"category","embeddable":true,"href":"https:\/\/diariotribuna.com.br\/index.php?rest_route=%2Fwp%2Fv2%2Fcategories&post=17960"},{"taxonomy":"post_tag","embeddable":true,"href":"https:\/\/diariotribuna.com.br\/index.php?rest_route=%2Fwp%2Fv2%2Ftags&post=17960"}],"curies":[{"name":"wp","href":"https:\/\/api.w.org\/{rel}","templated":true}]}}