{"id":17964,"date":"2022-12-22T22:48:00","date_gmt":"2022-12-23T01:48:00","guid":{"rendered":"https:\/\/diariotribuna.com.br\/?p=17964"},"modified":"2022-12-26T10:41:00","modified_gmt":"2022-12-26T13:41:00","slug":"diario-tribuna-22-de-dezembro-2022-teofilo-otoni-mg","status":"publish","type":"post","link":"https:\/\/diariotribuna.com.br\/?p=17964","title":{"rendered":"<strong>Di\u00e1rio Tribuna, 22 de Dezembro 2022, Te\u00f3filo Otoni &#8211; MG<\/strong>"},"content":{"rendered":"\n<figure class=\"wp-block-image size-full is-resized is-style-default\"><img loading=\"lazy\" decoding=\"async\" src=\"https:\/\/diariotribuna.com.br\/wp-content\/uploads\/2022\/12\/63e9f365-528f-46d7-a58c-db913478ab10.jpg\" alt=\"\" class=\"wp-image-17966\" width=\"324\" height=\"462\" srcset=\"https:\/\/diariotribuna.com.br\/wp-content\/uploads\/2022\/12\/63e9f365-528f-46d7-a58c-db913478ab10.jpg 696w, https:\/\/diariotribuna.com.br\/wp-content\/uploads\/2022\/12\/63e9f365-528f-46d7-a58c-db913478ab10-210x300.jpg 210w, https:\/\/diariotribuna.com.br\/wp-content\/uploads\/2022\/12\/63e9f365-528f-46d7-a58c-db913478ab10-295x420.jpg 295w\" sizes=\"(max-width: 324px) 100vw, 324px\" \/><\/figure>\n\n\n\n<h2 class=\"wp-block-heading\"><strong><strong><mark style=\"background-color:rgba(0, 0, 0, 0)\" class=\"has-inline-color has-vivid-red-color\">Acesse o link abaixo e veja a edi\u00e7\u00e3o completa do Di\u00e1rio Tribuna desta quinta-feira (22\/12\/2022)<\/mark><\/strong>&nbsp; <\/strong><\/h2>\n\n\n\n<h2 class=\"wp-block-heading\"><a href=\"https:\/\/diariotribuna.com.br\/wp-content\/uploads\/2022\/12\/DIARIO-TRIBUNA-53-ANOS-22-DEZEMBRO-2022.pdf\"><strong><mark style=\"background-color:rgba(0, 0, 0, 0)\" class=\"has-inline-color has-vivid-red-color\">https:\/\/diariotribuna.com.br\/wp-content\/uploads\/2022\/12\/DIARIO-TRIBUNA-53-ANOS-22-DEZEMBRO-2022.pdf<\/mark><\/strong><\/a><\/h2>\n","protected":false},"excerpt":{"rendered":"<p>Acesse o link abaixo e veja a edi\u00e7\u00e3o completa do Di\u00e1rio Tribuna desta quinta-feira (22\/12\/2022)&nbsp; https:\/\/diariotribuna.com.br\/wp-content\/uploads\/2022\/12\/DIARIO-TRIBUNA-53-ANOS-22-DEZEMBRO-2022.pdf<\/p>\n","protected":false},"author":1,"featured_media":17966,"comment_status":"open","ping_status":"open","sticky":false,"template":"","format":"standard","meta":{"rop_custom_images_group":[],"rop_custom_messages_group":[],"rop_publish_now":"initial","rop_publish_now_accounts":[],"rop_publish_now_history":[],"rop_publish_now_status":"pending","footnotes":""},"categories":[17,23],"tags":[5017,42,1010,75,867],"class_list":["post-17964","post","type-post","status-publish","format-standard","has-post-thumbnail","hentry","category-teofilootoni","category-ultimaedicao","tag-22-12-2022","tag-diario-tribuna","tag-nordeste-mineiro","tag-teofilo-otoni","tag-vale-do-mucuri"],"_links":{"self":[{"href":"https:\/\/diariotribuna.com.br\/index.php?rest_route=\/wp\/v2\/posts\/17964"}],"collection":[{"href":"https:\/\/diariotribuna.com.br\/index.php?rest_route=\/wp\/v2\/posts"}],"about":[{"href":"https:\/\/diariotribuna.com.br\/index.php?rest_route=\/wp\/v2\/types\/post"}],"author":[{"embeddable":true,"href":"https:\/\/diariotribuna.com.br\/index.php?rest_route=\/wp\/v2\/users\/1"}],"replies":[{"embeddable":true,"href":"https:\/\/diariotribuna.com.br\/index.php?rest_route=%2Fwp%2Fv2%2Fcomments&post=17964"}],"version-history":[{"count":2,"href":"https:\/\/diariotribuna.com.br\/index.php?rest_route=\/wp\/v2\/posts\/17964\/revisions"}],"predecessor-version":[{"id":18006,"href":"https:\/\/diariotribuna.com.br\/index.php?rest_route=\/wp\/v2\/posts\/17964\/revisions\/18006"}],"wp:featuredmedia":[{"embeddable":true,"href":"https:\/\/diariotribuna.com.br\/index.php?rest_route=\/wp\/v2\/media\/17966"}],"wp:attachment":[{"href":"https:\/\/diariotribuna.com.br\/index.php?rest_route=%2Fwp%2Fv2%2Fmedia&parent=17964"}],"wp:term":[{"taxonomy":"category","embeddable":true,"href":"https:\/\/diariotribuna.com.br\/index.php?rest_route=%2Fwp%2Fv2%2Fcategories&post=17964"},{"taxonomy":"post_tag","embeddable":true,"href":"https:\/\/diariotribuna.com.br\/index.php?rest_route=%2Fwp%2Fv2%2Ftags&post=17964"}],"curies":[{"name":"wp","href":"https:\/\/api.w.org\/{rel}","templated":true}]}}