{"id":17979,"date":"2022-12-23T23:36:40","date_gmt":"2022-12-24T02:36:40","guid":{"rendered":"https:\/\/diariotribuna.com.br\/?p=17979"},"modified":"2022-12-26T00:30:13","modified_gmt":"2022-12-26T03:30:13","slug":"policiais-militares-presenteiam-a-servidora-da-limpeza-do-pelotao-de-carai","status":"publish","type":"post","link":"https:\/\/diariotribuna.com.br\/?p=17979","title":{"rendered":"Policiais militares presenteiam a servidora da limpeza do Pelot\u00e3o de Cara\u00ed"},"content":{"rendered":"\n<h3 class=\"wp-block-heading\"><em>O gesto dos militares \u00e9 uma forma de agradecimento \u00e0 servidora \u00c9rica Barbosa Soares<\/em><\/h3>\n\n\n\n<figure class=\"wp-block-image size-full is-resized is-style-default\"><img loading=\"lazy\" decoding=\"async\" src=\"https:\/\/diariotribuna.com.br\/wp-content\/uploads\/2022\/12\/091b1e5e-2001-460f-9712-ab105966cffd.jpg\" alt=\"\" class=\"wp-image-17980\" width=\"544\" height=\"386\" srcset=\"https:\/\/diariotribuna.com.br\/wp-content\/uploads\/2022\/12\/091b1e5e-2001-460f-9712-ab105966cffd.jpg 700w, https:\/\/diariotribuna.com.br\/wp-content\/uploads\/2022\/12\/091b1e5e-2001-460f-9712-ab105966cffd-300x213.jpg 300w, https:\/\/diariotribuna.com.br\/wp-content\/uploads\/2022\/12\/091b1e5e-2001-460f-9712-ab105966cffd-100x70.jpg 100w, https:\/\/diariotribuna.com.br\/wp-content\/uploads\/2022\/12\/091b1e5e-2001-460f-9712-ab105966cffd-696x494.jpg 696w, https:\/\/diariotribuna.com.br\/wp-content\/uploads\/2022\/12\/091b1e5e-2001-460f-9712-ab105966cffd-592x420.jpg 592w\" sizes=\"(max-width: 544px) 100vw, 544px\" \/><\/figure>\n\n\n\n<p>Na quinta-feira (22\/12), \u00e0s 9h, os policiais militares lotados no Pelot\u00e3o da cidade de Cara\u00ed prestaram uma singela homenagem \u00e0 funcion\u00e1ria da Prefeitura Municipal, \u00c9rica Barbosa Soares, pelos servi\u00e7os de limpeza prestados ao pelot\u00e3o no ano de 2022.<\/p>\n\n\n\n<p>Os Militares contribu\u00edram com uma pequena quantia em dinheiro e entregaram uma cesta Natalina, desejando um feliz Natal e boas festas \u00e0 funcion\u00e1ria, como demonstra\u00e7\u00e3o de agradecimento aos servi\u00e7os prestados no \u00e2mbito do 2\u00b0 Pelot\u00e3o de Cara\u00ed\/MG.<\/p>\n\n\n\n<p>O comandante do Pelot\u00e3o, tenente Marlos Aur\u00e9lio agradeceu a funcion\u00e1ria que ficou extremamente grata pela lembran\u00e7a e reconhecimento dos militares ao seu trabalho. (Tenente Marlos Aur\u00e9lio Alves Barbosa, comandante do 2\u00b0 Pelot\u00e3o\/ 232\u00aa Cia PM\/ Cara\u00ed).<\/p>\n\n\n\n<pre class=\"wp-block-verse\"><strong>\u201cPol\u00edcia Militar de Minas Gerais, 247 anos. 24 horas por dia, 7 dias por semana, servindo o povo mineiro\u201d<\/strong><\/pre>\n","protected":false},"excerpt":{"rendered":"<p>O gesto dos militares \u00e9 uma forma de agradecimento \u00e0 servidora \u00c9rica Barbosa Soares Na quinta-feira (22\/12), \u00e0s 9h, os policiais militares lotados no Pelot\u00e3o da cidade de Cara\u00ed prestaram uma singela homenagem \u00e0 funcion\u00e1ria da Prefeitura Municipal, \u00c9rica Barbosa Soares, pelos servi\u00e7os de limpeza prestados ao pelot\u00e3o no ano de 2022. Os Militares contribu\u00edram [&hellip;]<\/p>\n","protected":false},"author":1,"featured_media":17980,"comment_status":"open","ping_status":"open","sticky":false,"template":"","format":"standard","meta":{"rop_custom_images_group":[],"rop_custom_messages_group":[],"rop_publish_now":"initial","rop_publish_now_accounts":[],"rop_publish_now_history":[],"rop_publish_now_status":"pending","footnotes":""},"categories":[19],"tags":[46,1084,76,5020],"class_list":["post-17979","post","type-post","status-publish","format-standard","has-post-thumbnail","hentry","category-gerais","tag-carai","tag-homenagem","tag-policia-militar","tag-servidora-da-limpeza"],"_links":{"self":[{"href":"https:\/\/diariotribuna.com.br\/index.php?rest_route=\/wp\/v2\/posts\/17979"}],"collection":[{"href":"https:\/\/diariotribuna.com.br\/index.php?rest_route=\/wp\/v2\/posts"}],"about":[{"href":"https:\/\/diariotribuna.com.br\/index.php?rest_route=\/wp\/v2\/types\/post"}],"author":[{"embeddable":true,"href":"https:\/\/diariotribuna.com.br\/index.php?rest_route=\/wp\/v2\/users\/1"}],"replies":[{"embeddable":true,"href":"https:\/\/diariotribuna.com.br\/index.php?rest_route=%2Fwp%2Fv2%2Fcomments&post=17979"}],"version-history":[{"count":2,"href":"https:\/\/diariotribuna.com.br\/index.php?rest_route=\/wp\/v2\/posts\/17979\/revisions"}],"predecessor-version":[{"id":17982,"href":"https:\/\/diariotribuna.com.br\/index.php?rest_route=\/wp\/v2\/posts\/17979\/revisions\/17982"}],"wp:featuredmedia":[{"embeddable":true,"href":"https:\/\/diariotribuna.com.br\/index.php?rest_route=\/wp\/v2\/media\/17980"}],"wp:attachment":[{"href":"https:\/\/diariotribuna.com.br\/index.php?rest_route=%2Fwp%2Fv2%2Fmedia&parent=17979"}],"wp:term":[{"taxonomy":"category","embeddable":true,"href":"https:\/\/diariotribuna.com.br\/index.php?rest_route=%2Fwp%2Fv2%2Fcategories&post=17979"},{"taxonomy":"post_tag","embeddable":true,"href":"https:\/\/diariotribuna.com.br\/index.php?rest_route=%2Fwp%2Fv2%2Ftags&post=17979"}],"curies":[{"name":"wp","href":"https:\/\/api.w.org\/{rel}","templated":true}]}}