{"id":17987,"date":"2022-12-25T23:48:45","date_gmt":"2022-12-26T02:48:45","guid":{"rendered":"https:\/\/diariotribuna.com.br\/?p=17987"},"modified":"2022-12-27T23:29:54","modified_gmt":"2022-12-28T02:29:54","slug":"as-fortes-chuvas-continuam-causando-estragos-na-br-367-no-baixo-jequitinhonha","status":"publish","type":"post","link":"https:\/\/diariotribuna.com.br\/?p=17987","title":{"rendered":"<strong>As fortes chuvas continuam causando estragos na BR 367, no baixo Jequitinhonha<\/strong>"},"content":{"rendered":"\n<figure class=\"wp-block-gallery has-nested-images columns-default is-cropped wp-block-gallery-1 is-layout-flex wp-block-gallery-is-layout-flex\">\n<figure class=\"wp-block-image size-large is-style-default\"><img loading=\"lazy\" decoding=\"async\" width=\"600\" height=\"331\" data-id=\"17990\" src=\"https:\/\/diariotribuna.com.br\/wp-content\/uploads\/2022\/12\/11811986-d10b-419d-89ea-8d960e13f598-1.jpg\" alt=\"\" class=\"wp-image-17990\" srcset=\"https:\/\/diariotribuna.com.br\/wp-content\/uploads\/2022\/12\/11811986-d10b-419d-89ea-8d960e13f598-1.jpg 600w, https:\/\/diariotribuna.com.br\/wp-content\/uploads\/2022\/12\/11811986-d10b-419d-89ea-8d960e13f598-1-300x166.jpg 300w\" sizes=\"(max-width: 600px) 100vw, 600px\" \/><\/figure>\n\n\n\n<figure class=\"wp-block-image size-large is-style-default\"><img loading=\"lazy\" decoding=\"async\" width=\"600\" height=\"383\" data-id=\"17988\" src=\"https:\/\/diariotribuna.com.br\/wp-content\/uploads\/2022\/12\/80ae138c-0aad-4b67-9c88-5691cf5a18b2.jpg\" alt=\"\" class=\"wp-image-17988\" srcset=\"https:\/\/diariotribuna.com.br\/wp-content\/uploads\/2022\/12\/80ae138c-0aad-4b67-9c88-5691cf5a18b2.jpg 600w, https:\/\/diariotribuna.com.br\/wp-content\/uploads\/2022\/12\/80ae138c-0aad-4b67-9c88-5691cf5a18b2-300x192.jpg 300w\" sizes=\"(max-width: 600px) 100vw, 600px\" \/><\/figure>\n<\/figure>\n\n\n\n<p>As chuvas que atingiram a regi\u00e3o do baixo Jequitinhonha nos munic\u00edpios de Almenara, Salto da Divisa e Jacinto na sexta-feira (23\/12), causaram mais estragos e interdi\u00e7\u00f5es da Rodovia BR 367, uma importante rodovia, com alto tr\u00e1fego de ve\u00edculos, que liga o estado mineiro ao litoral baiano, em especial \u00e0 cidade praiana de Porto Seguro.<\/p>\n\n\n\n<p>Em raz\u00e3o das chuvas, no trecho entre a cidade de Almenara e Jacinto, precisamente no km 86 da BR 367, houve um transbordamento de um rio, causando inunda\u00e7\u00e3o, ficando o tr\u00e1fego de ve\u00edculos interditado de forma total. No in\u00edcio da tarde, apenas ve\u00edculos maiores conseguiam passar pelo local. N\u00e3o h\u00e1 desvio alternativo e a libera\u00e7\u00e3o da via se dar\u00e1 com as tr\u00e9guas nas chuvas e a baixa do n\u00edvel da \u00e1gua do rio.<\/p>\n\n\n\n<p>J\u00e1 no Km 03 da BR 367, trecho que liga o munic\u00edpio de jacinto \u00e0 Salto da Divisa, houve a eros\u00e3o da terra na cabeceira de uma ponte, trazendo riscos de desmoronamento, motivo pelo qual foi feito o bloqueio total da via, nos dois sentidos. Funcion\u00e1rios de uma empresa privada e tamb\u00e9m da prefeitura municipal de Salto da Divisa estiveram no local avaliando os danos e reparo da estrutura da ponte.<\/p>\n\n\n\n<p>\u201cReiteramos que as chuvas das \u00faltimas semanas v\u00eam causando estragos e transtornos, principalmente na rodovia BR 367. Orientamos os condutores, que, no planejamento de suas viagens se informem sobre as condi\u00e7\u00f5es das rodovias que fazem parte de seu trajeto, para n\u00e3o ter o aborrecimento ou at\u00e9 mesmo correr riscos desnecess\u00e1rios face as condi\u00e7\u00f5es clim\u00e1ticas e eventos de inunda\u00e7\u00f5es, quedas de barreiras, desmoronamentos de terras, dentre outros que vem ocorrendo\u201d, disse o tenente C\u00e9sar Vitorino. Para maiores informa\u00e7\u00f5es os usu\u00e1rios das vias podem ligar para o 190. (Informa\u00e7\u00f5es\/Fotos: tenente C\u00e9sar Vitorino, comandante 2\u00ba Pel\/ 15\u00aa Cia PMRv).<\/p>\n","protected":false},"excerpt":{"rendered":"<p>As chuvas que atingiram a regi\u00e3o do baixo Jequitinhonha nos munic\u00edpios de Almenara, Salto da Divisa e Jacinto na sexta-feira (23\/12), causaram mais estragos e interdi\u00e7\u00f5es da Rodovia BR 367, uma importante rodovia, com alto tr\u00e1fego de ve\u00edculos, que liga o estado mineiro ao litoral baiano, em especial \u00e0 cidade praiana de Porto Seguro. Em [&hellip;]<\/p>\n","protected":false},"author":1,"featured_media":17988,"comment_status":"open","ping_status":"open","sticky":false,"template":"","format":"standard","meta":{"rop_custom_images_group":[],"rop_custom_messages_group":[],"rop_publish_now":"initial","rop_publish_now_accounts":[],"rop_publish_now_history":[],"rop_publish_now_status":"pending","footnotes":""},"categories":[18],"tags":[5004,1953,5022,1030,5021],"class_list":["post-17987","post","type-post","status-publish","format-standard","has-post-thumbnail","hentry","category-regiao","tag-baixo-jequitinhonha","tag-chuvas","tag-estragos","tag-policia-militar-rodoviaria","tag-rodovia-367"],"_links":{"self":[{"href":"https:\/\/diariotribuna.com.br\/index.php?rest_route=\/wp\/v2\/posts\/17987"}],"collection":[{"href":"https:\/\/diariotribuna.com.br\/index.php?rest_route=\/wp\/v2\/posts"}],"about":[{"href":"https:\/\/diariotribuna.com.br\/index.php?rest_route=\/wp\/v2\/types\/post"}],"author":[{"embeddable":true,"href":"https:\/\/diariotribuna.com.br\/index.php?rest_route=\/wp\/v2\/users\/1"}],"replies":[{"embeddable":true,"href":"https:\/\/diariotribuna.com.br\/index.php?rest_route=%2Fwp%2Fv2%2Fcomments&post=17987"}],"version-history":[{"count":1,"href":"https:\/\/diariotribuna.com.br\/index.php?rest_route=\/wp\/v2\/posts\/17987\/revisions"}],"predecessor-version":[{"id":17991,"href":"https:\/\/diariotribuna.com.br\/index.php?rest_route=\/wp\/v2\/posts\/17987\/revisions\/17991"}],"wp:featuredmedia":[{"embeddable":true,"href":"https:\/\/diariotribuna.com.br\/index.php?rest_route=\/wp\/v2\/media\/17988"}],"wp:attachment":[{"href":"https:\/\/diariotribuna.com.br\/index.php?rest_route=%2Fwp%2Fv2%2Fmedia&parent=17987"}],"wp:term":[{"taxonomy":"category","embeddable":true,"href":"https:\/\/diariotribuna.com.br\/index.php?rest_route=%2Fwp%2Fv2%2Fcategories&post=17987"},{"taxonomy":"post_tag","embeddable":true,"href":"https:\/\/diariotribuna.com.br\/index.php?rest_route=%2Fwp%2Fv2%2Ftags&post=17987"}],"curies":[{"name":"wp","href":"https:\/\/api.w.org\/{rel}","templated":true}]}}