{"id":17992,"date":"2022-12-25T23:58:01","date_gmt":"2022-12-26T02:58:01","guid":{"rendered":"https:\/\/diariotribuna.com.br\/?p=17992"},"modified":"2022-12-27T14:19:24","modified_gmt":"2022-12-27T17:19:24","slug":"ima-abre-consulta-publica-sobre-controle-sanitario-de-eventos-pecuarios","status":"publish","type":"post","link":"https:\/\/diariotribuna.com.br\/?p=17992","title":{"rendered":"<strong>IMA abre consulta p\u00fablica sobre controle sanit\u00e1rio de eventos pecu\u00e1rios<\/strong>"},"content":{"rendered":"\n<p><strong><em>Promotores, leiloeiras, produtores rurais, m\u00e9dicos veterin\u00e1rios, cooperativas, sindicatos, entidades de classe, agroind\u00fastrias e toda a sociedade civil podem participar at\u00e9 28 de dezembro<\/em><\/strong><\/p>\n\n\n\n<figure class=\"wp-block-image size-full is-resized is-style-default\"><img loading=\"lazy\" decoding=\"async\" src=\"https:\/\/diariotribuna.com.br\/wp-content\/uploads\/2022\/12\/4ac0e937-8c6e-48c7-9697-4eff1797fae4.jpg\" alt=\"\" class=\"wp-image-17993\" width=\"413\" height=\"384\" srcset=\"https:\/\/diariotribuna.com.br\/wp-content\/uploads\/2022\/12\/4ac0e937-8c6e-48c7-9697-4eff1797fae4.jpg 700w, https:\/\/diariotribuna.com.br\/wp-content\/uploads\/2022\/12\/4ac0e937-8c6e-48c7-9697-4eff1797fae4-300x278.jpg 300w, https:\/\/diariotribuna.com.br\/wp-content\/uploads\/2022\/12\/4ac0e937-8c6e-48c7-9697-4eff1797fae4-696x645.jpg 696w, https:\/\/diariotribuna.com.br\/wp-content\/uploads\/2022\/12\/4ac0e937-8c6e-48c7-9697-4eff1797fae4-453x420.jpg 453w\" sizes=\"(max-width: 413px) 100vw, 413px\" \/><\/figure>\n\n\n\n<p>O Instituto Mineiro de Agropecu\u00e1ria (IMA), vinculado \u00e0 Secretaria de Agricultura, Pecu\u00e1ria e Abastecimento (Seapa), abriu consulta p\u00fablica sobre procedimentos para registro e defini\u00e7\u00e3o de crit\u00e9rios de funcionamento e obriga\u00e7\u00f5es para entidades promotoras, eventos pecu\u00e1rios, m\u00e9dicos veterin\u00e1rios respons\u00e1veis t\u00e9cnicos e produtores para controle sanit\u00e1rio de eventos pecu\u00e1rios. Podem participar promotores, leiloeiras, produtores rurais, m\u00e9dicos veterin\u00e1rios, cooperativas, sindicatos, entidades de classe, agroind\u00fastrias e toda a sociedade civil. A iniciativa \u00e9 da Comiss\u00e3o Permanente de An\u00e1lise e Revis\u00e3o de Atos Normativos (CPAR), que visa simplificar os neg\u00f3cios e estimular o empreendedorismo sem burocracia.<\/p>\n\n\n\n<p>De acordo com o coordenador da CPAR, Miguel Silva, esta consulta p\u00fablica tem o objetivo de revisar a normatiza\u00e7\u00e3o de eventos pecu\u00e1rios no \u00e2mbito do IMA. \u201cVai de encontro \u00e0 moderniza\u00e7\u00e3o dos atos regulamenta\u00e7\u00e3o e adequa\u00e7\u00e3o \u00e0s modernas pr\u00e1ticas adotadas no controle sanit\u00e1rio do rebanho participante do evento pecu\u00e1rio, bem como a simplifica\u00e7\u00e3o das normas e diretrizes que envolvem o cadastro do respectivo evento pecu\u00e1rio no IMA, al\u00e9m da transpar\u00eancia dos requisitos necess\u00e1rios \u00e0 regulariza\u00e7\u00e3o da empresa promotora de eventos e dos m\u00e9dicos veterin\u00e1rios cadastrados para a responsabiliza\u00e7\u00e3o t\u00e9cnica\u201d, detalha.<\/p>\n\n\n\n<p>Silva acrescenta que consultas p\u00fablicas s\u00e3o ferramentas que estimulam a participa\u00e7\u00e3o da sociedade no processo de elabora\u00e7\u00e3o de atos de compet\u00eancia do Estado, de forma a propiciar mais democratiza\u00e7\u00e3o, transpar\u00eancia e publicidade das normas e a\u00e7\u00f5es governamentais. \u201cA iniciativa proposta pela ferramenta assegura mais legitimidade e qualidade \u00e0 atua\u00e7\u00e3o da administra\u00e7\u00e3o p\u00fablica. Por meio dela, o interessado poder\u00e1 opinar, criticar e dar sugest\u00f5es para que a atua\u00e7\u00e3o do poder p\u00fablico v\u00e1 ao encontro dos melhores anseios da sociedade\u201d, opina.<\/p>\n\n\n\n<p><strong>CPAR &#8211;<\/strong> Criada em 2020 no IMA, a CPAR melhora os atos normativos da defesa agropecu\u00e1ria, promovendo a implanta\u00e7\u00e3o de boas pr\u00e1ticas no processo de produ\u00e7\u00e3o e revis\u00e3o desses atos, incluindo a participa\u00e7\u00e3o de todos os elos da cadeia produtiva. Foram revogados diversos atos normativos, dentre portarias, instru\u00e7\u00f5es de servi\u00e7o e memorandos circular obsoletos, controlados e fomentados pela Secretaria de Estado de Desenvolvimento Econ\u00f4mico (Sede) por meio do programa intitulado &#8220;revoga\u00e7o&#8221;. (Instituto Mineiro de Agropecu\u00e1ria\/ Assessoria de Comunica\u00e7\u00e3o Social\/ Jornalista respons\u00e1vel: Rodolpho S\u00e9los).<\/p>\n","protected":false},"excerpt":{"rendered":"<p>Promotores, leiloeiras, produtores rurais, m\u00e9dicos veterin\u00e1rios, cooperativas, sindicatos, entidades de classe, agroind\u00fastrias e toda a sociedade civil podem participar at\u00e9 28 de dezembro O Instituto Mineiro de Agropecu\u00e1ria (IMA), vinculado \u00e0 Secretaria de Agricultura, Pecu\u00e1ria e Abastecimento (Seapa), abriu consulta p\u00fablica sobre procedimentos para registro e defini\u00e7\u00e3o de crit\u00e9rios de funcionamento e obriga\u00e7\u00f5es para entidades [&hellip;]<\/p>\n","protected":false},"author":1,"featured_media":17993,"comment_status":"open","ping_status":"open","sticky":false,"template":"","format":"standard","meta":{"rop_custom_images_group":[],"rop_custom_messages_group":[],"rop_publish_now":"initial","rop_publish_now_accounts":[],"rop_publish_now_history":[],"rop_publish_now_status":"pending","footnotes":""},"categories":[19],"tags":[5023,5024,5025,50,91],"class_list":["post-17992","post","type-post","status-publish","format-standard","has-post-thumbnail","hentry","category-gerais","tag-consulta-publica","tag-controle-sanitario","tag-eventos-pecuarios","tag-ima","tag-minas"],"_links":{"self":[{"href":"https:\/\/diariotribuna.com.br\/index.php?rest_route=\/wp\/v2\/posts\/17992"}],"collection":[{"href":"https:\/\/diariotribuna.com.br\/index.php?rest_route=\/wp\/v2\/posts"}],"about":[{"href":"https:\/\/diariotribuna.com.br\/index.php?rest_route=\/wp\/v2\/types\/post"}],"author":[{"embeddable":true,"href":"https:\/\/diariotribuna.com.br\/index.php?rest_route=\/wp\/v2\/users\/1"}],"replies":[{"embeddable":true,"href":"https:\/\/diariotribuna.com.br\/index.php?rest_route=%2Fwp%2Fv2%2Fcomments&post=17992"}],"version-history":[{"count":1,"href":"https:\/\/diariotribuna.com.br\/index.php?rest_route=\/wp\/v2\/posts\/17992\/revisions"}],"predecessor-version":[{"id":17994,"href":"https:\/\/diariotribuna.com.br\/index.php?rest_route=\/wp\/v2\/posts\/17992\/revisions\/17994"}],"wp:featuredmedia":[{"embeddable":true,"href":"https:\/\/diariotribuna.com.br\/index.php?rest_route=\/wp\/v2\/media\/17993"}],"wp:attachment":[{"href":"https:\/\/diariotribuna.com.br\/index.php?rest_route=%2Fwp%2Fv2%2Fmedia&parent=17992"}],"wp:term":[{"taxonomy":"category","embeddable":true,"href":"https:\/\/diariotribuna.com.br\/index.php?rest_route=%2Fwp%2Fv2%2Fcategories&post=17992"},{"taxonomy":"post_tag","embeddable":true,"href":"https:\/\/diariotribuna.com.br\/index.php?rest_route=%2Fwp%2Fv2%2Ftags&post=17992"}],"curies":[{"name":"wp","href":"https:\/\/api.w.org\/{rel}","templated":true}]}}