{"id":18049,"date":"2023-01-01T01:44:02","date_gmt":"2023-01-01T04:44:02","guid":{"rendered":"https:\/\/diariotribuna.com.br\/?p=18049"},"modified":"2023-01-01T21:12:37","modified_gmt":"2023-01-02T00:12:37","slug":"pm-prende-dupla-e-apreende-quase-01-quilo-de-cocaina-em-almenara","status":"publish","type":"post","link":"https:\/\/diariotribuna.com.br\/?p=18049","title":{"rendered":"PM prende dupla e apreende quase 01 quilo de coca\u00edna em Almenara"},"content":{"rendered":"\n<figure class=\"wp-block-image size-full is-resized is-style-default\"><img loading=\"lazy\" decoding=\"async\" src=\"https:\/\/diariotribuna.com.br\/wp-content\/uploads\/2023\/01\/61c54e78-b130-4ce2-ba99-03ec49c333b0-Copia.jpg\" alt=\"\" class=\"wp-image-18050\" width=\"522\" height=\"367\" srcset=\"https:\/\/diariotribuna.com.br\/wp-content\/uploads\/2023\/01\/61c54e78-b130-4ce2-ba99-03ec49c333b0-Copia.jpg 700w, https:\/\/diariotribuna.com.br\/wp-content\/uploads\/2023\/01\/61c54e78-b130-4ce2-ba99-03ec49c333b0-Copia-300x211.jpg 300w, https:\/\/diariotribuna.com.br\/wp-content\/uploads\/2023\/01\/61c54e78-b130-4ce2-ba99-03ec49c333b0-Copia-100x70.jpg 100w, https:\/\/diariotribuna.com.br\/wp-content\/uploads\/2023\/01\/61c54e78-b130-4ce2-ba99-03ec49c333b0-Copia-696x489.jpg 696w, https:\/\/diariotribuna.com.br\/wp-content\/uploads\/2023\/01\/61c54e78-b130-4ce2-ba99-03ec49c333b0-Copia-598x420.jpg 598w\" sizes=\"(max-width: 522px) 100vw, 522px\" \/><\/figure>\n\n\n\n<p>A Pol\u00edcia Militar deflagrou uma opera\u00e7\u00e3o, na sexta-feira (30\/12), na cidade de Almenara, no Vale do Jequitinhonha, que resultou na apreens\u00e3o de mais de 800grs de pasta base de coca\u00edna. Um rapaz de 18 anos foi preso e um adolescente de 16, foi apreendido. Segundo a PM, eles s\u00e3o suspeitos de estarem associados a outras pessoas para a pr\u00e1tica do tr\u00e1fico de drogas no Bairro Pedro Gomes.<\/p>\n\n\n\n<p>A PM ainda apreendeu mais de R$300,00 em dinheiro, uma por\u00e7\u00e3o de maconha, uma r\u00e9plica de arma de fogo e uma planta de cannabis sativa (maconha), sendo cultivada por um dos envolvidos. A opera\u00e7\u00e3o foi desencadeada por policiais militares do T\u00e1tico M\u00f3vel do 44\u00ba Batalh\u00e3o de Pol\u00edcia Militar.<\/p>\n\n\n\n<p>A atua\u00e7\u00e3o policial teve in\u00edcio ap\u00f3s o recebimento de den\u00fancias informando sobre suposto consumo e tr\u00e1fico de drogas em uma rua do Bairro Pedro Gomes. Os envolvidos e os materiais apreendidos foram encaminhados para a delegacia de Pol\u00edcia Civil em Almenara, para medidas pertinentes \u00e0 pol\u00edcia judici\u00e1ria. (Informa\u00e7\u00f5es\/Foto: assessoria de comunica\u00e7\u00e3o do 44\u00ba BPM\/Almenara).<\/p>\n","protected":false},"excerpt":{"rendered":"<p>A Pol\u00edcia Militar deflagrou uma opera\u00e7\u00e3o, na sexta-feira (30\/12), na cidade de Almenara, no Vale do Jequitinhonha, que resultou na apreens\u00e3o de mais de 800grs de pasta base de coca\u00edna. Um rapaz de 18 anos foi preso e um adolescente de 16, foi apreendido. Segundo a PM, eles s\u00e3o suspeitos de estarem associados a outras [&hellip;]<\/p>\n","protected":false},"author":1,"featured_media":18050,"comment_status":"open","ping_status":"open","sticky":false,"template":"","format":"standard","meta":{"rop_custom_images_group":[],"rop_custom_messages_group":[],"rop_publish_now":"initial","rop_publish_now_accounts":[],"rop_publish_now_history":[],"rop_publish_now_status":"pending","footnotes":""},"categories":[20],"tags":[110,5034,76,1178,739],"class_list":["post-18049","post","type-post","status-publish","format-standard","has-post-thumbnail","hentry","category-policia","tag-almenara","tag-dupla-presa","tag-policia-militar","tag-tatico-movel","tag-trafico-de-drogas"],"_links":{"self":[{"href":"https:\/\/diariotribuna.com.br\/index.php?rest_route=\/wp\/v2\/posts\/18049"}],"collection":[{"href":"https:\/\/diariotribuna.com.br\/index.php?rest_route=\/wp\/v2\/posts"}],"about":[{"href":"https:\/\/diariotribuna.com.br\/index.php?rest_route=\/wp\/v2\/types\/post"}],"author":[{"embeddable":true,"href":"https:\/\/diariotribuna.com.br\/index.php?rest_route=\/wp\/v2\/users\/1"}],"replies":[{"embeddable":true,"href":"https:\/\/diariotribuna.com.br\/index.php?rest_route=%2Fwp%2Fv2%2Fcomments&post=18049"}],"version-history":[{"count":1,"href":"https:\/\/diariotribuna.com.br\/index.php?rest_route=\/wp\/v2\/posts\/18049\/revisions"}],"predecessor-version":[{"id":18051,"href":"https:\/\/diariotribuna.com.br\/index.php?rest_route=\/wp\/v2\/posts\/18049\/revisions\/18051"}],"wp:featuredmedia":[{"embeddable":true,"href":"https:\/\/diariotribuna.com.br\/index.php?rest_route=\/wp\/v2\/media\/18050"}],"wp:attachment":[{"href":"https:\/\/diariotribuna.com.br\/index.php?rest_route=%2Fwp%2Fv2%2Fmedia&parent=18049"}],"wp:term":[{"taxonomy":"category","embeddable":true,"href":"https:\/\/diariotribuna.com.br\/index.php?rest_route=%2Fwp%2Fv2%2Fcategories&post=18049"},{"taxonomy":"post_tag","embeddable":true,"href":"https:\/\/diariotribuna.com.br\/index.php?rest_route=%2Fwp%2Fv2%2Ftags&post=18049"}],"curies":[{"name":"wp","href":"https:\/\/api.w.org\/{rel}","templated":true}]}}