{"id":18052,"date":"2023-01-01T15:22:51","date_gmt":"2023-01-01T18:22:51","guid":{"rendered":"https:\/\/diariotribuna.com.br\/?p=18052"},"modified":"2023-01-01T15:29:23","modified_gmt":"2023-01-01T18:29:23","slug":"policia-civil-prende-falso-pai-de-santo-suspeito-de-estuprar-duas-irmas-em-itaobim","status":"publish","type":"post","link":"https:\/\/diariotribuna.com.br\/?p=18052","title":{"rendered":"<strong>Pol\u00edcia Civil prende falso pai de santo suspeito de estuprar duas irm\u00e3s em Itaobim<\/strong>"},"content":{"rendered":"\n<figure class=\"wp-block-image size-full is-resized is-style-default\"><img loading=\"lazy\" decoding=\"async\" src=\"https:\/\/diariotribuna.com.br\/wp-content\/uploads\/2023\/01\/4ac0e937-8c6e-48c7-9697-4eff1797fae4.jpg\" alt=\"\" class=\"wp-image-18053\" width=\"449\" height=\"295\" srcset=\"https:\/\/diariotribuna.com.br\/wp-content\/uploads\/2023\/01\/4ac0e937-8c6e-48c7-9697-4eff1797fae4.jpg 700w, https:\/\/diariotribuna.com.br\/wp-content\/uploads\/2023\/01\/4ac0e937-8c6e-48c7-9697-4eff1797fae4-300x197.jpg 300w, https:\/\/diariotribuna.com.br\/wp-content\/uploads\/2023\/01\/4ac0e937-8c6e-48c7-9697-4eff1797fae4-696x456.jpg 696w, https:\/\/diariotribuna.com.br\/wp-content\/uploads\/2023\/01\/4ac0e937-8c6e-48c7-9697-4eff1797fae4-641x420.jpg 641w\" sizes=\"(max-width: 449px) 100vw, 449px\" \/><\/figure>\n\n\n\n<p>A Pol\u00edcia Civil de Minas Gerais, com apoio da Pol\u00edcia Militar, cumpriu mandado de pris\u00e3o preventiva, na sexta-feira (30\/12), na cidade de Itaobim, no Vale do Jequitinhonha, contra um homem, de 41 anos, investigado por estupro. O suspeito, que se apresentava como pai de santo, foi preso ao chegar na cidade mineira, ap\u00f3s retornar do estado da Bahia, onde estava se escondendo.<\/p>\n\n\n\n<p>As investiga\u00e7\u00f5es tiveram in\u00edcio em julho deste ano, quando chegaram ao conhecimento da Pol\u00edcia Civil de Minas as primeiras informa\u00e7\u00f5es de que o investigado, ao oferecer ajuda espiritual \u00e0 fam\u00edlia das v\u00edtimas &#8211; duas irm\u00e3s, de 18 e 20 anos &#8211; teria praticado o crime. Em decorr\u00eancia dos abusos, uma delas ficou gr\u00e1vida.<\/p>\n\n\n\n<p>De acordo com a delegada respons\u00e1vel pelo trabalho investigativo, Gabriela Andrade, ap\u00f3s os fatos, o suspeito fugiu da cidade. \u201cMesmo a dist\u00e2ncia, ele continuava em contato com familiares das v\u00edtimas, enviando \u00e1udios amea\u00e7adores e em tom de intimida\u00e7\u00e3o, fazendo refer\u00eancia ao beb\u00ea que estava para nascer, insinuando que iria processar as v\u00edtimas, e que queria se casar com aquela que teria engravidado\u201d, conta.<\/p>\n\n\n\n<p><strong>Investiga\u00e7\u00f5es &#8211;<\/strong> Gabriela Andrade informa que, al\u00e9m das oitivas realizadas e demais procedimentos pertinentes \u00e0 apura\u00e7\u00e3o, foi juntado ao inqu\u00e9rito policial documenta\u00e7\u00e3o expedida pela unidade de sa\u00fade na qual as v\u00edtimas foram atendidas, apontando o estado cl\u00ednico e psicol\u00f3gico das jovens, \u201cque se mostraram profundamente abaladas\u201d, observa a delegada ao completar que, em virtude dos elementos colhidos, a PCMG representou \u00e0 Justi\u00e7a pela pris\u00e3o preventiva do investigado.<\/p>\n\n\n\n<p>Durante os levantamentos acerca do paradeiro do suspeito, a equipe obteve a informa\u00e7\u00e3o de que ele teria retornado \u00e0 Bahia, de onde \u00e9 natural, e que voltaria a Minas Gerais, considerando o interesse afetivo por uma das v\u00edtimas. Ao chegar em Itaobim, o investigado foi abordado pelos policiais e preso. O inqu\u00e9rito policial est\u00e1 em fase de conclus\u00e3o e ser\u00e1 remetido \u00e0 Justi\u00e7a nos pr\u00f3ximos dias. (Informa\u00e7\u00f5es\/Foto: assessoria de comunica\u00e7\u00e3o\/ PCMG).<\/p>\n","protected":false},"excerpt":{"rendered":"<p>A Pol\u00edcia Civil de Minas Gerais, com apoio da Pol\u00edcia Militar, cumpriu mandado de pris\u00e3o preventiva, na sexta-feira (30\/12), na cidade de Itaobim, no Vale do Jequitinhonha, contra um homem, de 41 anos, investigado por estupro. O suspeito, que se apresentava como pai de santo, foi preso ao chegar na cidade mineira, ap\u00f3s retornar do [&hellip;]<\/p>\n","protected":false},"author":1,"featured_media":18053,"comment_status":"open","ping_status":"open","sticky":false,"template":"","format":"standard","meta":{"rop_custom_images_group":[],"rop_custom_messages_group":[],"rop_publish_now":"initial","rop_publish_now_accounts":[],"rop_publish_now_history":[],"rop_publish_now_status":"pending","footnotes":""},"categories":[25,20],"tags":[1086,5035,387,292,76,649],"class_list":["post-18052","post","type-post","status-publish","format-standard","has-post-thumbnail","hentry","category-destaque","category-policia","tag-estupro","tag-falso-pai-de-santo","tag-itaobim","tag-policia-civil","tag-policia-militar","tag-prisao"],"_links":{"self":[{"href":"https:\/\/diariotribuna.com.br\/index.php?rest_route=\/wp\/v2\/posts\/18052"}],"collection":[{"href":"https:\/\/diariotribuna.com.br\/index.php?rest_route=\/wp\/v2\/posts"}],"about":[{"href":"https:\/\/diariotribuna.com.br\/index.php?rest_route=\/wp\/v2\/types\/post"}],"author":[{"embeddable":true,"href":"https:\/\/diariotribuna.com.br\/index.php?rest_route=\/wp\/v2\/users\/1"}],"replies":[{"embeddable":true,"href":"https:\/\/diariotribuna.com.br\/index.php?rest_route=%2Fwp%2Fv2%2Fcomments&post=18052"}],"version-history":[{"count":2,"href":"https:\/\/diariotribuna.com.br\/index.php?rest_route=\/wp\/v2\/posts\/18052\/revisions"}],"predecessor-version":[{"id":18055,"href":"https:\/\/diariotribuna.com.br\/index.php?rest_route=\/wp\/v2\/posts\/18052\/revisions\/18055"}],"wp:featuredmedia":[{"embeddable":true,"href":"https:\/\/diariotribuna.com.br\/index.php?rest_route=\/wp\/v2\/media\/18053"}],"wp:attachment":[{"href":"https:\/\/diariotribuna.com.br\/index.php?rest_route=%2Fwp%2Fv2%2Fmedia&parent=18052"}],"wp:term":[{"taxonomy":"category","embeddable":true,"href":"https:\/\/diariotribuna.com.br\/index.php?rest_route=%2Fwp%2Fv2%2Fcategories&post=18052"},{"taxonomy":"post_tag","embeddable":true,"href":"https:\/\/diariotribuna.com.br\/index.php?rest_route=%2Fwp%2Fv2%2Ftags&post=18052"}],"curies":[{"name":"wp","href":"https:\/\/api.w.org\/{rel}","templated":true}]}}