{"id":18056,"date":"2023-01-01T21:06:02","date_gmt":"2023-01-02T00:06:02","guid":{"rendered":"https:\/\/diariotribuna.com.br\/?p=18056"},"modified":"2023-01-02T23:55:56","modified_gmt":"2023-01-03T02:55:56","slug":"rodrigo-pacheco-afirma-que-lula-deve-unir-o-pais-e-promover-mudancas-estruturais","status":"publish","type":"post","link":"https:\/\/diariotribuna.com.br\/?p=18056","title":{"rendered":"Rodrigo Pacheco afirma que Lula deve unir o pa\u00eds e promover mudan\u00e7as estruturais"},"content":{"rendered":"\n<figure class=\"wp-block-image size-full is-resized is-style-default\"><img loading=\"lazy\" decoding=\"async\" src=\"https:\/\/diariotribuna.com.br\/wp-content\/uploads\/2023\/01\/85035ce0-4443-43a5-9837-3421bbbd3213.jpg\" alt=\"\" class=\"wp-image-18057\" width=\"504\" height=\"333\" srcset=\"https:\/\/diariotribuna.com.br\/wp-content\/uploads\/2023\/01\/85035ce0-4443-43a5-9837-3421bbbd3213.jpg 700w, https:\/\/diariotribuna.com.br\/wp-content\/uploads\/2023\/01\/85035ce0-4443-43a5-9837-3421bbbd3213-300x198.jpg 300w, https:\/\/diariotribuna.com.br\/wp-content\/uploads\/2023\/01\/85035ce0-4443-43a5-9837-3421bbbd3213-696x460.jpg 696w, https:\/\/diariotribuna.com.br\/wp-content\/uploads\/2023\/01\/85035ce0-4443-43a5-9837-3421bbbd3213-635x420.jpg 635w\" sizes=\"(max-width: 504px) 100vw, 504px\" \/><\/figure>\n\n\n\n<p><strong>Bras\u00edlia \u2013<\/strong> O presidente do Congresso Nacional, senador Rodrigo Pacheco (PSD-MG), afirmou, neste domingo (1\u00ba), que o presidente Lu\u00eds In\u00e1cio Lula da Silva precisar\u00e1 unificar um \u201cBrasil polarizado\u201d, al\u00e9m de promover mudan\u00e7as estruturais que garantam compromissos sociais associados \u00e0 responsabilidade fiscal. Ao dar posse a Lula e ao vice-presidente Geraldo Alckmin, no Plen\u00e1rio do Congresso Nacional, Pacheco ressaltou a necessidade de o Executivo realizar reestrutura\u00e7\u00f5es em diversas \u00e1reas, mas contando com a coopera\u00e7\u00e3o de um parlamento \u201cprogressista e reformista\u201d.<\/p>\n\n\n\n<p>\u201cUnir o pa\u00eds em prol de um objetivo comum \u00e9 imperativo e urgente. Reconciliar os brasileiros que discordaram sobre os rumos do pa\u00eds, incentivar atos de generosidade, desencorajar o revanchismo, coibir com absoluto rigor atos de viol\u00eancia, restabelecer a verdade, fortalecer a liberdade de imprensa, honrar a Constitui\u00e7\u00e3o Federal e venerar a democracia\u201d, declarou Pacheco.<\/p>\n\n\n\n<p>O senador ressaltou que o novo governo federal precisar\u00e1 fazer mudan\u00e7as estruturais, com \u00eanfase para a reforma tribut\u00e1ria e cria\u00e7\u00e3o de um novo arcabou\u00e7o fiscal. \u201cN\u00f3s temos um sistema de arrecada\u00e7\u00e3o que precisa ser desburocratizado e simplificado para permitir mais justi\u00e7a social\u201d, disse. Pacheco citou ainda a necessidade de reformula\u00e7\u00f5es em \u00e1reas distintas como a fiscal, a ambiental, a educa\u00e7\u00e3o, al\u00e9m da economia, da infraestrutura e da cultura.<\/p>\n\n\n\n<p>O presidente do Senado destacou, como exemplo, a necessidade de aten\u00e7\u00e3o \u00e0 pauta ambiental, em raz\u00e3o de alertas em rela\u00e7\u00e3o \u00e0s mudan\u00e7as clim\u00e1ticas. \u201cEste problema n\u00e3o pode ser negado. Ao contr\u00e1rio, deve ser assumido e enfrentado. Para al\u00e9m da recupera\u00e7\u00e3o da imagem do Brasil perante o mundo, refor\u00e7ar o compromisso nacional com pr\u00e1ticas sustent\u00e1veis \u00e9 uma grande oportunidade rumo \u00e0 economia verde\u201d, ponderou.<\/p>\n\n\n\n<p><strong>Congresso &#8211;<\/strong> Rodrigo Pacheco afirmou que a rela\u00e7\u00e3o do Congresso com o Executivo tende a ser de coopera\u00e7\u00e3o por meio de um \u2018parlamento progressista e reformista\u201d que, segundo Pacheco, aprovou leis importantes no intuito de \u201cver o Brasil atingir o m\u00e1ximo de seu potencial, com um arcabou\u00e7o legal que garanta seguran\u00e7a jur\u00eddica ao mesmo tempo em que viabilize seu desenvolvimento\u201d. \u201cNeste momento solene, em que os tr\u00eas Poderes da Rep\u00fablica se encontram reunidos neste Congresso, em harmonia e em equil\u00edbrio, quero concluir reafirmando nosso compromisso imperturb\u00e1vel com a democracia e suas institui\u00e7\u00f5es\u201d, destacou.<\/p>\n\n\n\n<p>Nesse sentido, Rodrigo Pacheco relembrou ainda que, nas elei\u00e7\u00f5es deste ano, a democracia foi testada, mas defendida pelas institui\u00e7\u00f5es brasileiras. \u201cAs institui\u00e7\u00f5es foram capazes de garantir a vontade da soberania popular, que se manifestou por meio dos votos no processo eleitoral, e resultou na escolha majorit\u00e1ria da frente ampla defendida pela chapa vitoriosa\u201d, afirmou.<\/p>\n","protected":false},"excerpt":{"rendered":"<p>Bras\u00edlia \u2013 O presidente do Congresso Nacional, senador Rodrigo Pacheco (PSD-MG), afirmou, neste domingo (1\u00ba), que o presidente Lu\u00eds In\u00e1cio Lula da Silva precisar\u00e1 unificar um \u201cBrasil polarizado\u201d, al\u00e9m de promover mudan\u00e7as estruturais que garantam compromissos sociais associados \u00e0 responsabilidade fiscal. Ao dar posse a Lula e ao vice-presidente Geraldo Alckmin, no Plen\u00e1rio do Congresso [&hellip;]<\/p>\n","protected":false},"author":1,"featured_media":18057,"comment_status":"open","ping_status":"open","sticky":false,"template":"","format":"standard","meta":{"rop_custom_images_group":[],"rop_custom_messages_group":[],"rop_publish_now":"initial","rop_publish_now_accounts":[],"rop_publish_now_history":[],"rop_publish_now_status":"pending","footnotes":""},"categories":[21],"tags":[5038,5036,585,584,5037],"class_list":["post-18056","post","type-post","status-publish","format-standard","has-post-thumbnail","hentry","category-politica","tag-mudancas-estruturais","tag-posse-lula","tag-rodrigo-pacheco","tag-senador","tag-unir-o-pais"],"_links":{"self":[{"href":"https:\/\/diariotribuna.com.br\/index.php?rest_route=\/wp\/v2\/posts\/18056"}],"collection":[{"href":"https:\/\/diariotribuna.com.br\/index.php?rest_route=\/wp\/v2\/posts"}],"about":[{"href":"https:\/\/diariotribuna.com.br\/index.php?rest_route=\/wp\/v2\/types\/post"}],"author":[{"embeddable":true,"href":"https:\/\/diariotribuna.com.br\/index.php?rest_route=\/wp\/v2\/users\/1"}],"replies":[{"embeddable":true,"href":"https:\/\/diariotribuna.com.br\/index.php?rest_route=%2Fwp%2Fv2%2Fcomments&post=18056"}],"version-history":[{"count":1,"href":"https:\/\/diariotribuna.com.br\/index.php?rest_route=\/wp\/v2\/posts\/18056\/revisions"}],"predecessor-version":[{"id":18058,"href":"https:\/\/diariotribuna.com.br\/index.php?rest_route=\/wp\/v2\/posts\/18056\/revisions\/18058"}],"wp:featuredmedia":[{"embeddable":true,"href":"https:\/\/diariotribuna.com.br\/index.php?rest_route=\/wp\/v2\/media\/18057"}],"wp:attachment":[{"href":"https:\/\/diariotribuna.com.br\/index.php?rest_route=%2Fwp%2Fv2%2Fmedia&parent=18056"}],"wp:term":[{"taxonomy":"category","embeddable":true,"href":"https:\/\/diariotribuna.com.br\/index.php?rest_route=%2Fwp%2Fv2%2Fcategories&post=18056"},{"taxonomy":"post_tag","embeddable":true,"href":"https:\/\/diariotribuna.com.br\/index.php?rest_route=%2Fwp%2Fv2%2Ftags&post=18056"}],"curies":[{"name":"wp","href":"https:\/\/api.w.org\/{rel}","templated":true}]}}