{"id":18059,"date":"2023-01-01T23:08:07","date_gmt":"2023-01-02T02:08:07","guid":{"rendered":"https:\/\/diariotribuna.com.br\/?p=18059"},"modified":"2023-01-03T23:13:51","modified_gmt":"2023-01-04T02:13:51","slug":"em-cerimonia-austera-romeu-zema-destaca-perfil-chao-de-fabrica-e-projeta-acoes-e-entregas-para-o-proximo-mandato","status":"publish","type":"post","link":"https:\/\/diariotribuna.com.br\/?p=18059","title":{"rendered":"<strong>Em cerim\u00f4nia austera, Romeu Zema destaca perfil &#8216;ch\u00e3o de f\u00e1brica&#8217; e projeta a\u00e7\u00f5es e entregas para o pr\u00f3ximo mandato<\/strong>"},"content":{"rendered":"\n<h3 class=\"wp-block-heading\"><strong><em>Governador ressalta parceria com prefeitos e proximidade da popula\u00e7\u00e3o ao longo dos quatro anos<\/em><\/strong><\/h3>\n\n\n\n<figure class=\"wp-block-image size-full is-resized is-style-default\"><img loading=\"lazy\" decoding=\"async\" src=\"https:\/\/diariotribuna.com.br\/wp-content\/uploads\/2023\/01\/GilLeonardi_ImprensaMG____20230101111945_IMG_7184.jpg\" alt=\"\" class=\"wp-image-18060\" width=\"570\" height=\"366\" srcset=\"https:\/\/diariotribuna.com.br\/wp-content\/uploads\/2023\/01\/GilLeonardi_ImprensaMG____20230101111945_IMG_7184.jpg 700w, https:\/\/diariotribuna.com.br\/wp-content\/uploads\/2023\/01\/GilLeonardi_ImprensaMG____20230101111945_IMG_7184-300x193.jpg 300w, https:\/\/diariotribuna.com.br\/wp-content\/uploads\/2023\/01\/GilLeonardi_ImprensaMG____20230101111945_IMG_7184-696x447.jpg 696w, https:\/\/diariotribuna.com.br\/wp-content\/uploads\/2023\/01\/GilLeonardi_ImprensaMG____20230101111945_IMG_7184-653x420.jpg 653w\" sizes=\"(max-width: 570px) 100vw, 570px\" \/><\/figure>\n\n\n\n<p>O governador&nbsp;<a rel=\"noreferrer noopener\" href=\"https:\/\/www.agenciaminas.mg.gov.br\/ckeditor_assets\/attachments\/15916\/perfil_romeu_zema.pdf\" target=\"_blank\">Romeu Zema<\/a>&nbsp;foi reconduzido ao cargo, em cerim\u00f4nia realizada neste domingo (01\/01), no Pal\u00e1cio das Artes, em Belo Horizonte. O evento d\u00e1 in\u00edcio oficial ao segundo mandato (2023 &#8211; 2026) de Zema \u00e0 frente do Estado ap\u00f3s ser eleito em primeiro turno, com mais de seis milh\u00f5es de votos, e empossado na Assembleia Legislativa de Minas Gerais, tamb\u00e9m neste domingo. O secret\u00e1rio-geral,&nbsp;<a rel=\"noreferrer noopener\" href=\"https:\/\/www.agenciaminas.mg.gov.br\/ckeditor_assets\/attachments\/15918\/perfil_professor_mateus.pdf\" target=\"_blank\">Professor Mateus<\/a>, participou da cerim\u00f4nia, assumindo, a partir de agora, o cargo de vice-governador do Estado.<\/p>\n\n\n\n<p>A cerim\u00f4nia austera contou com a presen\u00e7a de autoridades, prefeitos, presidentes e representantes dos tr\u00eas poderes de Minas Gerais, secret\u00e1rios de governo e familiares do governador e de seu vice. O evento tamb\u00e9m foi uma oportunidade de ressaltar a mineiridade, com exposi\u00e7\u00e3o e degusta\u00e7\u00e3o de produtos tradicionais da cozinha mineira&nbsp; como caf\u00e9s especiais, cacha\u00e7as, queijos e azeite de abacate, na recep\u00e7\u00e3o dos convidados, al\u00e9m de apresenta\u00e7\u00f5es culturais ao longo da cerim\u00f4nia.<\/p>\n\n\n\n<p>Logo na chegada ao foyer do Pal\u00e1cio das Artes, o governador Romeu Zema passou em revista a Guarda de Honra formada por cadetes da Pol\u00edcia Militar de Minas Gerais, e em seguida, se encontrou com o vice-governador eleito, Professor Mateus. Ambos reverenciaram a bandeira de Minas Gerais e, na sequ\u00eancia, foram recepcionados pelo p\u00fablico no grande teatro do pal\u00e1cio.<\/p>\n\n\n\n<p>\u201cAbrimos o Pal\u00e1cio das Artes para receber os prefeitos, lideran\u00e7as pol\u00edticas e toda a sociedade civil que foram fundamentais para realizar o trabalho de arrumar a casa que executamos ao longo dos \u00faltimos quatro anos. Foi esse esfor\u00e7o que possibilitou o reconhecimento dos mineiros que escolheram por nos reeleger em primeiro turno. Deixo aqui minha gratid\u00e3o a voc\u00eas e a todo o povo de Minas que depositaram sua confian\u00e7a nesse projeto\u201d, disse o governador.<\/p>\n\n\n\n<pre class=\"wp-block-verse\"><strong>Parcerias para governar<\/strong> - Em seu discurso, o governador Romeu Zema ressaltou a parceria com os prefeitos ao longo do seu primeiro mandato.<\/pre>\n\n\n\n<figure class=\"wp-block-image size-full is-resized is-style-default\"><img loading=\"lazy\" decoding=\"async\" src=\"https:\/\/diariotribuna.com.br\/wp-content\/uploads\/2023\/01\/GilLeonardi_ImprensaMG____20230101115718_IMG_7317.jpg\" alt=\"\" class=\"wp-image-18061\" width=\"516\" height=\"342\" srcset=\"https:\/\/diariotribuna.com.br\/wp-content\/uploads\/2023\/01\/GilLeonardi_ImprensaMG____20230101115718_IMG_7317.jpg 600w, https:\/\/diariotribuna.com.br\/wp-content\/uploads\/2023\/01\/GilLeonardi_ImprensaMG____20230101115718_IMG_7317-300x199.jpg 300w\" sizes=\"(max-width: 516px) 100vw, 516px\" \/><\/figure>\n\n\n\n<p>\u201cO meu governo representa os mineiros de todas as regi\u00f5es e sobretudo a continuidade da boa rela\u00e7\u00e3o entre o Estado e as prefeituras\u201d, afirmou. \u201cAo longo dos meus quatro anos de governo, estive em centenas de cidades, em todas as regi\u00f5es do Estado. Em muitas delas, algu\u00e9m vinha me dizer que h\u00e1 mais de 30 anos um Governador n\u00e3o tinha estado ali. E, em algumas, tive a satisfa\u00e7\u00e3o de ser o primeiro na hist\u00f3ria a estar presente, ouvindo, conversando, fiscalizando e gastando a sola do sapato. Ou da botina, dependendo do terreno.\u201d, disse.<\/p>\n\n\n\n<p>Romeu Zema exemplificou ainda como sua presen\u00e7a nos munic\u00edpios impactou positivamente na vida dos mineiros. \u201cSei que quando qualquer servi\u00e7o falha, na imensa maioria das vezes, n\u00e3o \u00e9 na porta do Governador que as pessoas batem. \u00c9 na porta dos prefeitos e vereadores. Por isso, quebramos um paradigma em Minas. Tratamos todas as 853 prefeituras mineiras de forma igualit\u00e1ria, independentemente de partido ou alinhamento pol\u00edtico\u201d.<\/p>\n\n\n\n<p>\u201cO que isso significa na vida dos mineiros \u00e9 que o posto de sa\u00fade, que chegou a ficar fechado por falta de recursos, como presenciei em 2018 em Tabuleiro, uma cidade de 4 mil habitantes na Zona da Mata, agora est\u00e1 aberto, melhor equipado e prestando atendimento a quem precisa. Significa que a prefeitura tem como entregar \u00e0s pessoas carentes a cesta b\u00e1sica ou aux\u00edlio funeral nos momentos de dificuldade. Que a escola est\u00e1 funcionando com infraestrutura melhor e que, agora, tem merenda de qualidade para os alunos e professores, que tamb\u00e9m passaram a receber os sal\u00e1rios em dia\u201d, acrescentou.<\/p>\n\n\n\n<p><strong>Resultados<\/strong> &#8211; Acostumado a ouvir e atender demandas de seus funcion\u00e1rios enquanto atuava no setor privado, Zema explicou que trouxe essa habilidade para o setor privado, gerando resultados para o estado. \u201cO objetivo de tantas viagens pelo interior de Minas \u00e9 conseguir mapear as demandas urgentes e hist\u00f3ricas de cada local, construir um diagn\u00f3stico e criar um plano de a\u00e7\u00e3o\u201d, explicou.<\/p>\n\n\n\n<p>\u201cFoi assim que decidimos que a ponte que ligar\u00e1 as cidades de S\u00e3o Francisco e Pint\u00f3polis, no Norte de Minas, n\u00e3o poderia mais demorar. Demos ordem de in\u00edcio em maio e as obras est\u00e3o a todo vapor. Tamb\u00e9m foi nesse diagn\u00f3stico que entendemos a necessidade de se criar os contornos vi\u00e1rios nas cidades de Cataguases, na Zona da Mata, de Montes Claros, no Norte de Minas, e de Po\u00e7os de Caldas, no Sul do Estado. Que enxergamos que o Hospital Regional de Te\u00f3filo Otoni era a entrega mais esperada do Vale do Mucuri e por isso precisaria ser a primeira unidade a ter as obras retomadas\u201d, exemplificou.<\/p>\n\n\n\n<p>\u201cDe tanto ir a Uberaba, no Tri\u00e2ngulo, sabia que era muito importante para a cidade que ela n\u00e3o perdesse o terreno da antiga planta de am\u00f4nia, para que pudesse buscar novos investimentos para gerar emprego e renda. E, com di\u00e1logo, conseguimos fazer a cess\u00e3o para a Prefeitura. Com o exemplo da parceria de Uberaba, aproveito novamente para estender o cumprimento a todos os gestores que prestaram seu apoio ao longo desses quatro anos.\u201d, acrescentou.<\/p>\n\n\n\n<p><strong>Proje\u00e7\u00e3o<\/strong> &#8211; Para o futuro, em seu segundo mandato, o governador projeta ainda mais avan\u00e7os para Minas Gerais, como o desenvolvimento econ\u00f4mico do Vale do Jequitinhonha e a execu\u00e7\u00e3o de duas demandas hist\u00f3ricas como a constru\u00e7\u00e3o do Rodoanel e a expans\u00e3o do Metr\u00f4 de Belo Horizonte. \u201cBaseado tamb\u00e9m no aux\u00edlio da equipe de competentes t\u00e9cnicos que fazem parte do nosso Governo, a meta agora \u00e9 acelerar o plano de a\u00e7\u00e3o, fazendo com que a cada dia dos pr\u00f3ximos quatro anos uma demanda seja conclu\u00edda e estejamos prontos para novas a\u00e7\u00f5es necess\u00e1rias que inevitavelmente surgir\u00e3o\u201d, destacou.<\/p>\n\n\n\n<p>\u201cEm quatro anos mostramos para o Brasil que um governo pautado nos ideais liberais, com corte de mordomias, respeito ao dinheiro p\u00fablico, com transpar\u00eancia, facilitando a vida de quem empreende, trabalha e produz, n\u00e3o s\u00f3 tem viabilidade pol\u00edtica, como tem sucesso na melhoria dos servi\u00e7os p\u00fablicos e na qualidade de vida das pessoas\u201d, finalizou.<\/p>\n\n\n\n<p><strong>Compromisso<\/strong> &#8211; Em seu pronunciamento, o vice-governador Professor Mateus tamb\u00e9m ressaltou o processo democr\u00e1tico brasileiro e agradeceu a confian\u00e7a dos mineiros.<\/p>\n\n\n\n<p>\u201cGovernar \u00e9 uma oportunidade \u00edmpar, e nas democracias, como as nossas, \u00e9 uma honra ainda maior, pelo reconhecimento dos nossos iguais \u2013 pelo voto. Mas a honra n\u00e3o \u00e9 tudo, governar \u00e9 uma responsabilidade imensa, pela consequ\u00eancia dos nossos atos sobre a vida dos outros. S\u00e3o os mineiros, cada um dos 23 milh\u00f5es deles, que merecem o nosso trabalho e o nosso respeito\u201d, disse.<\/p>\n\n\n\n<p>\u201cAo povo de Minas, meu agradecimento e meu compromisso: Trabalho, trabalho, trabalho, porque para qualquer resultado na vida, por aleat\u00f3rio que os resultados pare\u00e7am, trabalho ser\u00e1 sempre fundamental. Se os primeiros quatro anos foram sobre colocar as contas em dia e, junto disso, conseguimos transformar Minas no estado mais seguro do pa\u00eds, se pudemos alcan\u00e7ar os melhores resultados na educa\u00e7\u00e3o, se combatemos a pandemia e retomamos os investimentos em infraestrutura, no segundo mandato o compromisso \u00e9 com a gera\u00e7\u00e3o de emprego e qualifica\u00e7\u00e3o da renda, devolvendo dignidade e orgulho ao povo de Minas. Eu n\u00e3o tenho medo de desafios, tenho medo \u00e9 da indiferen\u00e7a. E por isso me alegro e me estimulo com os 6.094.136 votos que recebemos\u201d, acrescentou.<\/p>\n\n\n\n<p>Confira, na \u00edntegra, os pronunciamentos do governador&nbsp;<a href=\"https:\/\/www.agenciaminas.mg.gov.br\/ckeditor_assets\/attachments\/15929\/discurso_posse_palacio-final.pdf\" rel=\"noreferrer noopener\" target=\"_blank\">Romeu Zema<\/a>&nbsp;e do<a href=\"https:\/\/www.agenciaminas.mg.gov.br\/ckeditor_assets\/attachments\/15930\/discurso_mateus_palacio.pdf\" rel=\"noreferrer noopener\" target=\"_blank\">&nbsp;vice-governador Professor Mateus<\/a>.<\/p>\n\n\n\n<p><strong>Cerim\u00f4nia<\/strong> &#8211; Ao longo da cerim\u00f4nia, tr\u00eas grupos musicais se apresentaram para o p\u00fablico. Primeiro, o grupo Quinteto Minas apresentou um repert\u00f3rio do cl\u00e1ssico ao popular em vers\u00e3o instrumental, trazendo a cultura do cancioneiro mineiro para a ocasi\u00e3o. Outra atra\u00e7\u00e3o foi o Coral Afro Vozes de Caxambu, iniciativa que nasceu em 2003 como projeto pedag\u00f3gico que desenvolve a forma\u00e7\u00e3o art\u00edstica para os estudantes da Escola Municipal Bernardo Ferreira Guimar\u00e3es, localizada no Quilombo Caxambu, no munic\u00edpio de Rio Piracicaba.<\/p>\n\n\n\n<p>J\u00e1 no encerramento, a Guarda de Congo da Irmandade do Ros\u00e1rio e S\u00e3o Benedito realizou um cortejo, levando a cultura do Reinado para o Pal\u00e1cio das Artes. A Guarda de Congo \u00e9 oriunda da cidade de Carmo do Cajuru e j\u00e1 tem mais de 90 anos de exist\u00eancia.<\/p>\n\n\n\n<figure class=\"wp-block-image size-full is-resized is-style-default\"><img loading=\"lazy\" decoding=\"async\" src=\"https:\/\/diariotribuna.com.br\/wp-content\/uploads\/2023\/01\/GilLeonardi_ImprensaMG____20230101113011_IMG_7240.jpg\" alt=\"\" class=\"wp-image-18062\" width=\"632\" height=\"432\" srcset=\"https:\/\/diariotribuna.com.br\/wp-content\/uploads\/2023\/01\/GilLeonardi_ImprensaMG____20230101113011_IMG_7240.jpg 600w, https:\/\/diariotribuna.com.br\/wp-content\/uploads\/2023\/01\/GilLeonardi_ImprensaMG____20230101113011_IMG_7240-300x205.jpg 300w, https:\/\/diariotribuna.com.br\/wp-content\/uploads\/2023\/01\/GilLeonardi_ImprensaMG____20230101113011_IMG_7240-218x150.jpg 218w\" sizes=\"(max-width: 632px) 100vw, 632px\" \/><\/figure>\n\n\n\n<p><strong> (Ag\u00eancia Minas. Foto\/cr\u00e9dito: Gil Leonardi\/ Imprensa MG).<\/strong><\/p>\n","protected":false},"excerpt":{"rendered":"<p>Governador ressalta parceria com prefeitos e proximidade da popula\u00e7\u00e3o ao longo dos quatro anos O governador&nbsp;Romeu Zema&nbsp;foi reconduzido ao cargo, em cerim\u00f4nia realizada neste domingo (01\/01), no Pal\u00e1cio das Artes, em Belo Horizonte. O evento d\u00e1 in\u00edcio oficial ao segundo mandato (2023 &#8211; 2026) de Zema \u00e0 frente do Estado ap\u00f3s ser eleito em primeiro [&hellip;]<\/p>\n","protected":false},"author":1,"featured_media":18060,"comment_status":"open","ping_status":"open","sticky":false,"template":"","format":"standard","meta":{"rop_custom_images_group":[],"rop_custom_messages_group":[],"rop_publish_now":"initial","rop_publish_now_accounts":[],"rop_publish_now_history":[],"rop_publish_now_status":"pending","footnotes":""},"categories":[21],"tags":[4345,357,371,4828,457],"class_list":["post-18059","post","type-post","status-publish","format-standard","has-post-thumbnail","hentry","category-politica","tag-4345","tag-governo-de-minas","tag-posse","tag-reeleicao","tag-romeu-zema"],"_links":{"self":[{"href":"https:\/\/diariotribuna.com.br\/index.php?rest_route=\/wp\/v2\/posts\/18059"}],"collection":[{"href":"https:\/\/diariotribuna.com.br\/index.php?rest_route=\/wp\/v2\/posts"}],"about":[{"href":"https:\/\/diariotribuna.com.br\/index.php?rest_route=\/wp\/v2\/types\/post"}],"author":[{"embeddable":true,"href":"https:\/\/diariotribuna.com.br\/index.php?rest_route=\/wp\/v2\/users\/1"}],"replies":[{"embeddable":true,"href":"https:\/\/diariotribuna.com.br\/index.php?rest_route=%2Fwp%2Fv2%2Fcomments&post=18059"}],"version-history":[{"count":2,"href":"https:\/\/diariotribuna.com.br\/index.php?rest_route=\/wp\/v2\/posts\/18059\/revisions"}],"predecessor-version":[{"id":18105,"href":"https:\/\/diariotribuna.com.br\/index.php?rest_route=\/wp\/v2\/posts\/18059\/revisions\/18105"}],"wp:featuredmedia":[{"embeddable":true,"href":"https:\/\/diariotribuna.com.br\/index.php?rest_route=\/wp\/v2\/media\/18060"}],"wp:attachment":[{"href":"https:\/\/diariotribuna.com.br\/index.php?rest_route=%2Fwp%2Fv2%2Fmedia&parent=18059"}],"wp:term":[{"taxonomy":"category","embeddable":true,"href":"https:\/\/diariotribuna.com.br\/index.php?rest_route=%2Fwp%2Fv2%2Fcategories&post=18059"},{"taxonomy":"post_tag","embeddable":true,"href":"https:\/\/diariotribuna.com.br\/index.php?rest_route=%2Fwp%2Fv2%2Ftags&post=18059"}],"curies":[{"name":"wp","href":"https:\/\/api.w.org\/{rel}","templated":true}]}}