{"id":18069,"date":"2023-01-02T13:36:12","date_gmt":"2023-01-02T16:36:12","guid":{"rendered":"https:\/\/diariotribuna.com.br\/?p=18069"},"modified":"2023-01-06T12:55:00","modified_gmt":"2023-01-06T15:55:00","slug":"coordenador-do-procon-municipal-de-teofilo-otoni-fala-sobre-aumento-nos-precos-de-combustiveis","status":"publish","type":"post","link":"https:\/\/diariotribuna.com.br\/?p=18069","title":{"rendered":"<strong>Coordenador do Procon Municipal de Te\u00f3filo Otoni fala sobre aumento nos pre\u00e7os de combust\u00edveis<\/strong>"},"content":{"rendered":"\n<h3 class=\"wp-block-heading\"><strong><em>\u201cAt\u00e9 o momento n\u00e3o h\u00e1 nenhum ind\u00edcio de abuso na cobran\u00e7a para o consumidor final\u201d, disse o dr. Yuri Rocha<\/em><\/strong><\/h3>\n\n\n\n<figure class=\"wp-block-image size-full is-resized is-style-default\"><img loading=\"lazy\" decoding=\"async\" src=\"https:\/\/diariotribuna.com.br\/wp-content\/uploads\/2023\/01\/unnamed-file.jpg\" alt=\"\" class=\"wp-image-18070\" width=\"521\" height=\"345\" srcset=\"https:\/\/diariotribuna.com.br\/wp-content\/uploads\/2023\/01\/unnamed-file.jpg 700w, https:\/\/diariotribuna.com.br\/wp-content\/uploads\/2023\/01\/unnamed-file-300x198.jpg 300w, https:\/\/diariotribuna.com.br\/wp-content\/uploads\/2023\/01\/unnamed-file-696x460.jpg 696w, https:\/\/diariotribuna.com.br\/wp-content\/uploads\/2023\/01\/unnamed-file-635x420.jpg 635w\" sizes=\"(max-width: 521px) 100vw, 521px\" \/><figcaption class=\"wp-element-caption\"><strong>Advogado Yuri Rocha, coordenador do Procon do munic\u00edpio<\/strong><br><strong>de Te\u00f3filo Otoni (Cr\u00e9dito\/Foto Di\u00e1rio Tribuna)<\/strong><\/figcaption><\/figure>\n\n\n\n<p>No \u00faltimo final de semana foi percebido um aumento nos pre\u00e7os de combust\u00edveis, e internautas fizeram diversas reclama\u00e7\u00f5es nas redes sociais, considerando que estaria ocorrendo um \u201caumento abusivo\u201d. A reportagem do Di\u00e1rio Tribuna procurou o coordenador do Procon Municipal de Te\u00f3filo Otoni, dr. Yuri Rocha, pedindo uma explica\u00e7\u00e3o sobre os fatos, se o \u00f3rg\u00e3o estava ciente desses aumentos e o que teria feito, e se realmente estaria ocorrendo aumentos abusivos, e o dr. Yuri explicou:<\/p>\n\n\n\n<p>\u201cEm rela\u00e7\u00e3o ao aumento observado nos pre\u00e7os dos combust\u00edveis nos \u00faltimos dias, este, em primeiro momento \u00e9 devido ao limbo entre a finaliza\u00e7\u00e3o da Lei anterior e publica\u00e7\u00e3o da nova medida provis\u00f3ria acerca da prorroga\u00e7\u00e3o da isen\u00e7\u00e3o de impostos federais (PIS, CIDE e COFINS) sobre os combust\u00edveis. Havia indefini\u00e7\u00e3o sobre a prorroga\u00e7\u00e3o, o que gerou especula\u00e7\u00e3o do mercado relevante dos combust\u00edveis, a n\u00edvel nacional, fazendo com que as distribuidoras aumentassem os pre\u00e7os\u201d, disse.<\/p>\n\n\n\n<p>O dr. Yuri Rocha informou que nesta segunda-feira (02\/01\/2023) foi publicada nova medida provis\u00f3ria prorrogando a isen\u00e7\u00e3o dos referidos impostos sobre o diesel e g\u00e1s de cozinha at\u00e9 31\/12\/2023, e sobre a gasolina e etanol at\u00e9 28\/02\/2023. Em rela\u00e7\u00e3o ao ICMS, continua inalterado em Minas Gerais. \u201cEnt\u00e3o aguarda-se que os pre\u00e7os diminuam na ponta para o consumidor final, no decorrer dos pr\u00f3ximos dias\u201d, pontuou.<\/p>\n\n\n\n<p>Questionado se neste momento havia motivos para uma fiscaliza\u00e7\u00e3o nos postos como cobram pessoas nas redes sociais, ele afirmou: \u201cAt\u00e9 o momento n\u00e3o h\u00e1 nenhum ind\u00edcio de abuso na cobran\u00e7a para o consumidor final\u201d, e passou uma orienta\u00e7\u00e3o. \u201cO Procon orienta aos consumidores a baixarem o aplicativo Edi\u00e7\u00e3o Fiscal MG, e optarem pelo menor pre\u00e7o do dia. Tal pr\u00e1tica far\u00e1 com que a concorr\u00eancia se alinhe aos menores pre\u00e7os\u201d.<\/p>\n\n\n\n<p><\/p>\n\n\n\n<figure class=\"wp-block-gallery has-nested-images columns-default is-cropped wp-block-gallery-1 is-layout-flex wp-block-gallery-is-layout-flex\">\n<figure class=\"wp-block-image size-large is-style-default\"><img loading=\"lazy\" decoding=\"async\" width=\"461\" height=\"1024\" data-id=\"18071\" src=\"https:\/\/diariotribuna.com.br\/wp-content\/uploads\/2023\/01\/1-461x1024.jpg\" alt=\"\" class=\"wp-image-18071\" srcset=\"https:\/\/diariotribuna.com.br\/wp-content\/uploads\/2023\/01\/1-461x1024.jpg 461w, https:\/\/diariotribuna.com.br\/wp-content\/uploads\/2023\/01\/1-135x300.jpg 135w, https:\/\/diariotribuna.com.br\/wp-content\/uploads\/2023\/01\/1-189x420.jpg 189w, https:\/\/diariotribuna.com.br\/wp-content\/uploads\/2023\/01\/1.jpg 600w\" sizes=\"(max-width: 461px) 100vw, 461px\" \/><\/figure>\n\n\n\n<figure class=\"wp-block-image size-large is-style-default\"><img loading=\"lazy\" decoding=\"async\" width=\"461\" height=\"1024\" data-id=\"18072\" src=\"https:\/\/diariotribuna.com.br\/wp-content\/uploads\/2023\/01\/2-461x1024.jpg\" alt=\"\" class=\"wp-image-18072\" srcset=\"https:\/\/diariotribuna.com.br\/wp-content\/uploads\/2023\/01\/2-461x1024.jpg 461w, https:\/\/diariotribuna.com.br\/wp-content\/uploads\/2023\/01\/2-135x300.jpg 135w, https:\/\/diariotribuna.com.br\/wp-content\/uploads\/2023\/01\/2-189x420.jpg 189w, https:\/\/diariotribuna.com.br\/wp-content\/uploads\/2023\/01\/2.jpg 600w\" sizes=\"(max-width: 461px) 100vw, 461px\" \/><\/figure>\n<figcaption class=\"blocks-gallery-caption wp-element-caption\"><mark style=\"background-color:rgba(0, 0, 0, 0)\" class=\"has-inline-color has-vivid-red-color\"><strong>Menores pre\u00e7os do dia (02\/01\/2023), segundo o aplicativo Educa\u00e7\u00e3o Fiscal MG<\/strong><\/mark><\/figcaption><\/figure>\n","protected":false},"excerpt":{"rendered":"<p>\u201cAt\u00e9 o momento n\u00e3o h\u00e1 nenhum ind\u00edcio de abuso na cobran\u00e7a para o consumidor final\u201d, disse o dr. Yuri Rocha No \u00faltimo final de semana foi percebido um aumento nos pre\u00e7os de combust\u00edveis, e internautas fizeram diversas reclama\u00e7\u00f5es nas redes sociais, considerando que estaria ocorrendo um \u201caumento abusivo\u201d. A reportagem do Di\u00e1rio Tribuna procurou o [&hellip;]<\/p>\n","protected":false},"author":1,"featured_media":18070,"comment_status":"open","ping_status":"open","sticky":false,"template":"","format":"standard","meta":{"rop_custom_images_group":[],"rop_custom_messages_group":[],"rop_publish_now":"initial","rop_publish_now_accounts":[],"rop_publish_now_history":[],"rop_publish_now_status":"pending","footnotes":""},"categories":[17],"tags":[4345,5041,5042,75],"class_list":["post-18069","post","type-post","status-publish","format-standard","has-post-thumbnail","hentry","category-teofilootoni","tag-4345","tag-aumento-combustiveis","tag-janeiro","tag-teofilo-otoni"],"_links":{"self":[{"href":"https:\/\/diariotribuna.com.br\/index.php?rest_route=\/wp\/v2\/posts\/18069"}],"collection":[{"href":"https:\/\/diariotribuna.com.br\/index.php?rest_route=\/wp\/v2\/posts"}],"about":[{"href":"https:\/\/diariotribuna.com.br\/index.php?rest_route=\/wp\/v2\/types\/post"}],"author":[{"embeddable":true,"href":"https:\/\/diariotribuna.com.br\/index.php?rest_route=\/wp\/v2\/users\/1"}],"replies":[{"embeddable":true,"href":"https:\/\/diariotribuna.com.br\/index.php?rest_route=%2Fwp%2Fv2%2Fcomments&post=18069"}],"version-history":[{"count":2,"href":"https:\/\/diariotribuna.com.br\/index.php?rest_route=\/wp\/v2\/posts\/18069\/revisions"}],"predecessor-version":[{"id":18074,"href":"https:\/\/diariotribuna.com.br\/index.php?rest_route=\/wp\/v2\/posts\/18069\/revisions\/18074"}],"wp:featuredmedia":[{"embeddable":true,"href":"https:\/\/diariotribuna.com.br\/index.php?rest_route=\/wp\/v2\/media\/18070"}],"wp:attachment":[{"href":"https:\/\/diariotribuna.com.br\/index.php?rest_route=%2Fwp%2Fv2%2Fmedia&parent=18069"}],"wp:term":[{"taxonomy":"category","embeddable":true,"href":"https:\/\/diariotribuna.com.br\/index.php?rest_route=%2Fwp%2Fv2%2Fcategories&post=18069"},{"taxonomy":"post_tag","embeddable":true,"href":"https:\/\/diariotribuna.com.br\/index.php?rest_route=%2Fwp%2Fv2%2Ftags&post=18069"}],"curies":[{"name":"wp","href":"https:\/\/api.w.org\/{rel}","templated":true}]}}