{"id":18075,"date":"2023-01-02T23:54:55","date_gmt":"2023-01-03T02:54:55","guid":{"rendered":"https:\/\/diariotribuna.com.br\/?p=18075"},"modified":"2023-01-04T23:40:13","modified_gmt":"2023-01-05T02:40:13","slug":"policias-civil-e-militar-deflagram-a-operacao-terminus-e-cumprem-10-mandados-judiciais","status":"publish","type":"post","link":"https:\/\/diariotribuna.com.br\/?p=18075","title":{"rendered":"<strong>Pol\u00edcias Civil e Militar deflagram a opera\u00e7\u00e3o Terminus e cumprem 10 mandados judiciais<\/strong>"},"content":{"rendered":"\n<figure class=\"wp-block-image size-full is-resized is-style-default\"><img loading=\"lazy\" decoding=\"async\" src=\"https:\/\/diariotribuna.com.br\/wp-content\/uploads\/2023\/01\/pcmg_almenara.jpeg\" alt=\"\" class=\"wp-image-18076\" width=\"411\" height=\"254\" srcset=\"https:\/\/diariotribuna.com.br\/wp-content\/uploads\/2023\/01\/pcmg_almenara.jpeg 700w, https:\/\/diariotribuna.com.br\/wp-content\/uploads\/2023\/01\/pcmg_almenara-300x186.jpeg 300w, https:\/\/diariotribuna.com.br\/wp-content\/uploads\/2023\/01\/pcmg_almenara-356x220.jpeg 356w, https:\/\/diariotribuna.com.br\/wp-content\/uploads\/2023\/01\/pcmg_almenara-696x431.jpeg 696w, https:\/\/diariotribuna.com.br\/wp-content\/uploads\/2023\/01\/pcmg_almenara-679x420.jpeg 679w\" sizes=\"(max-width: 411px) 100vw, 411px\" \/><\/figure>\n\n\n\n<p><strong>Santa Maria do Salto \u2013 <\/strong>A Pol\u00edcia Civil de Minas Gerais (PCMG), com participa\u00e7\u00e3o da Pol\u00edcia Militar, deflagrou, na quinta-feira (29\/12), a opera\u00e7\u00e3o Terminus, com foco na repress\u00e3o ao tr\u00e1fico de drogas no munic\u00edpio de Santa Maria do Salto, regi\u00e3o do Vale do Jequitinhonha. Ao todo, foram cumpridos dez mandados de busca e apreens\u00e3o, resultando na apreens\u00e3o de aparelhos celulares e anota\u00e7\u00f5es de interesse para a investiga\u00e7\u00e3o.<\/p>\n\n\n\n<p>Os trabalhos de apura\u00e7\u00e3o, conduzidos pela delegacia de Pol\u00edcia Civil de Jacinto, iniciados h\u00e1 quase dois anos, identificaram uma associa\u00e7\u00e3o voltada para o tr\u00e1fico de entorpecentes sob a lideran\u00e7a de um homem, de 28 anos. Segundo levantado, subst\u00e2ncias como maconha e coca\u00edna vinham do estado da Bahia para Minas Gerais.<\/p>\n\n\n\n<p>Como desdobramento das apura\u00e7\u00f5es, a Pol\u00edcia Civil de Minas representou \u00e0 Justi\u00e7a pelos mandados, e as investiga\u00e7\u00f5es prosseguem com a an\u00e1lise do material apreendido e demais levantamentos pertinentes. A opera\u00e7\u00e3o foi coordenada pela delegacia de Jacinto e contou com apoio da Delegacia Regional de Pol\u00edcia Civil de Almenara. (Informa\u00e7\u00f5es\/Foto: assessoria de comunica\u00e7\u00e3o\/ PCMG).<\/p>\n","protected":false},"excerpt":{"rendered":"<p>Santa Maria do Salto \u2013 A Pol\u00edcia Civil de Minas Gerais (PCMG), com participa\u00e7\u00e3o da Pol\u00edcia Militar, deflagrou, na quinta-feira (29\/12), a opera\u00e7\u00e3o Terminus, com foco na repress\u00e3o ao tr\u00e1fico de drogas no munic\u00edpio de Santa Maria do Salto, regi\u00e3o do Vale do Jequitinhonha. Ao todo, foram cumpridos dez mandados de busca e apreens\u00e3o, resultando [&hellip;]<\/p>\n","protected":false},"author":1,"featured_media":18076,"comment_status":"open","ping_status":"open","sticky":false,"template":"","format":"standard","meta":{"rop_custom_images_group":[],"rop_custom_messages_group":[],"rop_publish_now":"initial","rop_publish_now_accounts":[],"rop_publish_now_history":[],"rop_publish_now_status":"pending","footnotes":""},"categories":[20],"tags":[5044,5043,292,76,4719],"class_list":["post-18075","post","type-post","status-publish","format-standard","has-post-thumbnail","hentry","category-policia","tag-10-mba","tag-operacao-terminus","tag-policia-civil","tag-policia-militar","tag-santa-maria-do-salto"],"_links":{"self":[{"href":"https:\/\/diariotribuna.com.br\/index.php?rest_route=\/wp\/v2\/posts\/18075"}],"collection":[{"href":"https:\/\/diariotribuna.com.br\/index.php?rest_route=\/wp\/v2\/posts"}],"about":[{"href":"https:\/\/diariotribuna.com.br\/index.php?rest_route=\/wp\/v2\/types\/post"}],"author":[{"embeddable":true,"href":"https:\/\/diariotribuna.com.br\/index.php?rest_route=\/wp\/v2\/users\/1"}],"replies":[{"embeddable":true,"href":"https:\/\/diariotribuna.com.br\/index.php?rest_route=%2Fwp%2Fv2%2Fcomments&post=18075"}],"version-history":[{"count":1,"href":"https:\/\/diariotribuna.com.br\/index.php?rest_route=\/wp\/v2\/posts\/18075\/revisions"}],"predecessor-version":[{"id":18077,"href":"https:\/\/diariotribuna.com.br\/index.php?rest_route=\/wp\/v2\/posts\/18075\/revisions\/18077"}],"wp:featuredmedia":[{"embeddable":true,"href":"https:\/\/diariotribuna.com.br\/index.php?rest_route=\/wp\/v2\/media\/18076"}],"wp:attachment":[{"href":"https:\/\/diariotribuna.com.br\/index.php?rest_route=%2Fwp%2Fv2%2Fmedia&parent=18075"}],"wp:term":[{"taxonomy":"category","embeddable":true,"href":"https:\/\/diariotribuna.com.br\/index.php?rest_route=%2Fwp%2Fv2%2Fcategories&post=18075"},{"taxonomy":"post_tag","embeddable":true,"href":"https:\/\/diariotribuna.com.br\/index.php?rest_route=%2Fwp%2Fv2%2Ftags&post=18075"}],"curies":[{"name":"wp","href":"https:\/\/api.w.org\/{rel}","templated":true}]}}