{"id":18125,"date":"2023-01-04T15:03:08","date_gmt":"2023-01-04T18:03:08","guid":{"rendered":"https:\/\/diariotribuna.com.br\/?p=18125"},"modified":"2023-01-04T15:03:09","modified_gmt":"2023-01-04T18:03:09","slug":"taxa-para-emissao-da-segunda-via-da-identidade-e-reajustada-2","status":"publish","type":"post","link":"https:\/\/diariotribuna.com.br\/?p=18125","title":{"rendered":"<strong>Taxa para emiss\u00e3o da segunda via da identidade \u00e9 reajustada<\/strong>"},"content":{"rendered":"\n<figure class=\"wp-block-image size-full is-resized is-style-default\"><img loading=\"lazy\" decoding=\"async\" src=\"https:\/\/diariotribuna.com.br\/wp-content\/uploads\/2023\/01\/6a3bd03d-5ea3-4c16-9e4d-401051b50a57.jpg\" alt=\"\" class=\"wp-image-18126\" width=\"531\" height=\"299\" srcset=\"https:\/\/diariotribuna.com.br\/wp-content\/uploads\/2023\/01\/6a3bd03d-5ea3-4c16-9e4d-401051b50a57.jpg 700w, https:\/\/diariotribuna.com.br\/wp-content\/uploads\/2023\/01\/6a3bd03d-5ea3-4c16-9e4d-401051b50a57-300x168.jpg 300w, https:\/\/diariotribuna.com.br\/wp-content\/uploads\/2023\/01\/6a3bd03d-5ea3-4c16-9e4d-401051b50a57-696x391.jpg 696w\" sizes=\"(max-width: 531px) 100vw, 531px\" \/><\/figure>\n\n\n\n<p>A Pol\u00edcia Civil de Minas Gerais (PCMG) informa que o valor da taxa para emiss\u00e3o da segunda via da carteira de identidade sofreu reajuste autom\u00e1tico no estado, passando de R$ 95,41 para R$ 100,74, em raz\u00e3o do novo valor da Unidade Fiscal de Minas Gerais (Ufemg) &#8211; 20 Ufemg x R$ 5,0369.<\/p>\n\n\n\n<p>A primeira via da identidade continua gratuita. A Pol\u00edcia Civil esclarece que, nos casos de furto ou roubo do documento, o solicitante est\u00e1 isento da tarifa, mediante apresenta\u00e7\u00e3o do boletim de ocorr\u00eancia, com prazo m\u00e1ximo de 60 dias da data do fato.<\/p>\n\n\n\n<p>O cidad\u00e3o hipossuficiente tamb\u00e9m tem direito \u00e0 isen\u00e7\u00e3o da taxa de seguran\u00e7a p\u00fablica, desde que apresente a folha resumo emitida pelo Centro de Refer\u00eancia de Assist\u00eancia Social (Cras) ou o comprovante de inscri\u00e7\u00e3o no Cad\u00danico, obtido pela internet, sendo em ambos os casos observada a faixa de renda autorizativa, e ainda pode ser apresentado comprovante de qualquer benef\u00edcio social em nome do requerente.<\/p>\n\n\n\n<p>Em todas as situa\u00e7\u00f5es descritas para os casos de hipossufici\u00eancia, o direito se estende a todo o grupo familiar. (<strong>Informa\u00e7\u00f5es: assessoria de comunica\u00e7\u00e3o da PCMG\/ Foto: ilustrativa<\/strong>).<\/p>\n","protected":false},"excerpt":{"rendered":"<p>A Pol\u00edcia Civil de Minas Gerais (PCMG) informa que o valor da taxa para emiss\u00e3o da segunda via da carteira de identidade sofreu reajuste autom\u00e1tico no estado, passando de R$ 95,41 para R$ 100,74, em raz\u00e3o do novo valor da Unidade Fiscal de Minas Gerais (Ufemg) &#8211; 20 Ufemg x R$ 5,0369. A primeira via [&hellip;]<\/p>\n","protected":false},"author":1,"featured_media":18126,"comment_status":"open","ping_status":"open","sticky":false,"template":"","format":"standard","meta":{"rop_custom_images_group":[],"rop_custom_messages_group":[],"rop_publish_now":"initial","rop_publish_now_accounts":[],"rop_publish_now_history":[],"rop_publish_now_status":"pending","footnotes":""},"categories":[25,19],"tags":[5048,3541,828,966],"class_list":["post-18125","post","type-post","status-publish","format-standard","has-post-thumbnail","hentry","category-destaque","category-gerais","tag-2a-via","tag-carteiras-de-identidade","tag-pcmg","tag-reajuste"],"_links":{"self":[{"href":"https:\/\/diariotribuna.com.br\/index.php?rest_route=\/wp\/v2\/posts\/18125"}],"collection":[{"href":"https:\/\/diariotribuna.com.br\/index.php?rest_route=\/wp\/v2\/posts"}],"about":[{"href":"https:\/\/diariotribuna.com.br\/index.php?rest_route=\/wp\/v2\/types\/post"}],"author":[{"embeddable":true,"href":"https:\/\/diariotribuna.com.br\/index.php?rest_route=\/wp\/v2\/users\/1"}],"replies":[{"embeddable":true,"href":"https:\/\/diariotribuna.com.br\/index.php?rest_route=%2Fwp%2Fv2%2Fcomments&post=18125"}],"version-history":[{"count":1,"href":"https:\/\/diariotribuna.com.br\/index.php?rest_route=\/wp\/v2\/posts\/18125\/revisions"}],"predecessor-version":[{"id":18127,"href":"https:\/\/diariotribuna.com.br\/index.php?rest_route=\/wp\/v2\/posts\/18125\/revisions\/18127"}],"wp:featuredmedia":[{"embeddable":true,"href":"https:\/\/diariotribuna.com.br\/index.php?rest_route=\/wp\/v2\/media\/18126"}],"wp:attachment":[{"href":"https:\/\/diariotribuna.com.br\/index.php?rest_route=%2Fwp%2Fv2%2Fmedia&parent=18125"}],"wp:term":[{"taxonomy":"category","embeddable":true,"href":"https:\/\/diariotribuna.com.br\/index.php?rest_route=%2Fwp%2Fv2%2Fcategories&post=18125"},{"taxonomy":"post_tag","embeddable":true,"href":"https:\/\/diariotribuna.com.br\/index.php?rest_route=%2Fwp%2Fv2%2Ftags&post=18125"}],"curies":[{"name":"wp","href":"https:\/\/api.w.org\/{rel}","templated":true}]}}