{"id":18130,"date":"2023-01-04T23:39:33","date_gmt":"2023-01-05T02:39:33","guid":{"rendered":"https:\/\/diariotribuna.com.br\/?p=18130"},"modified":"2023-01-04T23:43:40","modified_gmt":"2023-01-05T02:43:40","slug":"veiculo-derruba-poste-ao-ser-atingido-na-traseira-por-outro-automovel","status":"publish","type":"post","link":"https:\/\/diariotribuna.com.br\/?p=18130","title":{"rendered":"<strong>Ve\u00edculo derruba poste ao ser atingido na traseira por outro autom\u00f3vel<\/strong>"},"content":{"rendered":"\n<figure class=\"wp-block-image size-full is-resized is-style-default\"><img loading=\"lazy\" decoding=\"async\" src=\"https:\/\/diariotribuna.com.br\/wp-content\/uploads\/2023\/01\/f91cc0f1-2edf-4559-947c-7988252d0ee5.jpg\" alt=\"\" class=\"wp-image-18132\" width=\"563\" height=\"316\" srcset=\"https:\/\/diariotribuna.com.br\/wp-content\/uploads\/2023\/01\/f91cc0f1-2edf-4559-947c-7988252d0ee5.jpg 700w, https:\/\/diariotribuna.com.br\/wp-content\/uploads\/2023\/01\/f91cc0f1-2edf-4559-947c-7988252d0ee5-300x168.jpg 300w, https:\/\/diariotribuna.com.br\/wp-content\/uploads\/2023\/01\/f91cc0f1-2edf-4559-947c-7988252d0ee5-696x391.jpg 696w\" sizes=\"(max-width: 563px) 100vw, 563px\" \/><\/figure>\n\n\n\n<p>O acidente ocorreu, na tarde desta quarta-feira (04\/01), na Rodovia MGC 418, km 164, em Te\u00f3filo Otoni. Na vers\u00e3o apresentada pelo condutor do ve\u00edculo VW Gol, ele trafegava sentido a Te\u00f3filo, momento em que diminuiu a velocidade para passar por um quebra-molas, quando foi colidido na traseira por outro carro. Com o impacto foi arremessado para fora da pista, atingiu um poste de ilumina\u00e7\u00e3o \u00e0s margens da rodovia, o derrubando no leito da via. Felizmente ningu\u00e9m se feriu.<\/p>\n\n\n\n<figure class=\"wp-block-gallery has-nested-images columns-default is-cropped wp-block-gallery-1 is-layout-flex wp-block-gallery-is-layout-flex\">\n<figure class=\"wp-block-image size-large is-style-default\"><img loading=\"lazy\" decoding=\"async\" width=\"600\" height=\"389\" data-id=\"18134\" src=\"https:\/\/diariotribuna.com.br\/wp-content\/uploads\/2023\/01\/1c0ef2c0-ea8d-4619-aaa1-6b926f75047c.jpg\" alt=\"\" class=\"wp-image-18134\" srcset=\"https:\/\/diariotribuna.com.br\/wp-content\/uploads\/2023\/01\/1c0ef2c0-ea8d-4619-aaa1-6b926f75047c.jpg 600w, https:\/\/diariotribuna.com.br\/wp-content\/uploads\/2023\/01\/1c0ef2c0-ea8d-4619-aaa1-6b926f75047c-300x195.jpg 300w\" sizes=\"(max-width: 600px) 100vw, 600px\" \/><\/figure>\n\n\n\n<figure class=\"wp-block-image size-large is-style-default\"><img loading=\"lazy\" decoding=\"async\" width=\"600\" height=\"407\" data-id=\"18133\" src=\"https:\/\/diariotribuna.com.br\/wp-content\/uploads\/2023\/01\/8dce0ecb-b327-4416-8eb4-fe7654755088.jpg\" alt=\"\" class=\"wp-image-18133\" srcset=\"https:\/\/diariotribuna.com.br\/wp-content\/uploads\/2023\/01\/8dce0ecb-b327-4416-8eb4-fe7654755088.jpg 600w, https:\/\/diariotribuna.com.br\/wp-content\/uploads\/2023\/01\/8dce0ecb-b327-4416-8eb4-fe7654755088-300x204.jpg 300w\" sizes=\"(max-width: 600px) 100vw, 600px\" \/><\/figure>\n<\/figure>\n\n\n\n<p>O condutor do ve\u00edculo Fiat Palio confirmou a vers\u00e3o do outro motorista, acrescentando que a sua visibilidade havia sido prejudicada devido \u00e0s chuvas que caiam no momento do acidente. \u201cEsse fato demonstra a import\u00e2ncia que temos mencionado quanto \u00e0 necessidade de manter a dist\u00e2ncia de seguran\u00e7a do ve\u00edculo que segue \u00e0 frente, principalmente no per\u00edodo chuvoso que al\u00e9m de reduzir a visibilidade, exige um espa\u00e7o maior para frenagem\u201d, alertou o tenente Reinaldo Martins.<\/p>\n\n\n\n<p>Segundo o tenente, \u201cuma dica importante para saber a dist\u00e2ncia segura para o ve\u00edculo da frente, basta observar um ponto fixo e assim que o carro da frente passar pelo ponto, o motorista que segue logo atr\u00e1s conta 51, 52 e 53. Passando no ponto de refer\u00eancia ap\u00f3s a contagem cinquenta e tr\u00eas, considera-se uma dist\u00e2ncia segura, independente da velocidade\u201d.<\/p>\n\n\n\n<p>Ele destaca que m\u00eas de janeiro o fluxo de ve\u00edculos aumenta nas rodovias e consequentemente as filas. Caso os viajantes n\u00e3o respeitem o intervalo entre os ve\u00edculos, as chances de colis\u00f5es traseiras, engavetamentos e fam\u00edlias ficarem na estrada s\u00e3o grandes. \u201cRelembramos que a dist\u00e2ncia entre os ve\u00edculos \u00e9 importante tamb\u00e9m para possibilitar que os autom\u00f3veis que realizarem as ultrapassagens tenham condi\u00e7\u00f5es de seguran\u00e7a para retornarem para o espa\u00e7o entre os carros\u201d, orientou. (Informa\u00e7\u00f5es\/Fotos: tenente Reinaldo Martins, comandante do 1\u00ba Pelot\u00e3o da 15\u00aa Cia PM RV).<\/p>\n\n\n\n<p><\/p>\n","protected":false},"excerpt":{"rendered":"<p>O acidente ocorreu, na tarde desta quarta-feira (04\/01), na Rodovia MGC 418, km 164, em Te\u00f3filo Otoni. Na vers\u00e3o apresentada pelo condutor do ve\u00edculo VW Gol, ele trafegava sentido a Te\u00f3filo, momento em que diminuiu a velocidade para passar por um quebra-molas, quando foi colidido na traseira por outro carro. Com o impacto foi arremessado [&hellip;]<\/p>\n","protected":false},"author":1,"featured_media":18132,"comment_status":"open","ping_status":"open","sticky":false,"template":"","format":"standard","meta":{"rop_custom_images_group":[],"rop_custom_messages_group":[],"rop_publish_now":"initial","rop_publish_now_accounts":[],"rop_publish_now_history":[],"rop_publish_now_status":"pending","footnotes":""},"categories":[25,19],"tags":[125,735,1030,5049,75],"class_list":["post-18130","post","type-post","status-publish","format-standard","has-post-thumbnail","hentry","category-destaque","category-gerais","tag-acidente","tag-mgc-418","tag-policia-militar-rodoviaria","tag-poste-derrubado","tag-teofilo-otoni"],"_links":{"self":[{"href":"https:\/\/diariotribuna.com.br\/index.php?rest_route=\/wp\/v2\/posts\/18130"}],"collection":[{"href":"https:\/\/diariotribuna.com.br\/index.php?rest_route=\/wp\/v2\/posts"}],"about":[{"href":"https:\/\/diariotribuna.com.br\/index.php?rest_route=\/wp\/v2\/types\/post"}],"author":[{"embeddable":true,"href":"https:\/\/diariotribuna.com.br\/index.php?rest_route=\/wp\/v2\/users\/1"}],"replies":[{"embeddable":true,"href":"https:\/\/diariotribuna.com.br\/index.php?rest_route=%2Fwp%2Fv2%2Fcomments&post=18130"}],"version-history":[{"count":3,"href":"https:\/\/diariotribuna.com.br\/index.php?rest_route=\/wp\/v2\/posts\/18130\/revisions"}],"predecessor-version":[{"id":18138,"href":"https:\/\/diariotribuna.com.br\/index.php?rest_route=\/wp\/v2\/posts\/18130\/revisions\/18138"}],"wp:featuredmedia":[{"embeddable":true,"href":"https:\/\/diariotribuna.com.br\/index.php?rest_route=\/wp\/v2\/media\/18132"}],"wp:attachment":[{"href":"https:\/\/diariotribuna.com.br\/index.php?rest_route=%2Fwp%2Fv2%2Fmedia&parent=18130"}],"wp:term":[{"taxonomy":"category","embeddable":true,"href":"https:\/\/diariotribuna.com.br\/index.php?rest_route=%2Fwp%2Fv2%2Fcategories&post=18130"},{"taxonomy":"post_tag","embeddable":true,"href":"https:\/\/diariotribuna.com.br\/index.php?rest_route=%2Fwp%2Fv2%2Ftags&post=18130"}],"curies":[{"name":"wp","href":"https:\/\/api.w.org\/{rel}","templated":true}]}}