{"id":18143,"date":"2023-01-06T12:54:30","date_gmt":"2023-01-06T15:54:30","guid":{"rendered":"https:\/\/diariotribuna.com.br\/?p=18143"},"modified":"2023-01-06T12:54:32","modified_gmt":"2023-01-06T15:54:32","slug":"prf-de-teofilo-otoni-recupera-motocicleta-furtada-utilizada-para-cometer-assaltos-em-governador-valadares","status":"publish","type":"post","link":"https:\/\/diariotribuna.com.br\/?p=18143","title":{"rendered":"PRF de Te\u00f3filo Otoni recupera motocicleta furtada utilizada para cometer assaltos em Governador Valadares"},"content":{"rendered":"\n<figure class=\"wp-block-image size-full is-resized is-style-default\"><img loading=\"lazy\" decoding=\"async\" src=\"https:\/\/diariotribuna.com.br\/wp-content\/uploads\/2023\/01\/e21a27b4-0cb8-4225-ab64-9e9f4ca39faf.jpg\" alt=\"\" class=\"wp-image-18144\" width=\"491\" height=\"306\" srcset=\"https:\/\/diariotribuna.com.br\/wp-content\/uploads\/2023\/01\/e21a27b4-0cb8-4225-ab64-9e9f4ca39faf.jpg 700w, https:\/\/diariotribuna.com.br\/wp-content\/uploads\/2023\/01\/e21a27b4-0cb8-4225-ab64-9e9f4ca39faf-300x187.jpg 300w, https:\/\/diariotribuna.com.br\/wp-content\/uploads\/2023\/01\/e21a27b4-0cb8-4225-ab64-9e9f4ca39faf-696x434.jpg 696w, https:\/\/diariotribuna.com.br\/wp-content\/uploads\/2023\/01\/e21a27b4-0cb8-4225-ab64-9e9f4ca39faf-674x420.jpg 674w\" sizes=\"(max-width: 491px) 100vw, 491px\" \/><\/figure>\n\n\n\n<p>Na noite de quinta-feira (05\/01), no Km 305 da BR-116, em Te\u00f3filo Otoni, a Pol\u00edcia Rodovi\u00e1ria Federal fazia rondas para a preven\u00e7\u00e3o de crimes, os agentes entraram no p\u00e1tio do posto de combust\u00edveis Monte Alto, e ao notarem uma motocicleta estacionada, fizeram consulta aos sistemas de informa\u00e7\u00e3o onde retornou a informa\u00e7\u00e3o de que o ve\u00edculo estava com restri\u00e7\u00e3o de roubo\/furto.<\/p>\n\n\n\n<p>A motocicleta havia sido furtada no dia 05\/09\/22 em Governador Valadares e j\u00e1 constava no sistema que o ve\u00edculo havia sido utilizado em outros crimes na referida cidade. O condutor havia fugido do local e a motocicleta foi encaminhada para um p\u00e1tio da Pol\u00edcia Civil e posteriormente ser\u00e1 devolvida ao seu verdadeiro propriet\u00e1rio. (Informa\u00e7\u00f5es\/Foto: PRF, Te\u00f3filo Otoni).<\/p>\n","protected":false},"excerpt":{"rendered":"<p>Na noite de quinta-feira (05\/01), no Km 305 da BR-116, em Te\u00f3filo Otoni, a Pol\u00edcia Rodovi\u00e1ria Federal fazia rondas para a preven\u00e7\u00e3o de crimes, os agentes entraram no p\u00e1tio do posto de combust\u00edveis Monte Alto, e ao notarem uma motocicleta estacionada, fizeram consulta aos sistemas de informa\u00e7\u00e3o onde retornou a informa\u00e7\u00e3o de que o ve\u00edculo [&hellip;]<\/p>\n","protected":false},"author":1,"featured_media":18144,"comment_status":"open","ping_status":"open","sticky":false,"template":"","format":"standard","meta":{"rop_custom_images_group":[],"rop_custom_messages_group":[],"rop_publish_now":"initial","rop_publish_now_accounts":[],"rop_publish_now_history":[],"rop_publish_now_status":"pending","footnotes":""},"categories":[25,20],"tags":[186,1382,986,190,2029,675,75],"class_list":["post-18143","post","type-post","status-publish","format-standard","has-post-thumbnail","hentry","category-destaque","category-policia","tag-apreensao","tag-br-116-2","tag-furto","tag-moto","tag-policia-rodoviaria-federal","tag-roubo","tag-teofilo-otoni"],"_links":{"self":[{"href":"https:\/\/diariotribuna.com.br\/index.php?rest_route=\/wp\/v2\/posts\/18143"}],"collection":[{"href":"https:\/\/diariotribuna.com.br\/index.php?rest_route=\/wp\/v2\/posts"}],"about":[{"href":"https:\/\/diariotribuna.com.br\/index.php?rest_route=\/wp\/v2\/types\/post"}],"author":[{"embeddable":true,"href":"https:\/\/diariotribuna.com.br\/index.php?rest_route=\/wp\/v2\/users\/1"}],"replies":[{"embeddable":true,"href":"https:\/\/diariotribuna.com.br\/index.php?rest_route=%2Fwp%2Fv2%2Fcomments&post=18143"}],"version-history":[{"count":1,"href":"https:\/\/diariotribuna.com.br\/index.php?rest_route=\/wp\/v2\/posts\/18143\/revisions"}],"predecessor-version":[{"id":18145,"href":"https:\/\/diariotribuna.com.br\/index.php?rest_route=\/wp\/v2\/posts\/18143\/revisions\/18145"}],"wp:featuredmedia":[{"embeddable":true,"href":"https:\/\/diariotribuna.com.br\/index.php?rest_route=\/wp\/v2\/media\/18144"}],"wp:attachment":[{"href":"https:\/\/diariotribuna.com.br\/index.php?rest_route=%2Fwp%2Fv2%2Fmedia&parent=18143"}],"wp:term":[{"taxonomy":"category","embeddable":true,"href":"https:\/\/diariotribuna.com.br\/index.php?rest_route=%2Fwp%2Fv2%2Fcategories&post=18143"},{"taxonomy":"post_tag","embeddable":true,"href":"https:\/\/diariotribuna.com.br\/index.php?rest_route=%2Fwp%2Fv2%2Ftags&post=18143"}],"curies":[{"name":"wp","href":"https:\/\/api.w.org\/{rel}","templated":true}]}}