{"id":18146,"date":"2023-01-06T16:48:28","date_gmt":"2023-01-06T19:48:28","guid":{"rendered":"https:\/\/diariotribuna.com.br\/?p=18146"},"modified":"2023-01-06T16:48:30","modified_gmt":"2023-01-06T19:48:30","slug":"transforma-minas-abre-processo-seletivo-para-207-liderancas-regionais","status":"publish","type":"post","link":"https:\/\/diariotribuna.com.br\/?p=18146","title":{"rendered":"Transforma Minas abre processo seletivo para 207 lideran\u00e7as regionais"},"content":{"rendered":"\n<h3 class=\"wp-block-heading\"><strong><em>Vagas s\u00e3o para atua\u00e7\u00e3o em nove \u00f3rg\u00e3os e entidades do Governo de Minas Gerais<\/em><\/strong><\/h3>\n\n\n\n<figure class=\"wp-block-image size-full is-resized is-style-default\"><img loading=\"lazy\" decoding=\"async\" src=\"https:\/\/diariotribuna.com.br\/wp-content\/uploads\/2023\/01\/4ac0e937-8c6e-48c7-9697-4eff1797fae4-1.jpg\" alt=\"\" class=\"wp-image-18147\" width=\"417\" height=\"234\" srcset=\"https:\/\/diariotribuna.com.br\/wp-content\/uploads\/2023\/01\/4ac0e937-8c6e-48c7-9697-4eff1797fae4-1.jpg 600w, https:\/\/diariotribuna.com.br\/wp-content\/uploads\/2023\/01\/4ac0e937-8c6e-48c7-9697-4eff1797fae4-1-300x169.jpg 300w\" sizes=\"(max-width: 417px) 100vw, 417px\" \/><\/figure>\n\n\n\n<p>O programa\u00a0<a rel=\"noreferrer noopener\" href=\"http:\/\/www.transformaminas.mg.gov.br\/\" target=\"_blank\">Transforma Minas<\/a>, coordenado pela\u00a0<a rel=\"noreferrer noopener\" href=\"http:\/\/www.planejamento.mg.gov.br\/\" target=\"_blank\">Secretaria de Estado de Planejamento e Gest\u00e3o (Seplag-MG)<\/a>, publicou\u00a0na quinta-feira (05\/01)\u00a0o regulamento para sele\u00e7\u00e3o de 207 lideran\u00e7as regionais para atua\u00e7\u00e3o em nove \u00f3rg\u00e3os e entidades do\u00a0<a rel=\"noreferrer noopener\" href=\"http:\/\/www.mg.gov.br\/\" target=\"_blank\">Governo de Minas<\/a>. O Regulamento dos Processos Seletivos est\u00e1 dispon\u00edvel\u00a0<a rel=\"noreferrer noopener\" href=\"https:\/\/www.mg.gov.br\/transforma-minas\/vaga\/seplag-regulamento-de-selecao-liderancas-regionais-2023\" target=\"_blank\">neste link<\/a>.<\/p>\n\n\n\n<p><strong>As vagas s\u00e3o para as regionais dos \u00f3rg\u00e3os: <\/strong>Secretarias de Estado de\u00a0<a rel=\"noreferrer noopener\" href=\"http:\/\/www.educacao.mg.gov.br\/\" target=\"_blank\">Educa\u00e7\u00e3o (SEE-MG)<\/a>, de Sa\u00fade\u00a0<a rel=\"noreferrer noopener\" href=\"http:\/\/www.saude.mg.gov.br\/\" target=\"_blank\">(SES-MG)<\/a>, de\u00a0<a rel=\"noreferrer noopener\" href=\"http:\/\/www.meioambiente.mg.gov.br\/\" target=\"_blank\">Meio Ambiente e Desenvolvimento Sustent\u00e1vel (Semad)<\/a>, de\u00a0<a rel=\"noreferrer noopener\" href=\"http:\/\/www.social.mg.gov.br\/\" target=\"_blank\">Desenvolvimento Social (Sedese)<\/a>\u00a0e de\u00a0<a rel=\"noreferrer noopener\" href=\"http:\/\/www.seguranca.mg.gov.br\/\" target=\"_blank\">Justi\u00e7a e Seguran\u00e7a P\u00fablica (Sejusp)<\/a>, al\u00e9m do\u00a0<a rel=\"noreferrer noopener\" href=\"http:\/\/www.der.mg.gov.br\/\" target=\"_blank\">Departamento de Edifica\u00e7\u00f5es e Estradas de Rodagem (DER-MG)<\/a>,\u00a0<a rel=\"noreferrer noopener\" href=\"http:\/\/www.ief.mg.gov.br\/\" target=\"_blank\">Instituto Estadual de Florestas (IEF)<\/a>,\u00a0<a rel=\"noreferrer noopener\" href=\"http:\/\/www.ima.mg.gov.br\/\" target=\"_blank\">Instituto Mineiro de Agropecu\u00e1ria (IMA)<\/a>\u00a0e\u00a0<a rel=\"noreferrer noopener\" href=\"http:\/\/www.emater.mg.gov.br\/\" target=\"_blank\">Empresa de Assist\u00eancia T\u00e9cnica e Extens\u00e3o Rural do Estado de Minas Gerais (Emater-MG)<\/a>.<\/p>\n\n\n\n<p>No regulamento, Anexos I e II, est\u00e3o dispon\u00edveis ainda as informa\u00e7\u00f5es sobre a quantidade de vagas para cada \u00f3rg\u00e3o e o cronograma com a data prevista para a abertura de inscri\u00e7\u00f5es para as vagas em cada um deles.<\/p>\n\n\n\n<p>\u201cO processo seletivo segue as diretrizes do Governo de Minas e busca reconhecer profissionais que possuem as compet\u00eancias t\u00e9cnicas e comportamentais requisitadas para postos de lideran\u00e7as\u201d, afirma a coordenadora do Transforma Minas, Luciana Cust\u00f3dio.<\/p>\n\n\n\n<p><strong>Cronograma das sele\u00e7\u00f5es<\/strong> &#8211; As sele\u00e7\u00f5es acontecer\u00e3o ao longo dos pr\u00f3ximos meses, de forma escalonada, de acordo com o cronograma estabelecido no Regulamento dos Processos Seletivos. A cada conjunto de vagas lan\u00e7ado, o documento \u201cDescri\u00e7\u00e3o da Vaga\u201d correspondente ser\u00e1 publicado no site do programa &#8211;\u00a0<a rel=\"noreferrer noopener\" href=\"http:\/\/www.transformaminas.mg.gov.br\/\" target=\"_blank\">www.transformaminas.mg.gov.br<\/a>\u00a0&#8211; com todas as especificidades dos cargos e todas as demais informa\u00e7\u00f5es sobre os processos. Os candidatos interessados poder\u00e3o se inscrever para mais de uma vaga, desde que atendam aos requisitos de cada sele\u00e7\u00e3o.<\/p>\n\n\n\n<p>J\u00e1 nesta sexta-feira (6\/1), tiveram in\u00edcio as inscri\u00e7\u00f5es para as vagas de diretor(a) regional de Desenvolvimento Social, da Sedese, e de superintendente regional de Sa\u00fade e gerente regional de Sa\u00fade, ambas da SES-MG. As informa\u00e7\u00f5es est\u00e3o na p\u00e1gina do Transforma Minas.<\/p>\n\n\n\n<p>No caso dos 47 cargos de superintendente regional de ensino da Secretaria de Estado de Educa\u00e7\u00e3o, que ter\u00e1 o documento com a descri\u00e7\u00e3o da vaga publicado posteriormente, \u00e9 preciso, al\u00e9m de outros crit\u00e9rios, possuir a Certifica\u00e7\u00e3o Ocupacional, conforme previsto no Decreto 47625, de 20\/03\/2019.<\/p>\n\n\n\n<p><strong>Transforma Minas<\/strong> &#8211; Desde que foi lan\u00e7ado, em 2019, o Transforma Minas j\u00e1 selecionou 245 profissionais para cargos de lideran\u00e7a nos \u00f3rg\u00e3os e entidades do Executivo mineiro, dentro da frente Atra\u00e7\u00e3o e Sele\u00e7\u00e3o do programa. Em 2019, tamb\u00e9m foi realizado um processo seletivo para lideran\u00e7as regionais, que contemplou 108 vagas nas regionais da SEE, SES, Semad e Sedese.<\/p>\n\n\n\n<p>O programa atua, tamb\u00e9m, nas frentes de Desenvolvimento e Desempenho de Lideran\u00e7as e de Engajamento de L\u00edderes e Equipes, que buscam assegurar que gestores e lideran\u00e7as do Governo de Minas estejam aptos a enfrentar os desafios do setor p\u00fablico e garantir o acompanhamento peri\u00f3dico do trabalho, al\u00e9m de fomentar os n\u00edveis de engajamento dos l\u00edderes e respectivas equipes. <strong>(Imprensa\/ Governo de Minas)<\/strong><\/p>\n","protected":false},"excerpt":{"rendered":"<p>Vagas s\u00e3o para atua\u00e7\u00e3o em nove \u00f3rg\u00e3os e entidades do Governo de Minas Gerais O programa\u00a0Transforma Minas, coordenado pela\u00a0Secretaria de Estado de Planejamento e Gest\u00e3o (Seplag-MG), publicou\u00a0na quinta-feira (05\/01)\u00a0o regulamento para sele\u00e7\u00e3o de 207 lideran\u00e7as regionais para atua\u00e7\u00e3o em nove \u00f3rg\u00e3os e entidades do\u00a0Governo de Minas. O Regulamento dos Processos Seletivos est\u00e1 dispon\u00edvel\u00a0neste link. As [&hellip;]<\/p>\n","protected":false},"author":1,"featured_media":18147,"comment_status":"open","ping_status":"open","sticky":false,"template":"","format":"standard","meta":{"rop_custom_images_group":[],"rop_custom_messages_group":[],"rop_publish_now":"initial","rop_publish_now_accounts":[],"rop_publish_now_history":[],"rop_publish_now_status":"pending","footnotes":""},"categories":[25,21],"tags":[357,5052,5053,4794,5051],"class_list":["post-18146","post","type-post","status-publish","format-standard","has-post-thumbnail","hentry","category-destaque","category-politica","tag-governo-de-minas","tag-liderancas-regionais","tag-novas-vagas","tag-processo-seletivo","tag-transforma-minas"],"_links":{"self":[{"href":"https:\/\/diariotribuna.com.br\/index.php?rest_route=\/wp\/v2\/posts\/18146"}],"collection":[{"href":"https:\/\/diariotribuna.com.br\/index.php?rest_route=\/wp\/v2\/posts"}],"about":[{"href":"https:\/\/diariotribuna.com.br\/index.php?rest_route=\/wp\/v2\/types\/post"}],"author":[{"embeddable":true,"href":"https:\/\/diariotribuna.com.br\/index.php?rest_route=\/wp\/v2\/users\/1"}],"replies":[{"embeddable":true,"href":"https:\/\/diariotribuna.com.br\/index.php?rest_route=%2Fwp%2Fv2%2Fcomments&post=18146"}],"version-history":[{"count":1,"href":"https:\/\/diariotribuna.com.br\/index.php?rest_route=\/wp\/v2\/posts\/18146\/revisions"}],"predecessor-version":[{"id":18148,"href":"https:\/\/diariotribuna.com.br\/index.php?rest_route=\/wp\/v2\/posts\/18146\/revisions\/18148"}],"wp:featuredmedia":[{"embeddable":true,"href":"https:\/\/diariotribuna.com.br\/index.php?rest_route=\/wp\/v2\/media\/18147"}],"wp:attachment":[{"href":"https:\/\/diariotribuna.com.br\/index.php?rest_route=%2Fwp%2Fv2%2Fmedia&parent=18146"}],"wp:term":[{"taxonomy":"category","embeddable":true,"href":"https:\/\/diariotribuna.com.br\/index.php?rest_route=%2Fwp%2Fv2%2Fcategories&post=18146"},{"taxonomy":"post_tag","embeddable":true,"href":"https:\/\/diariotribuna.com.br\/index.php?rest_route=%2Fwp%2Fv2%2Ftags&post=18146"}],"curies":[{"name":"wp","href":"https:\/\/api.w.org\/{rel}","templated":true}]}}