{"id":18149,"date":"2023-01-06T17:34:35","date_gmt":"2023-01-06T20:34:35","guid":{"rendered":"https:\/\/diariotribuna.com.br\/?p=18149"},"modified":"2023-01-06T17:36:23","modified_gmt":"2023-01-06T20:36:23","slug":"um-polemico-superman-negro-o-personagem-que-inspira-o-policial-reinaldo-monteiro","status":"publish","type":"post","link":"https:\/\/diariotribuna.com.br\/?p=18149","title":{"rendered":"<strong>Um pol\u00eamico \u201cSuperman\u201d negro: o personagem que inspira o policial Reinaldo Monteiro<\/strong>"},"content":{"rendered":"\n<figure class=\"wp-block-image size-full is-resized is-style-default\"><img loading=\"lazy\" decoding=\"async\" src=\"https:\/\/diariotribuna.com.br\/wp-content\/uploads\/2023\/01\/Juliana-1.jpg\" alt=\"\" class=\"wp-image-18152\" width=\"339\" height=\"355\" srcset=\"https:\/\/diariotribuna.com.br\/wp-content\/uploads\/2023\/01\/Juliana-1.jpg 650w, https:\/\/diariotribuna.com.br\/wp-content\/uploads\/2023\/01\/Juliana-1-286x300.jpg 286w, https:\/\/diariotribuna.com.br\/wp-content\/uploads\/2023\/01\/Juliana-1-401x420.jpg 401w\" sizes=\"(max-width: 339px) 100vw, 339px\" \/><figcaption class=\"wp-element-caption\"><strong><strong>Juliana Lemes da Cruz.<\/strong><\/strong><br><strong><strong>Doutoranda em Pol\u00edtica Social \u2013 UFF.<\/strong><\/strong><br><strong><strong>Pesquisadora GEPAF\/UFVJM.<\/strong><\/strong><br><strong><strong>Coordenadora do Projeto MLV.<\/strong><\/strong><br><strong><strong>Contato: <\/strong><a href=\"mailto:julianalemes@id.uff.br\"><strong>julianalemes@id.uff.br<\/strong><\/a><\/strong><\/figcaption><\/figure>\n\n\n\n<figure class=\"wp-block-image size-full is-resized is-style-default\"><img loading=\"lazy\" decoding=\"async\" src=\"https:\/\/diariotribuna.com.br\/wp-content\/uploads\/2023\/01\/587f7551-8507-4c88-b082-9e9263aeb64f.jpg\" alt=\"\" class=\"wp-image-18150\" width=\"598\" height=\"331\" srcset=\"https:\/\/diariotribuna.com.br\/wp-content\/uploads\/2023\/01\/587f7551-8507-4c88-b082-9e9263aeb64f.jpg 700w, https:\/\/diariotribuna.com.br\/wp-content\/uploads\/2023\/01\/587f7551-8507-4c88-b082-9e9263aeb64f-300x166.jpg 300w, https:\/\/diariotribuna.com.br\/wp-content\/uploads\/2023\/01\/587f7551-8507-4c88-b082-9e9263aeb64f-696x385.jpg 696w\" sizes=\"(max-width: 598px) 100vw, 598px\" \/><figcaption class=\"wp-element-caption\"><strong>Reinaldo &#8211; O Superman negro<\/strong><\/figcaption><\/figure>\n\n\n\n<p>Qualquer crian\u00e7a carrega consigo fantasias desconectadas dos preconceitos do mundo real. Por outro lado, a pureza do seu universo infantil costuma ser fortemente influenciado pelas posturas de pessoas pr\u00f3ximas, j\u00e1 adultas. Dessa maneira, as crian\u00e7as parecem absorver que para se identificarem com determinado her\u00f3i, precisam parecer fisicamente com ele.<\/p>\n\n\n\n<p>Introduzo assim, para destacar a hist\u00f3ria de vida de Reinaldo Monteiro, morador de Te\u00f3filo Otoni que, levou para sua vida adulta as mem\u00f3rias de inf\u00e2ncia sobre seu super-her\u00f3i preferido: o Superman. Decis\u00e3o que lhe custa questionamentos sobre os motivos que o levaram a assumir o personagem com tanta dedica\u00e7\u00e3o. Por outro lado, sua postura se mostra interessante por quebrar um paradigma, al\u00e9m de simbolizar um leg\u00edtimo ato de resist\u00eancia frente ao racismo estrutural \u2013 aquele que \u00e9 visto socialmente como natural, normal ou toler\u00e1vel.<\/p>\n\n\n\n<figure class=\"wp-block-image size-full is-resized is-style-default\"><img loading=\"lazy\" decoding=\"async\" src=\"https:\/\/diariotribuna.com.br\/wp-content\/uploads\/2023\/01\/Reinaldo-com-sua-mae-e-irmaos-1.jpeg\" alt=\"\" class=\"wp-image-18157\" width=\"549\" height=\"395\" srcset=\"https:\/\/diariotribuna.com.br\/wp-content\/uploads\/2023\/01\/Reinaldo-com-sua-mae-e-irmaos-1.jpeg 600w, https:\/\/diariotribuna.com.br\/wp-content\/uploads\/2023\/01\/Reinaldo-com-sua-mae-e-irmaos-1-300x216.jpeg 300w, https:\/\/diariotribuna.com.br\/wp-content\/uploads\/2023\/01\/Reinaldo-com-sua-mae-e-irmaos-1-583x420.jpeg 583w\" sizes=\"(max-width: 549px) 100vw, 549px\" \/><figcaption class=\"wp-element-caption\"><strong><strong>Reinaldo com sua m\u00e3e e irm\u00e3os<\/strong><\/strong><\/figcaption><\/figure>\n\n\n\n<p>Quando crian\u00e7a, nas brincadeiras de rua com os colegas, Reinaldo sempre queria ser o superman, mas, em regra, para garantir sua vontade, precisava brigar. Seus amigos n\u00e3o admitiam que ele, negro, assumisse o papel de um super-her\u00f3i branco e de olhos claros. O Superman sempre foi o super-her\u00f3i preferido do Reinaldo porque ele poderia fazer o que quisesse, al\u00e9m de ter uma vida pautada em valores e na humildade. O que a vida simples reservou ao protagonista dessa hist\u00f3ria foram os sonhos e as fantasias, pois sua realidade n\u00e3o lhe permitia ter brinquedos.<\/p>\n\n\n\n<p>O impasse com a cor de sua pele n\u00e3o acontecia apenas nos momentos das brincadeiras de crian\u00e7a. Reinaldo foi o \u00fanico dos seis filhos da Dona Maria da Concei\u00e7\u00e3o que n\u00e3o nasceu com a pele clara. Assim, as desaven\u00e7as aconteciam entre seus irm\u00e3os, que, assim como seus colegas, tamb\u00e9m o nomeava com apelidos ofensivos, associados ao fato dele ser negro. Temendo que as posturas excludentes das pessoas do conv\u00edvio do garoto, sua irm\u00e3 mais velha e sua m\u00e3e o superprotegeram do mundo.<\/p>\n\n\n\n<p>Com o tempo, Reinaldo apreendeu que \u201cExiste a brincadeira e existe a brincadeira racista, aquela que o cara quer atingir e te diminuir pela cor da sua pele\u201d. O filho da Dona Maria considera sua irm\u00e3, Girlene, como uma m\u00e3e de cuidados. Era ela quem se responsabilizava por ele e pelos demais&nbsp;<a><\/a>irm\u00e3os para que sua m\u00e3e pudesse trabalhar. Com renda baixa e analfabeta, Dona Maria conseguiu criar e educar seus filhos \u201ccom muita dificuldade, ensinando o valor do trabalho\u201d, mesmo sem a presen\u00e7a de uma figura paterna. Como m\u00e3e-solo (sozinha), conduziu a fam\u00edlia em meio \u00e0s vulnerabilidades do ambiente dos aglomerados urbanos, onde era poss\u00edvel morar.<\/p>\n\n\n\n<p>Ao contr\u00e1rio do que ocorre com in\u00fameras crian\u00e7as e adolescentes que vivem em comunidades onde podem ser facilmente cooptados por influ\u00eancias associadas \u00e0 criminalidade, Reinaldo entendia como sua refer\u00eancia, os policiais, que eram seus her\u00f3is reais. Aqueles que ele via trabalhando em viaturas, fardados.<\/p>\n\n\n\n<p>Em um tempo em que o trabalho infantil n\u00e3o contrariava as normas nacionais, Dona Maria colocou Reinaldo, aos nove anos de idade para ajudar em uma oficina mec\u00e2nica. Logo depois, come\u00e7ou a vender picol\u00e9s, past\u00e9is e geladinho para ajudar em casa; fazia entregas e foi guarda-mirim. J\u00e1 com 18 anos, seu primeiro emprego foi na rodovi\u00e1ria \u2013 banheiros, lanchonete e portaria; foi taxista; mototaxista; trabalhou em firmas nos setores de transportes e de constru\u00e7\u00e3o civil; foi vigilante de banco; trabalhou em posto de gasolina; em churrascaria; no Centro Socioeducativo local; e, enfim, ingressou na institui\u00e7\u00e3o dos seus super-her\u00f3is reais, a Pol\u00edcia Militar mineira.<\/p>\n\n\n\n<p>\u201cQuantas vezes eu subi em aglomerado, com aquele estilo meu, ignorante, para prender o cara, chegava l\u00e1, n\u00e3o tinha luz, n\u00e3o tinha \u00e1gua (&#8230;)\u201d. Reinaldo via a necessidade que aquelas pessoas passavam e buscava fazer algo por elas ap\u00f3s cumprir o que seu of\u00edcio exigia. Reconhecia naquelas realidades, a sua pr\u00f3pria, na \u00e9poca de inf\u00e2ncia. \u201cChegava numa casa, onde o pai era bandido, mas, tinha seis meninos l\u00e1 com a m\u00e3e criando sozinha, e o cara preso (&#8230;) e era uma coisa que, em parte, eu tinha passado com mam\u00e3e, sabe? \u201d.<\/p>\n\n\n\n<p>Na tentativa de levar um pouco de alegria e alento \u00e0s crian\u00e7as de alguns locais que chegou a visitar, assumia o seu personagem de \u201cSuperman\u201d, tornando-se bastante conhecido por ter se apropriado da figura do super-her\u00f3i como uma marca pessoal. Reinaldo tem os s\u00edmbolos do \u201cSuperman\u201d no muro dos fundos de sua resid\u00eancia, vis\u00edvel h\u00e1 quil\u00f4metros de dist\u00e2ncia; na sua motocicleta; tatuado na sua pele e em objetos pessoais. Tem camisetas e fantasias tem\u00e1ticas, al\u00e9m de, usualmente, brincar de ser o personagem em brincadeiras caseiras ou em ocasi\u00f5es p\u00fablicas.<\/p>\n\n\n\n<p>O Reinaldo Monteiro da fase adulta desenha sonhos. Cursa o 8\u00ba per\u00edodo de Odontologia porque pretende colocar em pr\u00e1tica um deles \u2013 com foco nas crian\u00e7as carentes. Antes disso, graduou-se em Direito e em Administra\u00e7\u00e3o, tendo cumprido p\u00f3s-gradua\u00e7\u00e3o em doc\u00eancia do ensino superior; direito do trabalho; e direito p\u00fablico. \u00c9 crist\u00e3o, membro da igreja Vida e Paz, solteiro e disposto a constituir uma fam\u00edlia.<\/p>\n\n\n\n<p>Em respeito \u00e0 sua trajet\u00f3ria de vida e se julgando capaz de fazer algo por seu munic\u00edpio, candidatou-se a vereador nas elei\u00e7\u00f5es 2020, tendo passado perto. Apenas dois votos o separaram da verean\u00e7a. \u00c9, por isso, o 1\u00ba suplente como vereador. H\u00e1 cerca de dois anos, Reinaldo disse ter vivido o pior momento de sua vida. Um grave acidente automobil\u00edstico levou sua m\u00e3e \u00e0 morte. A forma tr\u00e1gica com que se deu seu falecimento provocou impacto capaz de abalar profundamente aquele que assumia para si as for\u00e7as de um super-her\u00f3i. Reinaldo permanece em tratamento para aprender a lidar com a situa\u00e7\u00e3o, e n\u00e3o se permitiu perder sua energia vital. \u201cReinaldo Superman\u201d continua sendo sua principal marca.<\/p>\n\n\n\n<p>Para al\u00e9m de parecer uma \u201cmaluquice\u201d, assumir um personagem infantil como elemento de vida, parece a demonstra\u00e7\u00e3o p\u00fablica de que os sentidos das nossas vidas n\u00e3o devem depender da opini\u00e3o alheia para que sejam assumidos por n\u00f3s. O \u201cSuperman\u201d faz sentido para o Reinaldo e ele decidiu n\u00e3o abandonar o super-her\u00f3i da sua fase de inf\u00e2ncia porque sua fase adulta chegou. A \u201cmaluquice\u201d para alguns, diz muito para outros. Antes de mais nada, parece ter sido o s\u00edmbolo de resist\u00eancia diante de uma das primeiras lutas que precisou travar na sua vida: contra o racismo estrutural.<\/p>\n\n\n\n<figure class=\"wp-block-gallery has-nested-images columns-default is-cropped wp-block-gallery-1 is-layout-flex wp-block-gallery-is-layout-flex\">\n<figure class=\"wp-block-image size-large is-style-default\"><img loading=\"lazy\" decoding=\"async\" width=\"507\" height=\"824\" data-id=\"18156\" src=\"https:\/\/diariotribuna.com.br\/wp-content\/uploads\/2023\/01\/Reinaldo-Monteiro.jpg\" alt=\"\" class=\"wp-image-18156\" srcset=\"https:\/\/diariotribuna.com.br\/wp-content\/uploads\/2023\/01\/Reinaldo-Monteiro.jpg 507w, https:\/\/diariotribuna.com.br\/wp-content\/uploads\/2023\/01\/Reinaldo-Monteiro-185x300.jpg 185w, https:\/\/diariotribuna.com.br\/wp-content\/uploads\/2023\/01\/Reinaldo-Monteiro-258x420.jpg 258w\" sizes=\"(max-width: 507px) 100vw, 507px\" \/><figcaption class=\"wp-element-caption\"><strong><mark style=\"background-color:#abb8c3\" class=\"has-inline-color has-black-color\">Reinaldo Monteiro<\/mark><\/strong><\/figcaption><\/figure>\n\n\n\n<figure class=\"wp-block-image size-large is-style-default\"><img loading=\"lazy\" decoding=\"async\" width=\"500\" height=\"886\" data-id=\"18154\" src=\"https:\/\/diariotribuna.com.br\/wp-content\/uploads\/2023\/01\/o-Superman-em-acoes-sociais-1.jpeg\" alt=\"\" class=\"wp-image-18154\" srcset=\"https:\/\/diariotribuna.com.br\/wp-content\/uploads\/2023\/01\/o-Superman-em-acoes-sociais-1.jpeg 500w, https:\/\/diariotribuna.com.br\/wp-content\/uploads\/2023\/01\/o-Superman-em-acoes-sociais-1-169x300.jpeg 169w, https:\/\/diariotribuna.com.br\/wp-content\/uploads\/2023\/01\/o-Superman-em-acoes-sociais-1-237x420.jpeg 237w\" sizes=\"(max-width: 500px) 100vw, 500px\" \/><figcaption class=\"wp-element-caption\"><mark style=\"background-color:#abb8c3\" class=\"has-inline-color has-black-color\">O<strong> Superman em a\u00e7\u00f5es sociais<\/strong><\/mark><\/figcaption><\/figure>\n\n\n\n<figure class=\"wp-block-image size-large is-style-default\"><img loading=\"lazy\" decoding=\"async\" width=\"662\" height=\"1024\" data-id=\"18155\" src=\"https:\/\/diariotribuna.com.br\/wp-content\/uploads\/2023\/01\/Reinaldo-no-curso-de-Odontologia.jpeg\" alt=\"\" class=\"wp-image-18155\" srcset=\"https:\/\/diariotribuna.com.br\/wp-content\/uploads\/2023\/01\/Reinaldo-no-curso-de-Odontologia.jpeg 662w, https:\/\/diariotribuna.com.br\/wp-content\/uploads\/2023\/01\/Reinaldo-no-curso-de-Odontologia-194x300.jpeg 194w, https:\/\/diariotribuna.com.br\/wp-content\/uploads\/2023\/01\/Reinaldo-no-curso-de-Odontologia-272x420.jpeg 272w\" sizes=\"(max-width: 662px) 100vw, 662px\" \/><figcaption class=\"wp-element-caption\"><strong><mark style=\"background-color:#abb8c3\" class=\"has-inline-color has-black-color\">Reinaldo no curso de Odontologia<\/mark><\/strong><\/figcaption><\/figure>\n<\/figure>\n","protected":false},"excerpt":{"rendered":"<p>Qualquer crian\u00e7a carrega consigo fantasias desconectadas dos preconceitos do mundo real. Por outro lado, a pureza do seu universo infantil costuma ser fortemente influenciado pelas posturas de pessoas pr\u00f3ximas, j\u00e1 adultas. Dessa maneira, as crian\u00e7as parecem absorver que para se identificarem com determinado her\u00f3i, precisam parecer fisicamente com ele. Introduzo assim, para destacar a hist\u00f3ria [&hellip;]<\/p>\n","protected":false},"author":1,"featured_media":18150,"comment_status":"open","ping_status":"open","sticky":false,"template":"","format":"standard","meta":{"rop_custom_images_group":[],"rop_custom_messages_group":[],"rop_publish_now":"initial","rop_publish_now_accounts":[],"rop_publish_now_history":[],"rop_publish_now_status":"pending","footnotes":""},"categories":[25,24],"tags":[1194,5054,5055,75],"class_list":["post-18149","post","type-post","status-publish","format-standard","has-post-thumbnail","hentry","category-destaque","category-opiniao","tag-juliana-lemes","tag-reinaldo-monteiro","tag-superman","tag-teofilo-otoni"],"_links":{"self":[{"href":"https:\/\/diariotribuna.com.br\/index.php?rest_route=\/wp\/v2\/posts\/18149"}],"collection":[{"href":"https:\/\/diariotribuna.com.br\/index.php?rest_route=\/wp\/v2\/posts"}],"about":[{"href":"https:\/\/diariotribuna.com.br\/index.php?rest_route=\/wp\/v2\/types\/post"}],"author":[{"embeddable":true,"href":"https:\/\/diariotribuna.com.br\/index.php?rest_route=\/wp\/v2\/users\/1"}],"replies":[{"embeddable":true,"href":"https:\/\/diariotribuna.com.br\/index.php?rest_route=%2Fwp%2Fv2%2Fcomments&post=18149"}],"version-history":[{"count":2,"href":"https:\/\/diariotribuna.com.br\/index.php?rest_route=\/wp\/v2\/posts\/18149\/revisions"}],"predecessor-version":[{"id":18159,"href":"https:\/\/diariotribuna.com.br\/index.php?rest_route=\/wp\/v2\/posts\/18149\/revisions\/18159"}],"wp:featuredmedia":[{"embeddable":true,"href":"https:\/\/diariotribuna.com.br\/index.php?rest_route=\/wp\/v2\/media\/18150"}],"wp:attachment":[{"href":"https:\/\/diariotribuna.com.br\/index.php?rest_route=%2Fwp%2Fv2%2Fmedia&parent=18149"}],"wp:term":[{"taxonomy":"category","embeddable":true,"href":"https:\/\/diariotribuna.com.br\/index.php?rest_route=%2Fwp%2Fv2%2Fcategories&post=18149"},{"taxonomy":"post_tag","embeddable":true,"href":"https:\/\/diariotribuna.com.br\/index.php?rest_route=%2Fwp%2Fv2%2Ftags&post=18149"}],"curies":[{"name":"wp","href":"https:\/\/api.w.org\/{rel}","templated":true}]}}