{"id":18166,"date":"2023-01-09T02:26:05","date_gmt":"2023-01-09T05:26:05","guid":{"rendered":"https:\/\/diariotribuna.com.br\/?p=18166"},"modified":"2023-01-10T23:57:26","modified_gmt":"2023-01-11T02:57:26","slug":"conselho-dos-procuradores-gerais-de-justica-solta-nota-publica-sobre-os-acontecimentos-em-brasilia","status":"publish","type":"post","link":"https:\/\/diariotribuna.com.br\/?p=18166","title":{"rendered":"Conselho dos Procuradores-Gerais de Justi\u00e7a solta nota p\u00fablica sobre os acontecimentos em Bras\u00edlia"},"content":{"rendered":"\n<figure class=\"wp-block-image size-full is-resized is-style-default\"><img loading=\"lazy\" decoding=\"async\" src=\"https:\/\/diariotribuna.com.br\/wp-content\/uploads\/2023\/01\/324244128_719056032879211_5740788091982524064_n.jpg\" alt=\"\" class=\"wp-image-18168\" width=\"453\" height=\"294\" srcset=\"https:\/\/diariotribuna.com.br\/wp-content\/uploads\/2023\/01\/324244128_719056032879211_5740788091982524064_n.jpg 600w, https:\/\/diariotribuna.com.br\/wp-content\/uploads\/2023\/01\/324244128_719056032879211_5740788091982524064_n-300x195.jpg 300w\" sizes=\"(max-width: 453px) 100vw, 453px\" \/><\/figure>\n\n\n\n<pre class=\"wp-block-verse\">O Conselho dos Procuradores-Gerais de Justi\u00e7a soltou nota p\u00fablica sobre os acontecimentos em Bras\u00edlia, neste domingo, 8 de janeiro\/2023.<\/pre>\n\n\n\n<p>&#8220;O Conselho Nacional dos Procuradores-Gerais do Minist\u00e9rio P\u00fablico dos Estados e da Uni\u00e3o (CNPG) expressa o seu mais profundo rep\u00fadio aos atos criminosos que culminaram na invas\u00e3o das sedes dos Tr\u00eas Poderes do Estado ocorridos neste domingo, dia 08 de janeiro de 2023, em Bras\u00edlia.<\/p>\n\n\n\n<p>Tais atos antidemocr\u00e1ticos, inclusive com preju\u00edzo ao patrim\u00f4nio<br>p\u00fablico, transcendem o limite constitucional da liberdade de<br>express\u00e3o, configurando-se como crimes que devem ser apurados e<br>julgados na forma da lei.<\/p>\n\n\n\n<p>Por for\u00e7a da Constitui\u00e7\u00e3o Federal, o Minist\u00e9rio P\u00fablico brasileiro tem<br>como fun\u00e7\u00e3o essencial a defesa da ordem jur\u00eddica e do regime<br>democr\u00e1tico, manifestado pelo respeito \u00e0 vontade da maioria da<br>popula\u00e7\u00e3o brasileira.<\/p>\n\n\n\n<p>Os Procuradores-Gerais dos Minist\u00e9rios P\u00fablicos dos Estados e da<br>Uni\u00e3o reafirmam o papel do Minist\u00e9rio P\u00fablico enquanto defensor do<br>Estado Democr\u00e1tico de Direito, colocam-se ao lado dos Poderes<br>constitu\u00eddos para prevenir e reprimir atos criminosos e<br>antidemocr\u00e1ticos e, confiando no trabalho das autoridades<br>competentes, clamam pela aplica\u00e7\u00e3o de r\u00edgidas medidas de apura\u00e7\u00e3o<br>e provid\u00eancias punitivas a todo aquele que concorreram \u00e0 lament\u00e1vel<br>e atroz agress\u00e3o e viol\u00eancia ao povo brasileiro.&#8221;<\/p>\n\n\n\n<h3 class=\"wp-block-heading\"><strong>Clique&nbsp;<a href=\"https:\/\/www.mpmg.mp.br\/data\/files\/58\/20\/DC\/86\/14395810DF1BD858760849A8\/NOTA%20PUBLICA%20-%2008.01.pdf\">aqui&nbsp;<\/a>para baixar o documento. <\/strong><\/h3>\n\n\n\n<p><strong>(MPMG\/ Imagem: CNPG))<\/strong><\/p>\n","protected":false},"excerpt":{"rendered":"<p>O Conselho dos Procuradores-Gerais de Justi\u00e7a soltou nota p\u00fablica sobre os acontecimentos em Bras\u00edlia, neste domingo, 8 de janeiro\/2023. &#8220;O Conselho Nacional dos Procuradores-Gerais do Minist\u00e9rio P\u00fablico dos Estados e da Uni\u00e3o (CNPG) expressa o seu mais profundo rep\u00fadio aos atos criminosos que culminaram na invas\u00e3o das sedes dos Tr\u00eas Poderes do Estado ocorridos neste [&hellip;]<\/p>\n","protected":false},"author":1,"featured_media":18168,"comment_status":"open","ping_status":"open","sticky":false,"template":"","format":"standard","meta":{"rop_custom_images_group":[],"rop_custom_messages_group":[],"rop_publish_now":"initial","rop_publish_now_accounts":[],"rop_publish_now_history":[],"rop_publish_now_status":"pending","footnotes":""},"categories":[19],"tags":[4345,1341,5060,5063,146,5061,5062],"class_list":["post-18166","post","type-post","status-publish","format-standard","has-post-thumbnail","hentry","category-gerais","tag-4345","tag-brasilia","tag-cnpg","tag-manifestacoes","tag-mpmg","tag-nota-publica","tag-repudio"],"_links":{"self":[{"href":"https:\/\/diariotribuna.com.br\/index.php?rest_route=\/wp\/v2\/posts\/18166"}],"collection":[{"href":"https:\/\/diariotribuna.com.br\/index.php?rest_route=\/wp\/v2\/posts"}],"about":[{"href":"https:\/\/diariotribuna.com.br\/index.php?rest_route=\/wp\/v2\/types\/post"}],"author":[{"embeddable":true,"href":"https:\/\/diariotribuna.com.br\/index.php?rest_route=\/wp\/v2\/users\/1"}],"replies":[{"embeddable":true,"href":"https:\/\/diariotribuna.com.br\/index.php?rest_route=%2Fwp%2Fv2%2Fcomments&post=18166"}],"version-history":[{"count":4,"href":"https:\/\/diariotribuna.com.br\/index.php?rest_route=\/wp\/v2\/posts\/18166\/revisions"}],"predecessor-version":[{"id":18194,"href":"https:\/\/diariotribuna.com.br\/index.php?rest_route=\/wp\/v2\/posts\/18166\/revisions\/18194"}],"wp:featuredmedia":[{"embeddable":true,"href":"https:\/\/diariotribuna.com.br\/index.php?rest_route=\/wp\/v2\/media\/18168"}],"wp:attachment":[{"href":"https:\/\/diariotribuna.com.br\/index.php?rest_route=%2Fwp%2Fv2%2Fmedia&parent=18166"}],"wp:term":[{"taxonomy":"category","embeddable":true,"href":"https:\/\/diariotribuna.com.br\/index.php?rest_route=%2Fwp%2Fv2%2Fcategories&post=18166"},{"taxonomy":"post_tag","embeddable":true,"href":"https:\/\/diariotribuna.com.br\/index.php?rest_route=%2Fwp%2Fv2%2Ftags&post=18166"}],"curies":[{"name":"wp","href":"https:\/\/api.w.org\/{rel}","templated":true}]}}