{"id":18172,"date":"2023-01-09T02:52:57","date_gmt":"2023-01-09T05:52:57","guid":{"rendered":"https:\/\/diariotribuna.com.br\/?p=18172"},"modified":"2023-01-10T01:12:50","modified_gmt":"2023-01-10T04:12:50","slug":"lula-decreta-intervencao-federal-na-seguranca-publica-do-df","status":"publish","type":"post","link":"https:\/\/diariotribuna.com.br\/?p=18172","title":{"rendered":"<strong>Lula decreta interven\u00e7\u00e3o federal na seguran\u00e7a p\u00fablica do DF<\/strong>"},"content":{"rendered":"\n<h3 class=\"wp-block-heading\"><strong><em>Secret\u00e1rio executivo do Minist\u00e9rio da Justi\u00e7a ser\u00e1 interventor<\/em><\/strong><\/h3>\n\n\n\n<figure class=\"wp-block-image size-full is-resized is-style-default\"><img loading=\"lazy\" decoding=\"async\" src=\"https:\/\/diariotribuna.com.br\/wp-content\/uploads\/2023\/01\/ddde1ffe-f7fb-4676-8a97-382121a1ff04.jpg\" alt=\"\" class=\"wp-image-18173\" width=\"464\" height=\"277\" srcset=\"https:\/\/diariotribuna.com.br\/wp-content\/uploads\/2023\/01\/ddde1ffe-f7fb-4676-8a97-382121a1ff04.jpg 700w, https:\/\/diariotribuna.com.br\/wp-content\/uploads\/2023\/01\/ddde1ffe-f7fb-4676-8a97-382121a1ff04-300x179.jpg 300w, https:\/\/diariotribuna.com.br\/wp-content\/uploads\/2023\/01\/ddde1ffe-f7fb-4676-8a97-382121a1ff04-696x416.jpg 696w\" sizes=\"(max-width: 464px) 100vw, 464px\" \/><\/figure>\n\n\n\n<p>O presidente da Rep\u00fablica, Luiz In\u00e1cio Lula da Silva, anunciou a publica\u00e7\u00e3o neste domingo (08\/01) de um decreto que prev\u00ea a interven\u00e7\u00e3o na \u00e1rea de seguran\u00e7a p\u00fablica do governo do Distrito Federal (GDF). Segundo o decreto, o prazo da interven\u00e7\u00e3o vai at\u00e9 31 de janeiro de 2023.<\/p>\n\n\n\n<p>\u201cEssa interven\u00e7\u00e3o est\u00e1 limitada \u00e0 \u00e1rea de seguran\u00e7a p\u00fablica, com o objetivo de conter o grave comprometimento da ordem p\u00fablica no DF, marcado pela viol\u00eancia contra pr\u00e9dios p\u00fablicos\u201d, disse Lula durante viagem que faz a Araraquara (SP).<\/p>\n\n\n\n<p>A interven\u00e7\u00e3o ser\u00e1 comandada pelo secret\u00e1rio executivo do Minist\u00e9rio da Justi\u00e7a, Ricardo Cappelli, subordinado diretamente \u00e0 Presid\u00eancia da Rep\u00fablica. \u201cO interventor poder\u00e1 requisitar recursos financeiros, tecnol\u00f3gicos, estruturais necess\u00e1rios a quaisquer \u00f3rg\u00e3os\u201d, acrescentou Lula.<\/p>\n\n\n\n<pre class=\"wp-block-verse\">Segundo o decreto, leis que n\u00e3o tiverem rela\u00e7\u00e3o com seguran\u00e7a p\u00fablica permanecem sob responsabilidade do governo local.<\/pre>\n\n\n\n<p>Antes de assinar o decreto, o presidente condenou os atos antidemocr\u00e1ticos que tomaram conta da Pra\u00e7a dos Tr\u00eas Poderes e disse ter havido falha de seguran\u00e7a. \u201cAchamos que houve falta de seguran\u00e7a. Queria dizer para voc\u00eas que todas as pessoas que fizeram isso ser\u00e3o encontradas e punidas. Eles v\u00e3o perceber que a democracia garante o direito de liberdade, de livre comunica\u00e7\u00e3o e express\u00e3o, mas v\u00e3o exigir que as pessoas respeitem as institui\u00e7\u00f5es criadas para fortalecer a democracia\u201d, declarou.<\/p>\n\n\n\n<p>O presidente prometeu que todas as pessoas que participaram da depreda\u00e7\u00e3o ser\u00e3o punidas pela lei e chamou de irrespons\u00e1veis os atos antidemocr\u00e1ticos. \u201c\u00c9 importante lembrar que a esquerda brasileira teve gente torturada, morta, desaparecida. Nunca voc\u00eas leram not\u00edcias de gente de esquerda invadindo o Congresso, o Supremo Tribunal Federal e o Pal\u00e1cio do Planalto\u201d, disse.<\/p>\n\n\n\n<p>\u201cEssa gente tem de ser punida, inclusive vamos descobrir quem s\u00e3o os financiadores desses v\u00e2ndalos que foram a Bras\u00edlia, e todos eles pagar\u00e3o com a for\u00e7a da lei pelo gesto de irresponsabilidade, esse gesto antidemocr\u00e1tico e esse gesto de v\u00e2ndalos e de fascistas\u201d, declarou o presidente, que classificou de barb\u00e1rie a invas\u00e3o das sedes dos Tr\u00eas Poderes.<\/p>\n\n\n\n<p>A Pol\u00edcia Militar do Distrito Federal informou que todas a\u00e7\u00f5es da PMDF t\u00eam, por base, orienta\u00e7\u00f5es que s\u00e3o determinadas pelas autoridades de seguran\u00e7a do Governo do Distrito Federal, e responsabilizou eventuais falhas de planejamento nas a\u00e7\u00f5es de prote\u00e7\u00e3o \u00e0 Pra\u00e7a dos Tr\u00eas Poderes \u00e0 Secretaria de Seguran\u00e7a P\u00fablica do Distrito Federal. A secretaria tinha \u00e0 frente o ex-ministro da Justi\u00e7a de Jair Bolsonaro, Anderson Torres, que foi exonerado h\u00e1 pouco pelo governador Ibaneis Rocha.<\/p>\n\n\n\n<p><strong>Interventor federal<\/strong> &#8211; Pelo Twitter, o ministro da Justi\u00e7a e Seguran\u00e7a P\u00fablica, Fl\u00e1vio Dino, disse que o secret\u00e1rio Ricardo Cappelli j\u00e1 se deslocou para assumir a interven\u00e7\u00e3o na Secretaria de Seguran\u00e7a P\u00fablica do Distrito Federal. &#8220;E seguimos com as opera\u00e7\u00f5es cab\u00edveis visando ao restabelecimento da ordem p\u00fablica&#8221;, completou o ministro.<\/p>\n\n\n\n<p>De acordo com informa\u00e7\u00f5es do minist\u00e9rio, Cappelli \u00e9 jornalista, especialista em administra\u00e7\u00e3o p\u00fablica pela Funda\u00e7\u00e3o Get\u00falio Vargas (FGV) e atua, h\u00e1 22 anos, na administra\u00e7\u00e3o p\u00fablica. Ele j\u00e1 foi secret\u00e1rio municipal, secret\u00e1rio estadual e secret\u00e1rio nacional em \u00e1reas diversas no estado do Maranh\u00e3o.<\/p>\n\n\n\n<p>(Informa\u00e7\u00f5es: Ag\u00eancia Brasil\/ Foto: Divulga\u00e7\u00e3o\/Ricardo Stuckert).<\/p>\n","protected":false},"excerpt":{"rendered":"<p>Secret\u00e1rio executivo do Minist\u00e9rio da Justi\u00e7a ser\u00e1 interventor O presidente da Rep\u00fablica, Luiz In\u00e1cio Lula da Silva, anunciou a publica\u00e7\u00e3o neste domingo (08\/01) de um decreto que prev\u00ea a interven\u00e7\u00e3o na \u00e1rea de seguran\u00e7a p\u00fablica do governo do Distrito Federal (GDF). Segundo o decreto, o prazo da interven\u00e7\u00e3o vai at\u00e9 31 de janeiro de 2023. [&hellip;]<\/p>\n","protected":false},"author":1,"featured_media":18173,"comment_status":"open","ping_status":"open","sticky":false,"template":"","format":"standard","meta":{"rop_custom_images_group":[],"rop_custom_messages_group":[],"rop_publish_now":"initial","rop_publish_now_accounts":[],"rop_publish_now_history":[],"rop_publish_now_status":"pending","footnotes":""},"categories":[21],"tags":[4345,1341,5064,5063],"class_list":["post-18172","post","type-post","status-publish","format-standard","has-post-thumbnail","hentry","category-politica","tag-4345","tag-brasilia","tag-intervencao-federal","tag-manifestacoes"],"_links":{"self":[{"href":"https:\/\/diariotribuna.com.br\/index.php?rest_route=\/wp\/v2\/posts\/18172"}],"collection":[{"href":"https:\/\/diariotribuna.com.br\/index.php?rest_route=\/wp\/v2\/posts"}],"about":[{"href":"https:\/\/diariotribuna.com.br\/index.php?rest_route=\/wp\/v2\/types\/post"}],"author":[{"embeddable":true,"href":"https:\/\/diariotribuna.com.br\/index.php?rest_route=\/wp\/v2\/users\/1"}],"replies":[{"embeddable":true,"href":"https:\/\/diariotribuna.com.br\/index.php?rest_route=%2Fwp%2Fv2%2Fcomments&post=18172"}],"version-history":[{"count":1,"href":"https:\/\/diariotribuna.com.br\/index.php?rest_route=\/wp\/v2\/posts\/18172\/revisions"}],"predecessor-version":[{"id":18174,"href":"https:\/\/diariotribuna.com.br\/index.php?rest_route=\/wp\/v2\/posts\/18172\/revisions\/18174"}],"wp:featuredmedia":[{"embeddable":true,"href":"https:\/\/diariotribuna.com.br\/index.php?rest_route=\/wp\/v2\/media\/18173"}],"wp:attachment":[{"href":"https:\/\/diariotribuna.com.br\/index.php?rest_route=%2Fwp%2Fv2%2Fmedia&parent=18172"}],"wp:term":[{"taxonomy":"category","embeddable":true,"href":"https:\/\/diariotribuna.com.br\/index.php?rest_route=%2Fwp%2Fv2%2Fcategories&post=18172"},{"taxonomy":"post_tag","embeddable":true,"href":"https:\/\/diariotribuna.com.br\/index.php?rest_route=%2Fwp%2Fv2%2Ftags&post=18172"}],"curies":[{"name":"wp","href":"https:\/\/api.w.org\/{rel}","templated":true}]}}