{"id":18230,"date":"2023-01-13T20:58:35","date_gmt":"2023-01-13T23:58:35","guid":{"rendered":"https:\/\/diariotribuna.com.br\/?p=18230"},"modified":"2023-01-17T00:19:17","modified_gmt":"2023-01-17T03:19:17","slug":"mandado-judicial-seria-cumprido-pela-policia-federal-na-casa-do-prefeito-de-teofilo-otoni-por-equivoco-diz-advogado","status":"publish","type":"post","link":"https:\/\/diariotribuna.com.br\/?p=18230","title":{"rendered":"<strong>Mandado judicial seria cumprido pela Pol\u00edcia Federal na casa do prefeito de Te\u00f3filo Otoni por equ\u00edvoco, diz advogado<\/strong>"},"content":{"rendered":"\n<h3 class=\"wp-block-heading\"><strong>\u201cT\u00e3o logo esse equ\u00edvoco foi desfeito, os policiais federais pediram desculpa e j\u00e1 se dirigiram novamente para a cidade de Governador Valadares\u201d, disse o dr. Cristiano Lima<\/strong><\/h3>\n\n\n\n<figure class=\"wp-block-image size-full is-resized is-style-default\"><img loading=\"lazy\" decoding=\"async\" src=\"https:\/\/diariotribuna.com.br\/wp-content\/uploads\/2023\/01\/2402e013-164b-4214-813e-7c4a38b47792.jpg\" alt=\"\" class=\"wp-image-18231\" width=\"511\" height=\"350\" srcset=\"https:\/\/diariotribuna.com.br\/wp-content\/uploads\/2023\/01\/2402e013-164b-4214-813e-7c4a38b47792.jpg 671w, https:\/\/diariotribuna.com.br\/wp-content\/uploads\/2023\/01\/2402e013-164b-4214-813e-7c4a38b47792-300x205.jpg 300w, https:\/\/diariotribuna.com.br\/wp-content\/uploads\/2023\/01\/2402e013-164b-4214-813e-7c4a38b47792-218x150.jpg 218w, https:\/\/diariotribuna.com.br\/wp-content\/uploads\/2023\/01\/2402e013-164b-4214-813e-7c4a38b47792-614x420.jpg 614w\" sizes=\"(max-width: 511px) 100vw, 511px\" \/><\/figure>\n\n\n\n<p>Na noite desta sexta-feira (13\/01), a Pol\u00edcia Federal esteve na casa do prefeito de Te\u00f3filo Otoni, Daniel Sucupira, no Bairro Vila Esperan\u00e7a, e o fato ganhou grande repercuss\u00e3o pelas redes sociais. Inclusive o prefeito n\u00e3o est\u00e1 em Te\u00f3filo Otoni. Foram v\u00e1rias especula\u00e7\u00f5es, pois ningu\u00e9m sabia o motivo da presen\u00e7a da PF na casa do prefeito, mas rapidamente as coisas foram esclarecidas pelo advogado Cristiano Lima.<\/p>\n\n\n\n<p>Segundo o advogado, teria ocorrido um equ\u00edvoco por parte da Pol\u00edcia Federal, que teria errado o endere\u00e7o do alvo do mandado, que na verdade, seria Roque Saldanha, que mora em Governador Valadares. O dr. Cristiano gravou um \u00e1udio esclarecendo a situa\u00e7\u00e3o:<\/p>\n\n\n\n<p><em>\u201cA situa\u00e7\u00e3o \u00e9 a seguinte. Eu fui acionado pela senhora Maria dos Anjos Sucupira, como todos sabem, a m\u00e3e do nosso prefeito Daniel Sucupira. Segundo relatou, ela estava com duas viaturas da Pol\u00edcia Federal aqui na porta da resid\u00eancia dela, querendo adentrar pra cumprir um mandado de busca e apreens\u00e3o. Por\u00e9m, quando eu cheguei \u00e0 resid\u00eancia e tomei conhecimento do teor do mandado, esse mandado era pra ser cumprido na pessoa do senhor Roque Saldanha. Esse mandado veio pra ser cumprido na pessoa do senhor Roque Saldanha, mas com endere\u00e7o err\u00f4neo, com endere\u00e7o da resid\u00eancia da senhora Maria dos Anjos e do prefeito Daniel Sucupira. Bom, t\u00e3o logo esse equ\u00edvoco foi desfeito, os policiais federais pediram desculpa e j\u00e1 se dirigiram novamente para a cidade de Governador Valadares, a qual tamb\u00e9m tivemos informa\u00e7\u00f5es \u2013 n\u00e3o confirmadas \u2013 de que l\u00e1 em Governador Valadares, o Roque Saldanha teve o mandado devidamente cumprido em outro endere\u00e7o, naquele munic\u00edpio\u201d<\/em>, disse Lima.<\/p>\n","protected":false},"excerpt":{"rendered":"<p>\u201cT\u00e3o logo esse equ\u00edvoco foi desfeito, os policiais federais pediram desculpa e j\u00e1 se dirigiram novamente para a cidade de Governador Valadares\u201d, disse o dr. Cristiano Lima Na noite desta sexta-feira (13\/01), a Pol\u00edcia Federal esteve na casa do prefeito de Te\u00f3filo Otoni, Daniel Sucupira, no Bairro Vila Esperan\u00e7a, e o fato ganhou grande repercuss\u00e3o [&hellip;]<\/p>\n","protected":false},"author":1,"featured_media":18231,"comment_status":"open","ping_status":"open","sticky":false,"template":"","format":"standard","meta":{"rop_custom_images_group":[],"rop_custom_messages_group":[],"rop_publish_now":"initial","rop_publish_now_accounts":[],"rop_publish_now_history":[],"rop_publish_now_status":"pending","footnotes":""},"categories":[19],"tags":[5082,1297,268,2145,75],"class_list":["post-18230","post","type-post","status-publish","format-standard","has-post-thumbnail","hentry","category-gerais","tag-equivoco","tag-mandado-judicial","tag-policia-federal","tag-prefeito","tag-teofilo-otoni"],"_links":{"self":[{"href":"https:\/\/diariotribuna.com.br\/index.php?rest_route=\/wp\/v2\/posts\/18230"}],"collection":[{"href":"https:\/\/diariotribuna.com.br\/index.php?rest_route=\/wp\/v2\/posts"}],"about":[{"href":"https:\/\/diariotribuna.com.br\/index.php?rest_route=\/wp\/v2\/types\/post"}],"author":[{"embeddable":true,"href":"https:\/\/diariotribuna.com.br\/index.php?rest_route=\/wp\/v2\/users\/1"}],"replies":[{"embeddable":true,"href":"https:\/\/diariotribuna.com.br\/index.php?rest_route=%2Fwp%2Fv2%2Fcomments&post=18230"}],"version-history":[{"count":2,"href":"https:\/\/diariotribuna.com.br\/index.php?rest_route=\/wp\/v2\/posts\/18230\/revisions"}],"predecessor-version":[{"id":18233,"href":"https:\/\/diariotribuna.com.br\/index.php?rest_route=\/wp\/v2\/posts\/18230\/revisions\/18233"}],"wp:featuredmedia":[{"embeddable":true,"href":"https:\/\/diariotribuna.com.br\/index.php?rest_route=\/wp\/v2\/media\/18231"}],"wp:attachment":[{"href":"https:\/\/diariotribuna.com.br\/index.php?rest_route=%2Fwp%2Fv2%2Fmedia&parent=18230"}],"wp:term":[{"taxonomy":"category","embeddable":true,"href":"https:\/\/diariotribuna.com.br\/index.php?rest_route=%2Fwp%2Fv2%2Fcategories&post=18230"},{"taxonomy":"post_tag","embeddable":true,"href":"https:\/\/diariotribuna.com.br\/index.php?rest_route=%2Fwp%2Fv2%2Ftags&post=18230"}],"curies":[{"name":"wp","href":"https:\/\/api.w.org\/{rel}","templated":true}]}}