{"id":18234,"date":"2023-01-14T16:41:06","date_gmt":"2023-01-14T19:41:06","guid":{"rendered":"https:\/\/diariotribuna.com.br\/?p=18234"},"modified":"2023-01-14T16:41:07","modified_gmt":"2023-01-14T19:41:07","slug":"policia-federal-emite-nota-a-imprensa-sobre-diligencias-realizadas-em-teofilo-otoni","status":"publish","type":"post","link":"https:\/\/diariotribuna.com.br\/?p=18234","title":{"rendered":"<strong>Pol\u00edcia Federal emite nota \u00e0 imprensa sobre dilig\u00eancias realizadas em Te\u00f3filo Otoni<\/strong>"},"content":{"rendered":"\n<figure class=\"wp-block-image size-full is-resized is-style-default\"><img loading=\"lazy\" decoding=\"async\" src=\"https:\/\/diariotribuna.com.br\/wp-content\/uploads\/2023\/01\/aef17ef2-39d8-4885-845e-b1d97163a1c4.jpeg\" alt=\"\" class=\"wp-image-18235\" width=\"523\" height=\"296\" srcset=\"https:\/\/diariotribuna.com.br\/wp-content\/uploads\/2023\/01\/aef17ef2-39d8-4885-845e-b1d97163a1c4.jpeg 700w, https:\/\/diariotribuna.com.br\/wp-content\/uploads\/2023\/01\/aef17ef2-39d8-4885-845e-b1d97163a1c4-300x170.jpeg 300w, https:\/\/diariotribuna.com.br\/wp-content\/uploads\/2023\/01\/aef17ef2-39d8-4885-845e-b1d97163a1c4-696x394.jpeg 696w\" sizes=\"(max-width: 523px) 100vw, 523px\" \/><\/figure>\n\n\n\n<p>A Pol\u00edcia Federal publicou no seu site, neste s\u00e1bado (14\/01\/23), \u00e0s 13h27, uma nota sobre dilig\u00eancias policiais realizadas na cidade de Te\u00f3filo Otoni\/MG, na tarde\/noite de sexta-feira (13\/01), no endere\u00e7o da casa do prefeito Daniel Sucupira, quando na verdade o alvo da opera\u00e7\u00e3o era outra pessoa. <strong>Veja a nota<\/strong>:<\/p>\n\n\n\n<p><strong>\u201cBras\u00edlia\/DF &#8211; <\/strong>Em rela\u00e7\u00e3o \u00e0s dilig\u00eancias policiais realizadas na cidade de Te\u00f3filo Otoni\/MG nessa sexta-feira (13\/1), a Pol\u00edcia Federal informa que houve erro na identifica\u00e7\u00e3o de um dos endere\u00e7os do investigado. O erro consistiu em atribuir ao investigado o endere\u00e7o de terceira pessoa, autora de a\u00e7\u00e3o judicial que envolve o investigado. T\u00e3o logo a equipe destacada para o cumprimento do mandado de busca e apreens\u00e3o identificou o equ\u00edvoco, a a\u00e7\u00e3o foi interrompida. N\u00e3o houve cumprimento do mandado no endere\u00e7o do prefeito do munic\u00edpio, que n\u00e3o est\u00e1 entre os investigados na opera\u00e7\u00e3o. A PF apura as circunst\u00e2ncias que ensejaram esta situa\u00e7\u00e3o&#8221;.<\/p>\n\n\n\n<p>Coordena\u00e7\u00e3o-Geral de Comunica\u00e7\u00e3o Social<\/p>\n\n\n\n<p><a href=\"mailto:imprensa@pf.gov.br\">imprensa@pf.gov.br<\/a><\/p>\n\n\n\n<p>(61) 2024-8142<\/p>\n\n\n\n<p>(Informa\u00e7\u00f5es\/Imagem: Pol\u00edcia Federal).<\/p>\n","protected":false},"excerpt":{"rendered":"<p>A Pol\u00edcia Federal publicou no seu site, neste s\u00e1bado (14\/01\/23), \u00e0s 13h27, uma nota sobre dilig\u00eancias policiais realizadas na cidade de Te\u00f3filo Otoni\/MG, na tarde\/noite de sexta-feira (13\/01), no endere\u00e7o da casa do prefeito Daniel Sucupira, quando na verdade o alvo da opera\u00e7\u00e3o era outra pessoa. Veja a nota: \u201cBras\u00edlia\/DF &#8211; Em rela\u00e7\u00e3o \u00e0s dilig\u00eancias [&hellip;]<\/p>\n","protected":false},"author":1,"featured_media":18235,"comment_status":"open","ping_status":"open","sticky":false,"template":"","format":"standard","meta":{"rop_custom_images_group":[],"rop_custom_messages_group":[],"rop_publish_now":"initial","rop_publish_now_accounts":[],"rop_publish_now_history":[],"rop_publish_now_status":"pending","footnotes":""},"categories":[25,19],"tags":[5083,1297,3306,268,75],"class_list":["post-18234","post","type-post","status-publish","format-standard","has-post-thumbnail","hentry","category-destaque","category-gerais","tag-endereco-errado","tag-mandado-judicial","tag-nota","tag-policia-federal","tag-teofilo-otoni"],"_links":{"self":[{"href":"https:\/\/diariotribuna.com.br\/index.php?rest_route=\/wp\/v2\/posts\/18234"}],"collection":[{"href":"https:\/\/diariotribuna.com.br\/index.php?rest_route=\/wp\/v2\/posts"}],"about":[{"href":"https:\/\/diariotribuna.com.br\/index.php?rest_route=\/wp\/v2\/types\/post"}],"author":[{"embeddable":true,"href":"https:\/\/diariotribuna.com.br\/index.php?rest_route=\/wp\/v2\/users\/1"}],"replies":[{"embeddable":true,"href":"https:\/\/diariotribuna.com.br\/index.php?rest_route=%2Fwp%2Fv2%2Fcomments&post=18234"}],"version-history":[{"count":1,"href":"https:\/\/diariotribuna.com.br\/index.php?rest_route=\/wp\/v2\/posts\/18234\/revisions"}],"predecessor-version":[{"id":18236,"href":"https:\/\/diariotribuna.com.br\/index.php?rest_route=\/wp\/v2\/posts\/18234\/revisions\/18236"}],"wp:featuredmedia":[{"embeddable":true,"href":"https:\/\/diariotribuna.com.br\/index.php?rest_route=\/wp\/v2\/media\/18235"}],"wp:attachment":[{"href":"https:\/\/diariotribuna.com.br\/index.php?rest_route=%2Fwp%2Fv2%2Fmedia&parent=18234"}],"wp:term":[{"taxonomy":"category","embeddable":true,"href":"https:\/\/diariotribuna.com.br\/index.php?rest_route=%2Fwp%2Fv2%2Fcategories&post=18234"},{"taxonomy":"post_tag","embeddable":true,"href":"https:\/\/diariotribuna.com.br\/index.php?rest_route=%2Fwp%2Fv2%2Ftags&post=18234"}],"curies":[{"name":"wp","href":"https:\/\/api.w.org\/{rel}","templated":true}]}}