{"id":18245,"date":"2023-01-16T13:52:32","date_gmt":"2023-01-16T16:52:32","guid":{"rendered":"https:\/\/diariotribuna.com.br\/?p=18245"},"modified":"2023-01-17T00:05:08","modified_gmt":"2023-01-17T03:05:08","slug":"policia-civil-de-minas-gerais-identifica-suspeitos-de-agredirem-jornalistas","status":"publish","type":"post","link":"https:\/\/diariotribuna.com.br\/?p=18245","title":{"rendered":"<strong>Pol\u00edcia Civil de Minas Gerais identifica suspeitos de agredirem jornalistas<\/strong>"},"content":{"rendered":"\n<figure class=\"wp-block-image size-full is-resized is-style-default\"><img loading=\"lazy\" decoding=\"async\" src=\"https:\/\/diariotribuna.com.br\/wp-content\/uploads\/2023\/01\/unnamed-file.jpeg\" alt=\"\" class=\"wp-image-18246\" width=\"508\" height=\"286\" srcset=\"https:\/\/diariotribuna.com.br\/wp-content\/uploads\/2023\/01\/unnamed-file.jpeg 700w, https:\/\/diariotribuna.com.br\/wp-content\/uploads\/2023\/01\/unnamed-file-300x169.jpeg 300w, https:\/\/diariotribuna.com.br\/wp-content\/uploads\/2023\/01\/unnamed-file-696x392.jpeg 696w\" sizes=\"(max-width: 508px) 100vw, 508px\" \/><\/figure>\n\n\n\n<p>No s\u00e1bado (14\/01), a Pol\u00edcia Civil de Minas Gerais apresentou os primeiros resultados da investiga\u00e7\u00e3o que apura a autoria das agress\u00f5es a jornalistas e profissionais da imprensa, ocorridas nos dias 5 e 6 de janeiro, durante as a\u00e7\u00f5es da Guarda Municipal para o desmonte de acampamento em frente \u00e0 sede do Ex\u00e9rcito Brasileiro, na Avenida Raja Gabaglia, em Belo Horizonte. Foram instaurados quatro inqu\u00e9ritos policiais para apurar os crimes de amea\u00e7a, les\u00e3o corporal, crime contra o patrim\u00f4nio e associa\u00e7\u00e3o criminosa. J\u00e1 foram identificados de dez a 12 suspeitos de envolvimento no caso.<\/p>\n\n\n\n<pre class=\"wp-block-verse\">O chefe da Pol\u00edcia Civil, delegado-geral Joaquim Francisco Neto e Silva, destaca a import\u00e2ncia da investiga\u00e7\u00e3o. \u201cNesse momento a investiga\u00e7\u00e3o est\u00e1 avan\u00e7ada, n\u00f3s temos um primeiro balan\u00e7o, motivo pelo qual estamos aqui hoje. Isso tudo para tranquilizar primeiro a imprensa. O direito de imprensa precisa ser assegurado e n\u00f3s temos essa responsabilidade: a de elucidar crimes para que isso n\u00e3o se repita. A\u00e7\u00f5es como essa t\u00eam que resultar em responsabiliza\u00e7\u00e3o\u201d, afirmou.<\/pre>\n\n\n\n<p>A delegada Cinara Rocha, respons\u00e1vel pelo inqu\u00e9rito, ressalta que \u201ctemos provas testemunhais e laudos periciais demonstrando a pr\u00e1tica do delito. Possu\u00edmos muitas filmagens de c\u00e2meras feitas pelos pr\u00f3prios jornalistas e por moradores da regi\u00e3o. Estamos buscando identificar o maior n\u00famero de autores. Existem entre dez a 12 pessoas identificadas, com autoria j\u00e1 delimitada, com a conduta individualizada do crime que eles est\u00e3o sendo investigados\u201d, completou a delegada.<\/p>\n\n\n\n<p>Sobre a possibilidade de os investigados terem deixado a cidade, estado e at\u00e9 mesmo pa\u00eds, a delegada adiantou que mesmo que isso tenha ocorrido, eles ser\u00e3o responsabilizados. \u201cHavendo a necessidade de alguma medida cautelar contra qualquer um dos envolvidos que esteja fora da cidade ou at\u00e9 mesmo do pa\u00eds, faremos uma interlocu\u00e7\u00e3o com todas as institui\u00e7\u00f5es envolvidas, como Pol\u00edcia Federal, Minist\u00e9rio P\u00fablico e Judici\u00e1rio\u201d. (Informa\u00e7\u00f5es\/Foto: assessoria de comunica\u00e7\u00e3o\/ PCMG).<\/p>\n","protected":false},"excerpt":{"rendered":"<p>No s\u00e1bado (14\/01), a Pol\u00edcia Civil de Minas Gerais apresentou os primeiros resultados da investiga\u00e7\u00e3o que apura a autoria das agress\u00f5es a jornalistas e profissionais da imprensa, ocorridas nos dias 5 e 6 de janeiro, durante as a\u00e7\u00f5es da Guarda Municipal para o desmonte de acampamento em frente \u00e0 sede do Ex\u00e9rcito Brasileiro, na Avenida [&hellip;]<\/p>\n","protected":false},"author":1,"featured_media":18246,"comment_status":"open","ping_status":"open","sticky":false,"template":"","format":"standard","meta":{"rop_custom_images_group":[],"rop_custom_messages_group":[],"rop_publish_now":"initial","rop_publish_now_accounts":[],"rop_publish_now_history":[],"rop_publish_now_status":"pending","footnotes":""},"categories":[20],"tags":[5088,344,3099,5087,70,292],"class_list":["post-18245","post","type-post","status-publish","format-standard","has-post-thumbnail","hentry","category-policia","tag-agressao-a-jornalistas","tag-belo-horizonte","tag-investigacoes","tag-manifestantes","tag-minas-gerais","tag-policia-civil"],"_links":{"self":[{"href":"https:\/\/diariotribuna.com.br\/index.php?rest_route=\/wp\/v2\/posts\/18245"}],"collection":[{"href":"https:\/\/diariotribuna.com.br\/index.php?rest_route=\/wp\/v2\/posts"}],"about":[{"href":"https:\/\/diariotribuna.com.br\/index.php?rest_route=\/wp\/v2\/types\/post"}],"author":[{"embeddable":true,"href":"https:\/\/diariotribuna.com.br\/index.php?rest_route=\/wp\/v2\/users\/1"}],"replies":[{"embeddable":true,"href":"https:\/\/diariotribuna.com.br\/index.php?rest_route=%2Fwp%2Fv2%2Fcomments&post=18245"}],"version-history":[{"count":2,"href":"https:\/\/diariotribuna.com.br\/index.php?rest_route=\/wp\/v2\/posts\/18245\/revisions"}],"predecessor-version":[{"id":18248,"href":"https:\/\/diariotribuna.com.br\/index.php?rest_route=\/wp\/v2\/posts\/18245\/revisions\/18248"}],"wp:featuredmedia":[{"embeddable":true,"href":"https:\/\/diariotribuna.com.br\/index.php?rest_route=\/wp\/v2\/media\/18246"}],"wp:attachment":[{"href":"https:\/\/diariotribuna.com.br\/index.php?rest_route=%2Fwp%2Fv2%2Fmedia&parent=18245"}],"wp:term":[{"taxonomy":"category","embeddable":true,"href":"https:\/\/diariotribuna.com.br\/index.php?rest_route=%2Fwp%2Fv2%2Fcategories&post=18245"},{"taxonomy":"post_tag","embeddable":true,"href":"https:\/\/diariotribuna.com.br\/index.php?rest_route=%2Fwp%2Fv2%2Ftags&post=18245"}],"curies":[{"name":"wp","href":"https:\/\/api.w.org\/{rel}","templated":true}]}}