{"id":18287,"date":"2023-01-17T21:04:35","date_gmt":"2023-01-18T00:04:35","guid":{"rendered":"https:\/\/diariotribuna.com.br\/?p=18287"},"modified":"2023-01-17T21:10:02","modified_gmt":"2023-01-18T00:10:02","slug":"policia-civil-recupera-motocicleta-furtada-de-gesseiro-em-itambacuri","status":"publish","type":"post","link":"https:\/\/diariotribuna.com.br\/?p=18287","title":{"rendered":"<strong>Pol\u00edcia Civil recupera motocicleta furtada de gesseiro em Itambacuri<\/strong>"},"content":{"rendered":"\n<h3 class=\"wp-block-heading\">&#8220;Quest\u00e3o de honra&#8221;, disse o delegado, dr. Eduardo Gil, recuperar a moto do trabalhador<\/h3>\n\n\n\n<figure class=\"wp-block-image size-full is-resized is-style-default\"><img loading=\"lazy\" decoding=\"async\" src=\"https:\/\/diariotribuna.com.br\/wp-content\/uploads\/2023\/01\/432f02f1-2b7b-4054-b29d-4917938b27ae.jpg\" alt=\"\" class=\"wp-image-18288\" width=\"484\" height=\"382\" srcset=\"https:\/\/diariotribuna.com.br\/wp-content\/uploads\/2023\/01\/432f02f1-2b7b-4054-b29d-4917938b27ae.jpg 700w, https:\/\/diariotribuna.com.br\/wp-content\/uploads\/2023\/01\/432f02f1-2b7b-4054-b29d-4917938b27ae-300x237.jpg 300w, https:\/\/diariotribuna.com.br\/wp-content\/uploads\/2023\/01\/432f02f1-2b7b-4054-b29d-4917938b27ae-696x550.jpg 696w, https:\/\/diariotribuna.com.br\/wp-content\/uploads\/2023\/01\/432f02f1-2b7b-4054-b29d-4917938b27ae-532x420.jpg 532w\" sizes=\"(max-width: 484px) 100vw, 484px\" \/><\/figure>\n\n\n\n<p>A Pol\u00edcia Civil de Minas Gerais, por meio da 5\u00aa Delegacia de Pol\u00edcia Civil de Itambacuri, durante a\u00e7\u00f5es investigativas realizadas na manh\u00e3 desta ter\u00e7a-feira (17\/01), recuperou uma motocicleta Honda Bros que havia sido furtada de um trabalhador no dia 30 de dezembro de 2022.<\/p>\n\n\n\n<p>No final do ano passado a v\u00edtima, que trabalha como gesseiro na cidade de Itambacuri, teve furtada a motocicleta que usava para o trabalho. Segundo o dr. Eduardo Gil, titular da Delegacia de Itambacuri, a motocicleta foi subtra\u00edda por L.M.S., de 24 anos, envolvido em diversos crimes patrimoniais na regi\u00e3o de Itaip\u00e9, local onde foi recuperado ve\u00edculo.<\/p>\n\n\n\n<p>\u201cA equipe policial j\u00e1 havia recebido informa\u00e7\u00f5es de que o autor estaria oferecendo a motocicleta furtada naquela regi\u00e3o, por isso foram realizadas dilig\u00eancias nas zonas urbana e rural, at\u00e9 a recupera\u00e7\u00e3o do bem furtado. O autor do crime ainda n\u00e3o foi encontrado e a motocicleta j\u00e1 havia sido negociada com terceiros\u201d, informou o dr. Eduardo.<\/p>\n\n\n\n<p>Ap\u00f3s a apreens\u00e3o da motocicleta a v\u00edtima foi acionada a comparecer na delegacia de Itambacuri, a quem foi restitu\u00eddo o ve\u00edculo. O autor segue sendo procurado pelas equipes policiais. O Dr. Eduardo Gil disse que foi uma quest\u00e3o de honra recuperar a motocicleta do trabalhador.<\/p>\n\n\n\n<p><strong>Equipe Policia Civil \u2013 Delegacia de Itambacuri:<\/strong> Dr. Eduardo Gil, Anderson Schultz, Ademir e Em\u00eddio. <strong>Delegacia de Novo Cruzeiro:<\/strong> Dr. Diego, Gilson, Hugo, Saulo e Edinho. (Informa\u00e7\u00f5es\/Fotos: PCMG\/ Itambacuri).<\/p>\n\n\n\n<figure class=\"wp-block-image size-large is-resized is-style-default\"><img loading=\"lazy\" decoding=\"async\" src=\"https:\/\/diariotribuna.com.br\/wp-content\/uploads\/2023\/01\/79e9ac76-1b8a-40af-b52e-87841cfbfef1-1-560x1024.jpg\" alt=\"\" class=\"wp-image-18293\" width=\"318\" height=\"582\" srcset=\"https:\/\/diariotribuna.com.br\/wp-content\/uploads\/2023\/01\/79e9ac76-1b8a-40af-b52e-87841cfbfef1-1-560x1024.jpg 560w, https:\/\/diariotribuna.com.br\/wp-content\/uploads\/2023\/01\/79e9ac76-1b8a-40af-b52e-87841cfbfef1-1-164x300.jpg 164w, https:\/\/diariotribuna.com.br\/wp-content\/uploads\/2023\/01\/79e9ac76-1b8a-40af-b52e-87841cfbfef1-1-696x1274.jpg 696w, https:\/\/diariotribuna.com.br\/wp-content\/uploads\/2023\/01\/79e9ac76-1b8a-40af-b52e-87841cfbfef1-1-230x420.jpg 230w, https:\/\/diariotribuna.com.br\/wp-content\/uploads\/2023\/01\/79e9ac76-1b8a-40af-b52e-87841cfbfef1-1.jpg 700w\" sizes=\"(max-width: 318px) 100vw, 318px\" \/><figcaption class=\"wp-element-caption\"><strong>O gesseiro feliz com a recupera\u00e7\u00e3o<br>do seu ve\u00edculo<\/strong><\/figcaption><\/figure>\n","protected":false},"excerpt":{"rendered":"<p>&#8220;Quest\u00e3o de honra&#8221;, disse o delegado, dr. Eduardo Gil, recuperar a moto do trabalhador A Pol\u00edcia Civil de Minas Gerais, por meio da 5\u00aa Delegacia de Pol\u00edcia Civil de Itambacuri, durante a\u00e7\u00f5es investigativas realizadas na manh\u00e3 desta ter\u00e7a-feira (17\/01), recuperou uma motocicleta Honda Bros que havia sido furtada de um trabalhador no dia 30 de [&hellip;]<\/p>\n","protected":false},"author":1,"featured_media":18288,"comment_status":"open","ping_status":"open","sticky":false,"template":"","format":"standard","meta":{"rop_custom_images_group":[],"rop_custom_messages_group":[],"rop_publish_now":"initial","rop_publish_now_accounts":[],"rop_publish_now_history":[],"rop_publish_now_status":"pending","footnotes":""},"categories":[25,20],"tags":[96,988,292,1294],"class_list":["post-18287","post","type-post","status-publish","format-standard","has-post-thumbnail","hentry","category-destaque","category-policia","tag-itambacuri","tag-moto-furtada","tag-policia-civil","tag-recuperada"],"_links":{"self":[{"href":"https:\/\/diariotribuna.com.br\/index.php?rest_route=\/wp\/v2\/posts\/18287"}],"collection":[{"href":"https:\/\/diariotribuna.com.br\/index.php?rest_route=\/wp\/v2\/posts"}],"about":[{"href":"https:\/\/diariotribuna.com.br\/index.php?rest_route=\/wp\/v2\/types\/post"}],"author":[{"embeddable":true,"href":"https:\/\/diariotribuna.com.br\/index.php?rest_route=\/wp\/v2\/users\/1"}],"replies":[{"embeddable":true,"href":"https:\/\/diariotribuna.com.br\/index.php?rest_route=%2Fwp%2Fv2%2Fcomments&post=18287"}],"version-history":[{"count":3,"href":"https:\/\/diariotribuna.com.br\/index.php?rest_route=\/wp\/v2\/posts\/18287\/revisions"}],"predecessor-version":[{"id":18295,"href":"https:\/\/diariotribuna.com.br\/index.php?rest_route=\/wp\/v2\/posts\/18287\/revisions\/18295"}],"wp:featuredmedia":[{"embeddable":true,"href":"https:\/\/diariotribuna.com.br\/index.php?rest_route=\/wp\/v2\/media\/18288"}],"wp:attachment":[{"href":"https:\/\/diariotribuna.com.br\/index.php?rest_route=%2Fwp%2Fv2%2Fmedia&parent=18287"}],"wp:term":[{"taxonomy":"category","embeddable":true,"href":"https:\/\/diariotribuna.com.br\/index.php?rest_route=%2Fwp%2Fv2%2Fcategories&post=18287"},{"taxonomy":"post_tag","embeddable":true,"href":"https:\/\/diariotribuna.com.br\/index.php?rest_route=%2Fwp%2Fv2%2Ftags&post=18287"}],"curies":[{"name":"wp","href":"https:\/\/api.w.org\/{rel}","templated":true}]}}