{"id":18296,"date":"2023-01-17T23:00:37","date_gmt":"2023-01-18T02:00:37","guid":{"rendered":"https:\/\/diariotribuna.com.br\/?p=18296"},"modified":"2023-01-17T23:01:41","modified_gmt":"2023-01-18T02:01:41","slug":"novos-comandantes-das-forcas-militares-de-seguranca-de-minas-gerais","status":"publish","type":"post","link":"https:\/\/diariotribuna.com.br\/?p=18296","title":{"rendered":"<strong>Novos comandantes das For\u00e7as Militares de Seguran\u00e7a de Minas Gerais<\/strong>"},"content":{"rendered":"\n<figure class=\"wp-block-image size-full is-resized is-style-default\"><img loading=\"lazy\" decoding=\"async\" src=\"https:\/\/diariotribuna.com.br\/wp-content\/uploads\/2023\/01\/4ac0e937-8c6e-48c7-9697-4eff1797fae4-2.jpg\" alt=\"\" class=\"wp-image-18297\" width=\"549\" height=\"257\" srcset=\"https:\/\/diariotribuna.com.br\/wp-content\/uploads\/2023\/01\/4ac0e937-8c6e-48c7-9697-4eff1797fae4-2.jpg 700w, https:\/\/diariotribuna.com.br\/wp-content\/uploads\/2023\/01\/4ac0e937-8c6e-48c7-9697-4eff1797fae4-2-300x141.jpg 300w, https:\/\/diariotribuna.com.br\/wp-content\/uploads\/2023\/01\/4ac0e937-8c6e-48c7-9697-4eff1797fae4-2-696x326.jpg 696w\" sizes=\"(max-width: 549px) 100vw, 549px\" \/><\/figure>\n\n\n\n<pre class=\"wp-block-verse\">Em nota \u00e0 imprensa, na noite desta ter\u00e7a-feira (17\/01\/23) o Governo de Minas informa que foram definidos os nomes dos novos comandantes das For\u00e7as Militares de Seguran\u00e7a de Minas Gerais.<\/pre>\n\n\n\n<p>O coronel Rodrigo Piassi do Nascimento assume o Comando-Geral da Pol\u00edcia Militar de Minas Gerais (PMMG). Atualmente chefiando a Diretoria de Recursos Humanos da PMMG, Piasse \u00e9 mestre em Defesa e Seguran\u00e7a Civil (\u00eanfase em Planejamento e Gest\u00e3o de Eventos Cr\u00edticos) pela Universidade Federal Fluminense (UFF), e especialista em Criminologia pela PUC Minas, e em Seguran\u00e7a P\u00fablica pela Funda\u00e7\u00e3o Jo\u00e3o Pinheiro (FJP), entre outras forma\u00e7\u00f5es.<\/p>\n\n\n\n<p>O Chefe do Estado Maior da PMMG ser\u00e1 o coronel Marco Aur\u00e9lio Zancanela do Carmo. Atualmente, ele ocupa o cargo de comandante da 16\u00ba Regi\u00e3o da Pol\u00edcia Militar de Minas Gerais, com sede em Una\u00ed. Ele possui especializa\u00e7\u00f5es em Gest\u00e3o Estrat\u00e9gica de Seguran\u00e7a P\u00fablica pela FJP, em Gest\u00e3o por Processos e em Gest\u00e3o Estrat\u00e9gica de Pessoas, ambas pela Funda\u00e7\u00e3o Get\u00falio Vargas.<\/p>\n\n\n\n<p>O Gabinete Militar do Governador (GMG) passar\u00e1 a ser chefiado pelo coronel Carlos Frederico Otoni Garcia, que hoje atua como comandante da 5\u00aa Regi\u00e3o da Pol\u00edcia Militar (5\u00aa RPM), com sede em Uberaba, no Tri\u00e2ngulo Mineiro. Otoni teve grande destaque na Academia da Pol\u00edcia Militar, onde se especializou em Seguran\u00e7a P\u00fablica e Defesa Social.<\/p>\n\n\n\n<p>J\u00e1 o Corpo de Bombeiros Militar de Minas Gerais (CBMMG) passar\u00e1 a ser comandado pelo coronel Erlon Dias do Nascimento, que hoje ocupa o cargo de Chefe do Estado-Maior do CBMMG. Ele tem especializa\u00e7\u00e3o em Seguran\u00e7a P\u00fablica pela Funda\u00e7\u00e3o Jo\u00e3o Pinheiro, em Intelig\u00eancia de Seguran\u00e7a P\u00fablica e Cen\u00e1rios Prospectivos pela Academia da Pol\u00edcia Militar, e em Gest\u00e3o Estrat\u00e9gica em Defesa Civil pela Faculdade Del Rey, entre outras forma\u00e7\u00f5es.&nbsp;<\/p>\n\n\n\n<p>Por sua vez, a Chefe do Estado Maior do CBMMG ser\u00e1 a coronel Daniela Lopes Rocha da Costa. Ela foi a primeira mulher a comandar um batalh\u00e3o a\u00e9reo no Brasil, tendo sob suas ordens os bombeiros que fazem todos os socorros a\u00e9reos do Estado, a bordo das aeronaves da corpora\u00e7\u00e3o. Teve atua\u00e7\u00e3o de destaque ajudando a salvar vidas durante os resgates da trag\u00e9dia de Brumadinho e ao longo da busca pelas joias desaparecidas.<\/p>\n\n\n\n<p>A data da publica\u00e7\u00e3o oficializando a troca do comando ainda ser\u00e1 definida, momento em que ser\u00e3o prestadas as honras e agradecimentos aos comandantes que deixam os cargos, ap\u00f3s cumprirem sua miss\u00e3o institucional. (Informa\u00e7\u00f5es: Governo de Minas\/ Foto: Gil Leonardi\/ Secom MG). <\/p>\n","protected":false},"excerpt":{"rendered":"<p>Em nota \u00e0 imprensa, na noite desta ter\u00e7a-feira (17\/01\/23) o Governo de Minas informa que foram definidos os nomes dos novos comandantes das For\u00e7as Militares de Seguran\u00e7a de Minas Gerais. O coronel Rodrigo Piassi do Nascimento assume o Comando-Geral da Pol\u00edcia Militar de Minas Gerais (PMMG). Atualmente chefiando a Diretoria de Recursos Humanos da PMMG, [&hellip;]<\/p>\n","protected":false},"author":1,"featured_media":18297,"comment_status":"open","ping_status":"open","sticky":false,"template":"","format":"standard","meta":{"rop_custom_images_group":[],"rop_custom_messages_group":[],"rop_publish_now":"initial","rop_publish_now_accounts":[],"rop_publish_now_history":[],"rop_publish_now_status":"pending","footnotes":""},"categories":[19],"tags":[382,5042,70,76,5094],"class_list":["post-18296","post","type-post","status-publish","format-standard","has-post-thumbnail","hentry","category-gerais","tag-corpo-de-bombeiros","tag-janeiro","tag-minas-gerais","tag-policia-militar","tag-troca-de-comandos"],"_links":{"self":[{"href":"https:\/\/diariotribuna.com.br\/index.php?rest_route=\/wp\/v2\/posts\/18296"}],"collection":[{"href":"https:\/\/diariotribuna.com.br\/index.php?rest_route=\/wp\/v2\/posts"}],"about":[{"href":"https:\/\/diariotribuna.com.br\/index.php?rest_route=\/wp\/v2\/types\/post"}],"author":[{"embeddable":true,"href":"https:\/\/diariotribuna.com.br\/index.php?rest_route=\/wp\/v2\/users\/1"}],"replies":[{"embeddable":true,"href":"https:\/\/diariotribuna.com.br\/index.php?rest_route=%2Fwp%2Fv2%2Fcomments&post=18296"}],"version-history":[{"count":2,"href":"https:\/\/diariotribuna.com.br\/index.php?rest_route=\/wp\/v2\/posts\/18296\/revisions"}],"predecessor-version":[{"id":18299,"href":"https:\/\/diariotribuna.com.br\/index.php?rest_route=\/wp\/v2\/posts\/18296\/revisions\/18299"}],"wp:featuredmedia":[{"embeddable":true,"href":"https:\/\/diariotribuna.com.br\/index.php?rest_route=\/wp\/v2\/media\/18297"}],"wp:attachment":[{"href":"https:\/\/diariotribuna.com.br\/index.php?rest_route=%2Fwp%2Fv2%2Fmedia&parent=18296"}],"wp:term":[{"taxonomy":"category","embeddable":true,"href":"https:\/\/diariotribuna.com.br\/index.php?rest_route=%2Fwp%2Fv2%2Fcategories&post=18296"},{"taxonomy":"post_tag","embeddable":true,"href":"https:\/\/diariotribuna.com.br\/index.php?rest_route=%2Fwp%2Fv2%2Ftags&post=18296"}],"curies":[{"name":"wp","href":"https:\/\/api.w.org\/{rel}","templated":true}]}}