{"id":18312,"date":"2023-01-18T23:41:39","date_gmt":"2023-01-19T02:41:39","guid":{"rendered":"https:\/\/diariotribuna.com.br\/?p=18312"},"modified":"2023-01-20T23:35:22","modified_gmt":"2023-01-21T02:35:22","slug":"dois-homens-sao-mortos-a-tiros-em-via-publica-da-cidade-de-medina","status":"publish","type":"post","link":"https:\/\/diariotribuna.com.br\/?p=18312","title":{"rendered":"<strong>Dois homens s\u00e3o mortos a tiros em via p\u00fablica da cidade de Medina<\/strong>"},"content":{"rendered":"\n<figure class=\"wp-block-image size-full is-resized is-style-default\"><img loading=\"lazy\" decoding=\"async\" src=\"https:\/\/diariotribuna.com.br\/wp-content\/uploads\/2023\/01\/cecb9c43-edbd-49b9-9a23-bfa9e3ba79a0.jpg\" alt=\"\" class=\"wp-image-18313\" width=\"550\" height=\"309\" srcset=\"https:\/\/diariotribuna.com.br\/wp-content\/uploads\/2023\/01\/cecb9c43-edbd-49b9-9a23-bfa9e3ba79a0.jpg 700w, https:\/\/diariotribuna.com.br\/wp-content\/uploads\/2023\/01\/cecb9c43-edbd-49b9-9a23-bfa9e3ba79a0-300x168.jpg 300w, https:\/\/diariotribuna.com.br\/wp-content\/uploads\/2023\/01\/cecb9c43-edbd-49b9-9a23-bfa9e3ba79a0-696x391.jpg 696w\" sizes=\"(max-width: 550px) 100vw, 550px\" \/><\/figure>\n\n\n\n<p>A Pol\u00edcia Militar foi acionada por populares, por volta das 15h de ter\u00e7a-feira (17\/01), com informa\u00e7\u00f5es que teriam escutado v\u00e1rios disparos de arma de fogo na Rua da Bahia, Bairro Alian\u00e7a, em Medina. No local, os militares depararam com o ve\u00edculo Ford Fusion, cor preta, parado e com v\u00e1rios orif\u00edcios na lataria. Dentro estava o condutor Jos\u00e9 Luiz Soares da Costa, 34 anos, com v\u00e1rios ferimentos no corpo, j\u00e1 sem sinais vitais.<\/p>\n\n\n\n<p>A per\u00edcia t\u00e9cnica foi acionada, fez os trabalhos e constatou 07 perfura\u00e7\u00f5es na face e ombro direito da v\u00edtima e mais 10 orif\u00edcios no cap\u00f4, lateral direita e vidro traseiro do ve\u00edculo, muni\u00e7\u00f5es calibres 45 e 9mm. Segundo F.A.C., 28 anos, ocupante do ve\u00edculo, eles foram interceptados por um ve\u00edculo de cor clara, com 02 ocupantes, encapuzados, que desceram do autom\u00f3vel com arma em punho, e come\u00e7aram a atirar em sua dire\u00e7\u00e3o, ele saiu do carro e fugiu sem ser atingido.<\/p>\n\n\n\n<p>O outro ocupante, M.R.A., 21 anos, foi atingido de rasp\u00e3o no pesco\u00e7o, causando apenas um ferimento leve, dispensando atendimento m\u00e9dico. Segundo a PM, a v\u00edtima fatal teria envolvimento com tr\u00e1fico de drogas no munic\u00edpio.<\/p>\n\n\n\n<p><strong>Segundo homic\u00eddio &#8211;<\/strong> Durante atendimento ao homic\u00eddio ocorrido no Bairro Alian\u00e7a, nesta ter\u00e7a (17), por volta das 15h40, os militares foram informados de outro homic\u00eddio, dessa vez na Rua Costa e Silva, Bairro V\u00e1rzea Grande, em Medina, foram ao local e depararam com Thiago Hendrix Pereira Gusm\u00e3o, de 21 anos, ca\u00eddo no ch\u00e3o j\u00e1 sem vida. A per\u00edcia t\u00e9cnica constatou 06 perfura\u00e7\u00f5es no t\u00f3rax, costa e regi\u00e3o genital, provenientes de muni\u00e7\u00e3o de calibre desconhecido.<\/p>\n\n\n\n<p>Segundo a PM, no local n\u00e3o h\u00e1 c\u00e2meras que possam ajudar na elucida\u00e7\u00e3o do crime, e nenhuma pessoa presenciou o ocorrido. E a v\u00edtima tamb\u00e9m teria envolvimento com tr\u00e1fico de drogas no munic\u00edpio. Rastreamentos seguem com o objetivo de identificar e localizar os autores dos dois homic\u00eddios. Os corpos foram removidos ao Instituto M\u00e9dico Legal para necropsia. (Foto: PMMG).<\/p>\n","protected":false},"excerpt":{"rendered":"<p>A Pol\u00edcia Militar foi acionada por populares, por volta das 15h de ter\u00e7a-feira (17\/01), com informa\u00e7\u00f5es que teriam escutado v\u00e1rios disparos de arma de fogo na Rua da Bahia, Bairro Alian\u00e7a, em Medina. No local, os militares depararam com o ve\u00edculo Ford Fusion, cor preta, parado e com v\u00e1rios orif\u00edcios na lataria. Dentro estava o [&hellip;]<\/p>\n","protected":false},"author":1,"featured_media":18313,"comment_status":"open","ping_status":"open","sticky":false,"template":"","format":"standard","meta":{"rop_custom_images_group":[],"rop_custom_messages_group":[],"rop_publish_now":"initial","rop_publish_now_accounts":[],"rop_publish_now_history":[],"rop_publish_now_status":"pending","footnotes":""},"categories":[20],"tags":[2077,79,76,4278],"class_list":["post-18312","post","type-post","status-publish","format-standard","has-post-thumbnail","hentry","category-policia","tag-duplo-homicidio","tag-medina","tag-policia-militar","tag-via-publica"],"_links":{"self":[{"href":"https:\/\/diariotribuna.com.br\/index.php?rest_route=\/wp\/v2\/posts\/18312"}],"collection":[{"href":"https:\/\/diariotribuna.com.br\/index.php?rest_route=\/wp\/v2\/posts"}],"about":[{"href":"https:\/\/diariotribuna.com.br\/index.php?rest_route=\/wp\/v2\/types\/post"}],"author":[{"embeddable":true,"href":"https:\/\/diariotribuna.com.br\/index.php?rest_route=\/wp\/v2\/users\/1"}],"replies":[{"embeddable":true,"href":"https:\/\/diariotribuna.com.br\/index.php?rest_route=%2Fwp%2Fv2%2Fcomments&post=18312"}],"version-history":[{"count":1,"href":"https:\/\/diariotribuna.com.br\/index.php?rest_route=\/wp\/v2\/posts\/18312\/revisions"}],"predecessor-version":[{"id":18314,"href":"https:\/\/diariotribuna.com.br\/index.php?rest_route=\/wp\/v2\/posts\/18312\/revisions\/18314"}],"wp:featuredmedia":[{"embeddable":true,"href":"https:\/\/diariotribuna.com.br\/index.php?rest_route=\/wp\/v2\/media\/18313"}],"wp:attachment":[{"href":"https:\/\/diariotribuna.com.br\/index.php?rest_route=%2Fwp%2Fv2%2Fmedia&parent=18312"}],"wp:term":[{"taxonomy":"category","embeddable":true,"href":"https:\/\/diariotribuna.com.br\/index.php?rest_route=%2Fwp%2Fv2%2Fcategories&post=18312"},{"taxonomy":"post_tag","embeddable":true,"href":"https:\/\/diariotribuna.com.br\/index.php?rest_route=%2Fwp%2Fv2%2Ftags&post=18312"}],"curies":[{"name":"wp","href":"https:\/\/api.w.org\/{rel}","templated":true}]}}