{"id":18327,"date":"2023-01-20T21:26:37","date_gmt":"2023-01-21T00:26:37","guid":{"rendered":"https:\/\/diariotribuna.com.br\/?p=18327"},"modified":"2023-01-20T21:26:38","modified_gmt":"2023-01-21T00:26:38","slug":"homem-confessa-que-matou-idosa-a-pauladas-e-facada-e-jogou-o-corpo-no-rio-aracuai","status":"publish","type":"post","link":"https:\/\/diariotribuna.com.br\/?p=18327","title":{"rendered":"<strong>Homem confessa que matou idosa, a pauladas e facada, e jogou o corpo no rio Ara\u00e7ua\u00ed<\/strong>"},"content":{"rendered":"\n<figure class=\"wp-block-image size-full is-resized is-style-default\"><img loading=\"lazy\" decoding=\"async\" src=\"https:\/\/diariotribuna.com.br\/wp-content\/uploads\/2023\/01\/unnamed-file-1.jpg\" alt=\"\" class=\"wp-image-18328\" width=\"542\" height=\"350\" srcset=\"https:\/\/diariotribuna.com.br\/wp-content\/uploads\/2023\/01\/unnamed-file-1.jpg 657w, https:\/\/diariotribuna.com.br\/wp-content\/uploads\/2023\/01\/unnamed-file-1-300x194.jpg 300w, https:\/\/diariotribuna.com.br\/wp-content\/uploads\/2023\/01\/unnamed-file-1-651x420.jpg 651w\" sizes=\"(max-width: 542px) 100vw, 542px\" \/><\/figure>\n\n\n\n<p><strong>Francisco Badar\u00f3 &#8211;<\/strong> A Pol\u00edcia Civil de Minas Gerais acompanhou, nesta sexta-feira (20\/01), junto ao Corpo de Bombeiros Militar de Minas Gerais, as buscas pelo corpo de uma idosa, de 84 anos, desaparecida desde domingo (15\/01), na cidade de Francisco Badar\u00f3, Vale do Jequitinhonha.<\/p>\n\n\n\n<p>Um homem, de 45 anos, est\u00e1 preso em flagrante desde a ter\u00e7a-feira (17\/01) por posse ilegal de arma de fogo e investigado pelo homic\u00eddio da idosa. A Pol\u00edcia Civil aguarda expedi\u00e7\u00e3o de autoriza\u00e7\u00e3o judicial para se deslocar com o suspeito at\u00e9 o local, a fim de que ele aponte onde, supostamente, arremessou o corpo da v\u00edtima e, ainda, seja realizada reprodu\u00e7\u00e3o simulada dos fatos, para compreens\u00e3o da din\u00e2mica do crime. Na quinta-feira (19\/01), a Pol\u00edcia Civil representou \u00e0 justi\u00e7a pelo mandado de pris\u00e3o preventiva do investigado em virtude da suspeita de homic\u00eddio.<\/p>\n\n\n\n<p><strong>Confiss\u00e3o \u2013<\/strong> Ainda na quinta-feira (19), o homem foi ouvido pela equipe da Delegacia de Pol\u00edcia Civil em Minas Novas, respons\u00e1vel pelas investiga\u00e7\u00f5es. Ao ser interrogado, o suspeito confessou o homic\u00eddio. Ele relatou que agrediu a idosa com pauladas e uma facada, quando ela j\u00e1 estava ca\u00edda no ch\u00e3o, e, em seguida, a atirou no Rio Ara\u00e7ua\u00ed.<\/p>\n\n\n\n<p>Ainda segundo o investigado, o motivo para o crime seriam desaven\u00e7as de longa data que existiam entre os dois, e que a idosa, inclusive, estaria o perseguindo, fazendo rituais contra ele e o amea\u00e7ando. Conforme o relato apresentado \u00e0 pol\u00edcia, a v\u00edtima teria ordenado que o neto o matasse. Diante das declara\u00e7\u00f5es, a PCMG instaurou inqu\u00e9rito policial para apurar o caso. Desde a not\u00edcia do desaparecimento, um procedimento administrativo para investiga\u00e7\u00e3o de pessoas desaparecidas est\u00e1 em aberto.<\/p>\n\n\n\n<p>As buscas pela desaparecida come\u00e7aram imediatamente e a equipe da Delegacia de Pol\u00edcia Civil em Minas Novas ouviu diversas pessoas, refazendo os \u00faltimos passos da v\u00edtima. Ela teria se dirigido at\u00e9 uma pequena mercearia, localizada na comunidade de Lagoa do Engenho, zona rural do munic\u00edpio de Francisco Badar\u00f3 e, ap\u00f3s deixar o local, n\u00e3o foi mais vista. As investiga\u00e7\u00f5es prosseguem. (Informa\u00e7\u00f5es: PCMG\/ Assessoria de comunica\u00e7\u00e3o\/ Foto: Gazeta de Ara\u00e7ua\u00ed).<\/p>\n\n\n\n<pre class=\"wp-block-verse\">A idosa \u00e9 Ana Soares Lemes de Sousa. At\u00e9 a noite desta sexta-feira (20), o corpo ainda n\u00e3o havia sido localizado. Equipes do Corpo de Bombeiros continuam as buscas. <\/pre>\n","protected":false},"excerpt":{"rendered":"<p>Francisco Badar\u00f3 &#8211; A Pol\u00edcia Civil de Minas Gerais acompanhou, nesta sexta-feira (20\/01), junto ao Corpo de Bombeiros Militar de Minas Gerais, as buscas pelo corpo de uma idosa, de 84 anos, desaparecida desde domingo (15\/01), na cidade de Francisco Badar\u00f3, Vale do Jequitinhonha. Um homem, de 45 anos, est\u00e1 preso em flagrante desde a [&hellip;]<\/p>\n","protected":false},"author":1,"featured_media":18328,"comment_status":"open","ping_status":"open","sticky":false,"template":"","format":"standard","meta":{"rop_custom_images_group":[],"rop_custom_messages_group":[],"rop_publish_now":"initial","rop_publish_now_accounts":[],"rop_publish_now_history":[],"rop_publish_now_status":"pending","footnotes":""},"categories":[25,20],"tags":[107,520,292,76],"class_list":["post-18327","post","type-post","status-publish","format-standard","has-post-thumbnail","hentry","category-destaque","category-policia","tag-homicidio","tag-idosa","tag-policia-civil","tag-policia-militar"],"_links":{"self":[{"href":"https:\/\/diariotribuna.com.br\/index.php?rest_route=\/wp\/v2\/posts\/18327"}],"collection":[{"href":"https:\/\/diariotribuna.com.br\/index.php?rest_route=\/wp\/v2\/posts"}],"about":[{"href":"https:\/\/diariotribuna.com.br\/index.php?rest_route=\/wp\/v2\/types\/post"}],"author":[{"embeddable":true,"href":"https:\/\/diariotribuna.com.br\/index.php?rest_route=\/wp\/v2\/users\/1"}],"replies":[{"embeddable":true,"href":"https:\/\/diariotribuna.com.br\/index.php?rest_route=%2Fwp%2Fv2%2Fcomments&post=18327"}],"version-history":[{"count":1,"href":"https:\/\/diariotribuna.com.br\/index.php?rest_route=\/wp\/v2\/posts\/18327\/revisions"}],"predecessor-version":[{"id":18329,"href":"https:\/\/diariotribuna.com.br\/index.php?rest_route=\/wp\/v2\/posts\/18327\/revisions\/18329"}],"wp:featuredmedia":[{"embeddable":true,"href":"https:\/\/diariotribuna.com.br\/index.php?rest_route=\/wp\/v2\/media\/18328"}],"wp:attachment":[{"href":"https:\/\/diariotribuna.com.br\/index.php?rest_route=%2Fwp%2Fv2%2Fmedia&parent=18327"}],"wp:term":[{"taxonomy":"category","embeddable":true,"href":"https:\/\/diariotribuna.com.br\/index.php?rest_route=%2Fwp%2Fv2%2Fcategories&post=18327"},{"taxonomy":"post_tag","embeddable":true,"href":"https:\/\/diariotribuna.com.br\/index.php?rest_route=%2Fwp%2Fv2%2Ftags&post=18327"}],"curies":[{"name":"wp","href":"https:\/\/api.w.org\/{rel}","templated":true}]}}