{"id":18330,"date":"2023-01-20T23:34:40","date_gmt":"2023-01-21T02:34:40","guid":{"rendered":"https:\/\/diariotribuna.com.br\/?p=18330"},"modified":"2023-01-24T23:46:03","modified_gmt":"2023-01-25T02:46:03","slug":"sindcomercio-realiza-assembleia-geral-extraordinaria-para-debater-a-cct-2023","status":"publish","type":"post","link":"https:\/\/diariotribuna.com.br\/?p=18330","title":{"rendered":"<strong>Sindcom\u00e9rcio realiza Assembleia Geral Extraordin\u00e1ria para debater a CCT 2023<\/strong>"},"content":{"rendered":"\n<h3 class=\"wp-block-heading\"><strong><em>Foram apresentadas propostas para agilizar o fechamento da Conven\u00e7\u00e3o Coletiva de Trabalho 2023<\/em><\/strong><\/h3>\n\n\n\n<figure class=\"wp-block-image size-full is-resized is-style-default\"><img loading=\"lazy\" decoding=\"async\" src=\"https:\/\/diariotribuna.com.br\/wp-content\/uploads\/2023\/01\/1-4.jpg\" alt=\"\" class=\"wp-image-18335\" width=\"574\" height=\"392\" srcset=\"https:\/\/diariotribuna.com.br\/wp-content\/uploads\/2023\/01\/1-4.jpg 700w, https:\/\/diariotribuna.com.br\/wp-content\/uploads\/2023\/01\/1-4-300x205.jpg 300w, https:\/\/diariotribuna.com.br\/wp-content\/uploads\/2023\/01\/1-4-218x150.jpg 218w, https:\/\/diariotribuna.com.br\/wp-content\/uploads\/2023\/01\/1-4-696x475.jpg 696w, https:\/\/diariotribuna.com.br\/wp-content\/uploads\/2023\/01\/1-4-615x420.jpg 615w\" sizes=\"(max-width: 574px) 100vw, 574px\" \/><figcaption class=\"wp-element-caption\"><strong>L\u00e9o Ramos (presidente do Sindcom\u00e9rcio); dr. Rubens<\/strong> <strong>de<\/strong> <strong>Andrade<\/strong><br><strong>(palestrante); Iesser Lauar (diretor-financeiro do Sindcom\u00e9rcio)<\/strong><\/figcaption><\/figure>\n\n\n\n<p>O Sindcom\u00e9rcio de Te\u00f3filo Otoni realizou Assembleia Geral Extraordin\u00e1ria, na ter\u00e7a-feira (17\/01), com empres\u00e1rios para defini\u00e7\u00e3o de propostas para a Conven\u00e7\u00e3o Coletiva de Trabalho 2023. Na oportunidade, foram apresentadas as reivindica\u00e7\u00f5es feitas pelo Sindicato dos Comerci\u00e1rios e propostas iniciais para agilizar o fechamento da conven\u00e7\u00e3o. O presidente do Sindcom\u00e9rcio, L\u00e9o Ramos explica que acontecem duas a tr\u00eas reuni\u00f5es para chegar a um acordo para fechar a Conven\u00e7\u00e3o Coletiva do ano, como aconteceu em 2022.<\/p>\n\n\n\n<p>L\u00e9o explica que o fechamento da CCT j\u00e1 define tamb\u00e9m todos os feriados do ano, facilitando a programa\u00e7\u00e3o dos empres\u00e1rios. Primeiro inicia com as propostas que o Sindicato dos Comerci\u00e1rios encaminha para o Sindcom\u00e9rcio, que leva uma contraproposta, a partir da\u00ed come\u00e7am as reuni\u00f5es at\u00e9 chegar a um acordo. O Sindcom\u00e9rcio precisa receber autoriza\u00e7\u00e3o na Assembleia, ter uma limita\u00e7\u00e3o para as negocia\u00e7\u00f5es, e L\u00e9o ressalta que n\u00e3o tem nenhum problema com Edna, presidente do Sindicato dos Empregados, para fazer os acordos e acertar toda a CCT para 2023.<\/p>\n\n\n\n<figure class=\"wp-block-image size-full is-resized is-style-default\"><img loading=\"lazy\" decoding=\"async\" src=\"https:\/\/diariotribuna.com.br\/wp-content\/uploads\/2023\/01\/f62eed6d-0b46-4e22-9765-898c1833a2f1.jpg\" alt=\"\" class=\"wp-image-18334\" width=\"525\" height=\"377\" srcset=\"https:\/\/diariotribuna.com.br\/wp-content\/uploads\/2023\/01\/f62eed6d-0b46-4e22-9765-898c1833a2f1.jpg 600w, https:\/\/diariotribuna.com.br\/wp-content\/uploads\/2023\/01\/f62eed6d-0b46-4e22-9765-898c1833a2f1-300x216.jpg 300w, https:\/\/diariotribuna.com.br\/wp-content\/uploads\/2023\/01\/f62eed6d-0b46-4e22-9765-898c1833a2f1-585x420.jpg 585w\" sizes=\"(max-width: 525px) 100vw, 525px\" \/><\/figure>\n\n\n\n<p>Para <strong>L\u00e9o Ramos<\/strong>, deve haver um consenso entre os sindicatos, as negocia\u00e7\u00f5es devem andar r\u00e1pido, considerando as infla\u00e7\u00f5es, e tem que conseguir um piso salarial bem acertado. \u201cA vantagem da CCT \u00e9 que \u00e9 entregue ao empres\u00e1rio todas as regras que v\u00e3o acontecer durante o ano. Todos os feriados constando na CCT, ele consegue fazer uma programa\u00e7\u00e3o melhor de escala, de tudo dentro da empresa, igual aconteceu no ano passado\u201d, frisou.<\/p>\n\n\n\n<figure class=\"wp-block-image size-full is-resized is-style-default\"><img loading=\"lazy\" decoding=\"async\" src=\"https:\/\/diariotribuna.com.br\/wp-content\/uploads\/2023\/01\/3-3.jpg\" alt=\"\" class=\"wp-image-18333\" width=\"521\" height=\"363\" srcset=\"https:\/\/diariotribuna.com.br\/wp-content\/uploads\/2023\/01\/3-3.jpg 600w, https:\/\/diariotribuna.com.br\/wp-content\/uploads\/2023\/01\/3-3-300x209.jpg 300w, https:\/\/diariotribuna.com.br\/wp-content\/uploads\/2023\/01\/3-3-100x70.jpg 100w\" sizes=\"(max-width: 521px) 100vw, 521px\" \/><\/figure>\n\n\n\n<p>Durante a Assembleia, foi realizada uma <strong>palestra com o tema \u201cRecupera\u00e7\u00e3o de Cr\u00e9ditos Tribut\u00e1rios\u201d, ministrada pelo dr. Rubens de Andrade Neto<\/strong>, mestre em Ci\u00eancias jur\u00eddico-Empresariais pela Universidade de Coimbra, Portugal. Ao longo dos \u00faltimos 15 anos ele atua prestando assessoria aos sindicatos patronais, que atuam frente \u00e0s empresas.<\/p>\n\n\n\n<p>Dr. Rubens de Andrade veio a Te\u00f3filo Otoni, numa parceria com a Federa\u00e7\u00e3o do Com\u00e9rcio de Bens e Servi\u00e7os de Minas Gerais (Fecom\u00e9rcio Minas), para apresentar aos empres\u00e1rios, os trabalhos de recupera\u00e7\u00e3o tribut\u00e1ria que vem fazendo nessa parceria. N\u00e3o s\u00f3 teses jur\u00eddicas, a\u00e7\u00f5es judiciais coletivas que j\u00e1 foram ingressadas pelo Sindcom\u00e9rcio, que se vitoriosas j\u00e1 v\u00e3o favorecer a todas as empresas que s\u00e3o representadas na base. Na sua palestra foram discutidos sobre INSS, PIS Cofins, Imposto de Renda, dentre outros temas. <strong>(Fotos: Di\u00e1rio Tribuna).<\/strong><\/p>\n\n\n\n<figure class=\"wp-block-image size-full is-style-default\"><img loading=\"lazy\" decoding=\"async\" width=\"600\" height=\"378\" src=\"https:\/\/diariotribuna.com.br\/wp-content\/uploads\/2023\/01\/2-5.jpg\" alt=\"\" class=\"wp-image-18336\" srcset=\"https:\/\/diariotribuna.com.br\/wp-content\/uploads\/2023\/01\/2-5.jpg 600w, https:\/\/diariotribuna.com.br\/wp-content\/uploads\/2023\/01\/2-5-300x189.jpg 300w\" sizes=\"(max-width: 600px) 100vw, 600px\" \/><figcaption class=\"wp-element-caption\"><strong>Assembleia conduzida pelo gerente executivo, Guilherme Kind<\/strong><\/figcaption><\/figure>\n","protected":false},"excerpt":{"rendered":"<p>Foram apresentadas propostas para agilizar o fechamento da Conven\u00e7\u00e3o Coletiva de Trabalho 2023 O Sindcom\u00e9rcio de Te\u00f3filo Otoni realizou Assembleia Geral Extraordin\u00e1ria, na ter\u00e7a-feira (17\/01), com empres\u00e1rios para defini\u00e7\u00e3o de propostas para a Conven\u00e7\u00e3o Coletiva de Trabalho 2023. Na oportunidade, foram apresentadas as reivindica\u00e7\u00f5es feitas pelo Sindicato dos Comerci\u00e1rios e propostas iniciais para agilizar o [&hellip;]<\/p>\n","protected":false},"author":1,"featured_media":18335,"comment_status":"open","ping_status":"open","sticky":false,"template":"","format":"standard","meta":{"rop_custom_images_group":[],"rop_custom_messages_group":[],"rop_publish_now":"initial","rop_publish_now_accounts":[],"rop_publish_now_history":[],"rop_publish_now_status":"pending","footnotes":""},"categories":[17],"tags":[458,5103,221,75],"class_list":["post-18330","post","type-post","status-publish","format-standard","has-post-thumbnail","hentry","category-teofilootoni","tag-assembleia","tag-cct-2023","tag-sindcomercio","tag-teofilo-otoni"],"_links":{"self":[{"href":"https:\/\/diariotribuna.com.br\/index.php?rest_route=\/wp\/v2\/posts\/18330"}],"collection":[{"href":"https:\/\/diariotribuna.com.br\/index.php?rest_route=\/wp\/v2\/posts"}],"about":[{"href":"https:\/\/diariotribuna.com.br\/index.php?rest_route=\/wp\/v2\/types\/post"}],"author":[{"embeddable":true,"href":"https:\/\/diariotribuna.com.br\/index.php?rest_route=\/wp\/v2\/users\/1"}],"replies":[{"embeddable":true,"href":"https:\/\/diariotribuna.com.br\/index.php?rest_route=%2Fwp%2Fv2%2Fcomments&post=18330"}],"version-history":[{"count":5,"href":"https:\/\/diariotribuna.com.br\/index.php?rest_route=\/wp\/v2\/posts\/18330\/revisions"}],"predecessor-version":[{"id":18342,"href":"https:\/\/diariotribuna.com.br\/index.php?rest_route=\/wp\/v2\/posts\/18330\/revisions\/18342"}],"wp:featuredmedia":[{"embeddable":true,"href":"https:\/\/diariotribuna.com.br\/index.php?rest_route=\/wp\/v2\/media\/18335"}],"wp:attachment":[{"href":"https:\/\/diariotribuna.com.br\/index.php?rest_route=%2Fwp%2Fv2%2Fmedia&parent=18330"}],"wp:term":[{"taxonomy":"category","embeddable":true,"href":"https:\/\/diariotribuna.com.br\/index.php?rest_route=%2Fwp%2Fv2%2Fcategories&post=18330"},{"taxonomy":"post_tag","embeddable":true,"href":"https:\/\/diariotribuna.com.br\/index.php?rest_route=%2Fwp%2Fv2%2Ftags&post=18330"}],"curies":[{"name":"wp","href":"https:\/\/api.w.org\/{rel}","templated":true}]}}