{"id":18343,"date":"2023-01-20T23:56:14","date_gmt":"2023-01-21T02:56:14","guid":{"rendered":"https:\/\/diariotribuna.com.br\/?p=18343"},"modified":"2023-01-21T11:13:02","modified_gmt":"2023-01-21T14:13:02","slug":"com-dois-meses-de-instalacao-do-jef-virtual-em-ladainha-mais-de-um-milhao-de-reais-ja-foram-pagos-em-valores-atrasados","status":"publish","type":"post","link":"https:\/\/diariotribuna.com.br\/?p=18343","title":{"rendered":"Com dois meses de instala\u00e7\u00e3o do JEF Virtual em Ladainha mais de um milh\u00e3o de reais j\u00e1 foi pago em valores atrasados"},"content":{"rendered":"\n<figure class=\"wp-block-image size-full is-resized is-style-default\"><img loading=\"lazy\" decoding=\"async\" src=\"https:\/\/diariotribuna.com.br\/wp-content\/uploads\/2023\/01\/DSC_2469.jpg\" alt=\"\" class=\"wp-image-18345\" width=\"615\" height=\"393\" srcset=\"https:\/\/diariotribuna.com.br\/wp-content\/uploads\/2023\/01\/DSC_2469.jpg 700w, https:\/\/diariotribuna.com.br\/wp-content\/uploads\/2023\/01\/DSC_2469-300x192.jpg 300w, https:\/\/diariotribuna.com.br\/wp-content\/uploads\/2023\/01\/DSC_2469-696x445.jpg 696w, https:\/\/diariotribuna.com.br\/wp-content\/uploads\/2023\/01\/DSC_2469-656x420.jpg 656w\" sizes=\"(max-width: 615px) 100vw, 615px\" \/><figcaption class=\"wp-element-caption\"><strong>Inaugura\u00e7\u00e3o da sala do Juizado Especial Federal Virtual em Ladainha,<\/strong><br><strong>dia 11 de novembro de 2022, dia hist\u00f3rico para o munic\u00edpio  <\/strong><\/figcaption><\/figure>\n\n\n\n<p>Com dois meses de instala\u00e7\u00e3o e funcionamento do Juizado Especial Federal Virtual (JEF virtual) em Ladainha os resultados j\u00e1 aparecem e est\u00e3o fazendo a diferen\u00e7a na vida da popula\u00e7\u00e3o. A parceria firmada entre a Prefeitura Municipal, atrav\u00e9s do esfor\u00e7o do Prefeito Reled Maikel, e a Justi\u00e7a Federal, j\u00e1 resultou em mais de um milh\u00e3o de reais pagos em valores atrasados, sendo 76 benef\u00edcios (aposentadoria por idade rural, sal\u00e1rio maternidade, pens\u00e3o por morte, aux\u00edlio doen\u00e7a e BPC).<\/p>\n\n\n\n<p>Esses benef\u00edcios j\u00e1 concedidos geram uma renda mensal de mais de 70 mil reais para os benefici\u00e1rios, o que reflete diretamente na economia do munic\u00edpio. Mantendo-se os resultados obtidos nesses dois meses, a expectativa \u00e9 que em 2023 sejam pagos mais de 5 milh\u00f5es de reais em valores atrasados e mais de 350 pessoas tenham benef\u00edcios previdenci\u00e1rios concedidos.<\/p>\n\n\n\n<p>Segundo a assessoria da prefeitura, \u201cparcerias que ajudam a sociedade na garantia de direitos tem todo apoio da Prefeitura Municipal de Ladainha\u201d. E o dia 11 de novembro de 2022 vai ficar marcado na hist\u00f3ria de Ladainha, dia que foi realizada a solenidade de inaugura\u00e7\u00e3o da sala do Juizado Especial Federal Virtual, um marco hist\u00f3rico, um ganho enorme para a popula\u00e7\u00e3o.<\/p>\n\n\n\n<figure class=\"wp-block-image size-full is-resized is-style-default\"><img loading=\"lazy\" decoding=\"async\" src=\"https:\/\/diariotribuna.com.br\/wp-content\/uploads\/2023\/01\/DSC_2446.jpg\" alt=\"\" class=\"wp-image-18344\" width=\"539\" height=\"397\" srcset=\"https:\/\/diariotribuna.com.br\/wp-content\/uploads\/2023\/01\/DSC_2446.jpg 600w, https:\/\/diariotribuna.com.br\/wp-content\/uploads\/2023\/01\/DSC_2446-300x222.jpg 300w, https:\/\/diariotribuna.com.br\/wp-content\/uploads\/2023\/01\/DSC_2446-80x60.jpg 80w, https:\/\/diariotribuna.com.br\/wp-content\/uploads\/2023\/01\/DSC_2446-569x420.jpg 569w\" sizes=\"(max-width: 539px) 100vw, 539px\" \/><figcaption class=\"wp-element-caption\"><strong>O Juiz Federal, Dr. Ant\u00f4nio L\u00facio T\u00falio de Oliveira Barbosa e<br>o prefeito de Ladainha, Reled Maikel<\/strong><\/figcaption><\/figure>\n\n\n\n<p>A partir dessa data, trabalhadores rurais e urbanos j\u00e1 podem participar de per\u00edcias m\u00e9dicas e audi\u00eancias judiciais no pr\u00f3prio munic\u00edpio, sem a necessidade de deslocamentos das partes e advogados at\u00e9 a sede da Justi\u00e7a Federal em Te\u00f3filo Otoni. Muito feliz, o prefeito Reled Maikel comemorou esse grande feito para a cidade. \u201cIsso facilita a vida da popula\u00e7\u00e3o, leva os recursos para quem realmente tem direito a eles\u201d, disse.<\/p>\n\n\n\n<figure class=\"wp-block-image size-full is-style-default\"><img loading=\"lazy\" decoding=\"async\" width=\"600\" height=\"600\" src=\"https:\/\/diariotribuna.com.br\/wp-content\/uploads\/2023\/01\/322118162_564317411964707_3764430201213721243_n-1.jpg\" alt=\"\" class=\"wp-image-18347\" srcset=\"https:\/\/diariotribuna.com.br\/wp-content\/uploads\/2023\/01\/322118162_564317411964707_3764430201213721243_n-1.jpg 600w, https:\/\/diariotribuna.com.br\/wp-content\/uploads\/2023\/01\/322118162_564317411964707_3764430201213721243_n-1-300x300.jpg 300w, https:\/\/diariotribuna.com.br\/wp-content\/uploads\/2023\/01\/322118162_564317411964707_3764430201213721243_n-1-150x150.jpg 150w, https:\/\/diariotribuna.com.br\/wp-content\/uploads\/2023\/01\/322118162_564317411964707_3764430201213721243_n-1-420x420.jpg 420w\" sizes=\"(max-width: 600px) 100vw, 600px\" \/><\/figure>\n","protected":false},"excerpt":{"rendered":"<p>Com dois meses de instala\u00e7\u00e3o e funcionamento do Juizado Especial Federal Virtual (JEF virtual) em Ladainha os resultados j\u00e1 aparecem e est\u00e3o fazendo a diferen\u00e7a na vida da popula\u00e7\u00e3o. A parceria firmada entre a Prefeitura Municipal, atrav\u00e9s do esfor\u00e7o do Prefeito Reled Maikel, e a Justi\u00e7a Federal, j\u00e1 resultou em mais de um milh\u00e3o de [&hellip;]<\/p>\n","protected":false},"author":1,"featured_media":18345,"comment_status":"open","ping_status":"open","sticky":false,"template":"","format":"standard","meta":{"rop_custom_images_group":[],"rop_custom_messages_group":[],"rop_publish_now":"initial","rop_publish_now_accounts":[],"rop_publish_now_history":[],"rop_publish_now_status":"pending","footnotes":""},"categories":[18],"tags":[4915,4916,86],"class_list":["post-18343","post","type-post","status-publish","format-standard","has-post-thumbnail","hentry","category-regiao","tag-jef-virtual","tag-justica-federal","tag-ladainha"],"_links":{"self":[{"href":"https:\/\/diariotribuna.com.br\/index.php?rest_route=\/wp\/v2\/posts\/18343"}],"collection":[{"href":"https:\/\/diariotribuna.com.br\/index.php?rest_route=\/wp\/v2\/posts"}],"about":[{"href":"https:\/\/diariotribuna.com.br\/index.php?rest_route=\/wp\/v2\/types\/post"}],"author":[{"embeddable":true,"href":"https:\/\/diariotribuna.com.br\/index.php?rest_route=\/wp\/v2\/users\/1"}],"replies":[{"embeddable":true,"href":"https:\/\/diariotribuna.com.br\/index.php?rest_route=%2Fwp%2Fv2%2Fcomments&post=18343"}],"version-history":[{"count":8,"href":"https:\/\/diariotribuna.com.br\/index.php?rest_route=\/wp\/v2\/posts\/18343\/revisions"}],"predecessor-version":[{"id":18358,"href":"https:\/\/diariotribuna.com.br\/index.php?rest_route=\/wp\/v2\/posts\/18343\/revisions\/18358"}],"wp:featuredmedia":[{"embeddable":true,"href":"https:\/\/diariotribuna.com.br\/index.php?rest_route=\/wp\/v2\/media\/18345"}],"wp:attachment":[{"href":"https:\/\/diariotribuna.com.br\/index.php?rest_route=%2Fwp%2Fv2%2Fmedia&parent=18343"}],"wp:term":[{"taxonomy":"category","embeddable":true,"href":"https:\/\/diariotribuna.com.br\/index.php?rest_route=%2Fwp%2Fv2%2Fcategories&post=18343"},{"taxonomy":"post_tag","embeddable":true,"href":"https:\/\/diariotribuna.com.br\/index.php?rest_route=%2Fwp%2Fv2%2Ftags&post=18343"}],"curies":[{"name":"wp","href":"https:\/\/api.w.org\/{rel}","templated":true}]}}