{"id":18365,"date":"2023-01-23T15:27:12","date_gmt":"2023-01-23T18:27:12","guid":{"rendered":"https:\/\/diariotribuna.com.br\/?p=18365"},"modified":"2023-01-25T15:41:45","modified_gmt":"2023-01-25T18:41:45","slug":"diario-tribuna-23-de-janeiro-2023-teofilo-otoni-mg","status":"publish","type":"post","link":"https:\/\/diariotribuna.com.br\/?p=18365","title":{"rendered":"<strong>Di\u00e1rio Tribuna, 23 de Janeiro 2023, Te\u00f3filo Otoni &#8211; MG<\/strong>"},"content":{"rendered":"\n<figure class=\"wp-block-image size-full is-resized is-style-default\"><img loading=\"lazy\" decoding=\"async\" src=\"https:\/\/diariotribuna.com.br\/wp-content\/uploads\/2023\/01\/44248539-a5d5-4b44-be36-bab83932a5dd.jpg\" alt=\"\" class=\"wp-image-18367\" width=\"346\" height=\"495\" srcset=\"https:\/\/diariotribuna.com.br\/wp-content\/uploads\/2023\/01\/44248539-a5d5-4b44-be36-bab83932a5dd.jpg 696w, https:\/\/diariotribuna.com.br\/wp-content\/uploads\/2023\/01\/44248539-a5d5-4b44-be36-bab83932a5dd-210x300.jpg 210w, https:\/\/diariotribuna.com.br\/wp-content\/uploads\/2023\/01\/44248539-a5d5-4b44-be36-bab83932a5dd-293x420.jpg 293w\" sizes=\"(max-width: 346px) 100vw, 346px\" \/><\/figure>\n\n\n\n<h2 class=\"wp-block-heading\"><strong><strong><mark style=\"background-color:rgba(0, 0, 0, 0)\" class=\"has-inline-color has-vivid-red-color\">Acesse o link abaixo e veja a edi\u00e7\u00e3o completa do Di\u00e1rio Tribuna desta segunda-feira (23\/01\/2023)<\/mark><\/strong><\/strong><\/h2>\n\n\n\n<h2 class=\"wp-block-heading\"><a href=\"https:\/\/diariotribuna.com.br\/wp-content\/uploads\/2023\/01\/DIARIO-TRIBUNA-53-ANOS-23-JANEIRO-2023.pdf\"><strong><mark style=\"background-color:rgba(0, 0, 0, 0)\" class=\"has-inline-color has-vivid-red-color\">https:\/\/diariotribuna.com.br\/wp-content\/uploads\/2023\/01\/DIARIO-TRIBUNA-53-ANOS-23-JANEIRO-2023.pdf<\/mark><\/strong><\/a><\/h2>\n","protected":false},"excerpt":{"rendered":"<p>Acesse o link abaixo e veja a edi\u00e7\u00e3o completa do Di\u00e1rio Tribuna desta segunda-feira (23\/01\/2023) https:\/\/diariotribuna.com.br\/wp-content\/uploads\/2023\/01\/DIARIO-TRIBUNA-53-ANOS-23-JANEIRO-2023.pdf<\/p>\n","protected":false},"author":1,"featured_media":18367,"comment_status":"open","ping_status":"open","sticky":false,"template":"","format":"standard","meta":{"rop_custom_images_group":[],"rop_custom_messages_group":[],"rop_publish_now":"initial","rop_publish_now_accounts":[],"rop_publish_now_history":[],"rop_publish_now_status":"pending","footnotes":""},"categories":[17,23],"tags":[5105,42,1010,75,867],"class_list":["post-18365","post","type-post","status-publish","format-standard","has-post-thumbnail","hentry","category-teofilootoni","category-ultimaedicao","tag-23-01-2023","tag-diario-tribuna","tag-nordeste-mineiro","tag-teofilo-otoni","tag-vale-do-mucuri"],"_links":{"self":[{"href":"https:\/\/diariotribuna.com.br\/index.php?rest_route=\/wp\/v2\/posts\/18365"}],"collection":[{"href":"https:\/\/diariotribuna.com.br\/index.php?rest_route=\/wp\/v2\/posts"}],"about":[{"href":"https:\/\/diariotribuna.com.br\/index.php?rest_route=\/wp\/v2\/types\/post"}],"author":[{"embeddable":true,"href":"https:\/\/diariotribuna.com.br\/index.php?rest_route=\/wp\/v2\/users\/1"}],"replies":[{"embeddable":true,"href":"https:\/\/diariotribuna.com.br\/index.php?rest_route=%2Fwp%2Fv2%2Fcomments&post=18365"}],"version-history":[{"count":1,"href":"https:\/\/diariotribuna.com.br\/index.php?rest_route=\/wp\/v2\/posts\/18365\/revisions"}],"predecessor-version":[{"id":18368,"href":"https:\/\/diariotribuna.com.br\/index.php?rest_route=\/wp\/v2\/posts\/18365\/revisions\/18368"}],"wp:featuredmedia":[{"embeddable":true,"href":"https:\/\/diariotribuna.com.br\/index.php?rest_route=\/wp\/v2\/media\/18367"}],"wp:attachment":[{"href":"https:\/\/diariotribuna.com.br\/index.php?rest_route=%2Fwp%2Fv2%2Fmedia&parent=18365"}],"wp:term":[{"taxonomy":"category","embeddable":true,"href":"https:\/\/diariotribuna.com.br\/index.php?rest_route=%2Fwp%2Fv2%2Fcategories&post=18365"},{"taxonomy":"post_tag","embeddable":true,"href":"https:\/\/diariotribuna.com.br\/index.php?rest_route=%2Fwp%2Fv2%2Ftags&post=18365"}],"curies":[{"name":"wp","href":"https:\/\/api.w.org\/{rel}","templated":true}]}}