{"id":18369,"date":"2023-01-23T15:56:10","date_gmt":"2023-01-23T18:56:10","guid":{"rendered":"https:\/\/diariotribuna.com.br\/?p=18369"},"modified":"2023-01-23T15:56:11","modified_gmt":"2023-01-23T18:56:11","slug":"de-soldado-1991-a-major-2021-da-pmmg-a-trajetoria-e-protagonismo-de-levina-marcia","status":"publish","type":"post","link":"https:\/\/diariotribuna.com.br\/?p=18369","title":{"rendered":"De soldado (1991) a Major (2021) da PMMG: a trajet\u00f3ria e protagonismo de Levina M\u00e1rcia"},"content":{"rendered":"\n<figure class=\"wp-block-image size-full is-resized is-style-default\"><img loading=\"lazy\" decoding=\"async\" src=\"https:\/\/diariotribuna.com.br\/wp-content\/uploads\/2023\/01\/Juliana-3.jpg\" alt=\"\" class=\"wp-image-18370\" width=\"324\" height=\"339\" srcset=\"https:\/\/diariotribuna.com.br\/wp-content\/uploads\/2023\/01\/Juliana-3.jpg 650w, https:\/\/diariotribuna.com.br\/wp-content\/uploads\/2023\/01\/Juliana-3-286x300.jpg 286w, https:\/\/diariotribuna.com.br\/wp-content\/uploads\/2023\/01\/Juliana-3-401x420.jpg 401w\" sizes=\"(max-width: 324px) 100vw, 324px\" \/><figcaption class=\"wp-element-caption\"><strong><strong>Juliana Lemes da Cruz.<\/strong><\/strong><br><strong><strong>Doutoranda em Pol\u00edtica Social \u2013 UFF.<\/strong><\/strong><br><strong><strong>Pesquisadora GEPAF\/UFVJM.<\/strong><\/strong><br><strong><strong>Coordenadora do Projeto MLV.<\/strong><\/strong><br><strong><strong>Contato: <\/strong><a href=\"mailto:julianalemes@id.uff.br\"><strong>julianalemes@id.uff.br<\/strong><\/a><\/strong><\/figcaption><\/figure>\n\n\n\n<p>Era tempo de redemocratiza\u00e7\u00e3o do pa\u00eds, marcada pela promulga\u00e7\u00e3o da Constitui\u00e7\u00e3o Cidad\u00e3 em 1988, condi\u00e7\u00e3o fundamental para que a mulher, finalmente, fosse reconhecida como sujeito de direitos, o que a oportunizou sua admiss\u00e3o em carreiras p\u00fablicas com requisitos similares aos dos homens. A institui\u00e7\u00e3o que admitia apenas mo\u00e7as solteiras passara tamb\u00e9m a admitir as casadas, com filhos, mas com profiss\u00e3o comprovada. Foi o suficiente para que, em 1991, Levina M\u00e1rcia, aos 24 anos, datil\u00f3grafa, se candidatasse ao cargo de soldado da Pol\u00edcia Militar de Minas Gerais (PMMG).<\/p>\n\n\n\n<p>\u00c9 com imensa satisfa\u00e7\u00e3o que descrevo a trajet\u00f3ria dessa mulher que foi a minha principal refer\u00eancia profissional na institui\u00e7\u00e3o que h\u00e1 mais de uma d\u00e9cada, eu tamb\u00e9m passei a integrar. Come\u00e7o por aqui, com uma de suas frases: \u201c[&#8230;] que nos limita somos n\u00f3s mesmos. Ningu\u00e9m tem esse direito, n\u00e3o podemos delegar esse direito a ningu\u00e9m. S\u00f3 a gente, com a gra\u00e7a de Deus, \u00e9 quem sabe, o que a gente pode ou n\u00e3o\u201d.<\/p>\n\n\n\n<p>Assim como eu e a Joseli Lima, que teve sua hist\u00f3ria contada na edi\u00e7\u00e3o da \u00faltima semana https:\/\/diariotribuna.com.br\/?p=18249, Levina tamb\u00e9m foi m\u00e3e na adolesc\u00eancia. Em tempos ainda mais desafiantes, com 16 anos, soube que o J\u00fanior estava a caminho. Ele nasceu em 1983, antes dela completar o antigo 2\u00ba grau. J\u00e1 casada com o pai do seu filho, teve a Riane em 1988. Com suas crian\u00e7as pequenas, n\u00e3o trabalhava fora, mas, sabia costurar, fez curso de manicure no SENAC e dava aulas particulares de portugu\u00eas e matem\u00e1tica. Iniciou o curso de Letras na UNIVALE em 1990. Um encarte de jornal foi o divisor de \u00e1guas na sua vida.<\/p>\n\n\n\n<p>\u201cEstava em casa, chegou um conhecido da fam\u00edlia com um encarte de jornal falando para mim assim: L\u00e9, est\u00e1 aberta a inscri\u00e7\u00e3o pra pol\u00edcia. Eu falei: eu n\u00e3o posso n\u00e3o, Wellington, porque eu sou casada. Ele falou: N\u00e3o, abriu inscri\u00e7\u00e3o para casada, tem que ter s\u00f3 uma profiss\u00e3o\u201d, contou Levina.<\/p>\n\n\n\n<p>Nesse meio tempo, Levina fez um curso de datilografia, se inteirou dos requisitos para ingresso no curso e decidiu concorrer com 1.940 candidatas a uma das 50 vagas. Foi aprovada em 14\u00ba lugar, \u201c[&#8230;] fui com a cara e a coragem para Contagem (regi\u00e3o metropolitana de Belo Horizonte). Foi a 1\u00aa turma que incluiu soldados mulheres na PM\u201d. O ano era 1991. Com o apoio da fam\u00edlia e do esposo \u2013 militar da banda de m\u00fasica da PM \u2013, deixou seus filhos de 7 anos e 2 anos e meio em Governador Valadares. O retorno da rec\u00e9m-formada Soldado Levina se deu em janeiro de 1992. Em junho do mesmo ano foi a \u00fanica mulher a fazer o curso de Cabo \u2013 agosto a dezembro. Em outubro de 1993 prestou concurso para Sargento. De volta \u00e0 capital mineira, fez o curso de fevereiro a junho de 1994. Retornou para GV e foi a primeira mulher da cidade a comandar uma viatura PM. Passados alguns anos, j\u00e1 que a progress\u00e3o na carreira demorava bem mais do que atualmente, ingressou no Curso de Habilita\u00e7\u00e3o de Oficiais e cursou de fevereiro a dezembro de 2008.<\/p>\n\n\n\n<p>Em meados daquele ano a 2\u00ba Tenente Levina se apresentou em Te\u00f3filo Otoni, onde, em 2009, foi a primeira chefe de curso mulher do Curso de Forma\u00e7\u00e3o Especial de Sargentos &#8211; CEFS, e 1\u00aa policial feminino como professora de Ordem Unida, chegando \u00e0 promo\u00e7\u00e3o de 1\u00ba Tenente no final de 2012, no local em que serviu at\u00e9 mar\u00e7o de 2015. De volta a GV, trabalhou no COPOM, P5 do 43\u00ba Batalh\u00e3o e assumiu o comando da Companhia Escola. Em 2019 chegou ao posto de capit\u00e3o, tendo pendurado o coturno em fevereiro de 2021, j\u00e1 como Major PM na 8\u00aa Regi\u00e3o.<\/p>\n\n\n\n<p>Curiosamente, Levina viu seu filho se formar soldado da PMMG na mesma Companhia Escola em que ela trabalhava como monitora de turma em 2002. Coincidentemente ou n\u00e3o, em 2020, quando ele se formou sargento, ela era a Comandante da Companhia Escola.<\/p>\n\n\n\n<p>Ressalta com orgulho que, com toda a dificuldade imposta \u00e0 condi\u00e7\u00e3o de mulher e m\u00e3e numa sociedade caracterizada pelas desigualdades entre homens e mulheres, foi aprovada em seis concursos: soldado, cabo, sargento, EAP para 2\u00ba sargento, CHO e EAP para capit\u00e3o. Quanto \u00e0 vida pessoal, esteve casada por 16 anos e divorciada por 18. H\u00e1 7 anos casou- -se com o Matheus (Sargento da PM), com quem partilha momentos com seus 6 netinhos (Caio, Melina, Malu, Cleo, Dante e Liam), filhos do J\u00fanior com a Geisa e da Riane com o Augusto, al\u00e9m do Gustavo, \u201cneto do cora\u00e7\u00e3o\u201d.<\/p>\n\n\n\n<p>Destaco, sem medo de parecer exagero, que a \u201cTenente Levina\u201d deixou \u201c\u00f3rf\u00e3s\u201d dezenas de policiais femininos do 19\u00ba Batalh\u00e3o, sediado em Te\u00f3filo Otoni. Impera dentre aquelas que foram por ela instru\u00eddas, o consenso de que foram acolhidas com carinho incomum aos ambientes de caserna, historicamente t\u00e3o r\u00edgidos. Sei que meu relato \u00e9 demasiado suspeito, uma vez que fui uma das \u201csuas meninas\u201d \u2013 como chamava suas subordinadas hier\u00e1rquicas. S\u00f3 quem conviveu com a ent\u00e3o Tenente Levina sabe dizer o qu\u00e3o significativo foi para cada uma ter sido orientada e acondicionada sob suas \u201casas\u201d. \u00c0 \u00e9poca, a oficial se colocava como uma lideran\u00e7a feminina que passava, especialmente, as rec\u00e9m-formadas policiais, a firmeza de quem as conduziria pela m\u00e3o pelo caminho mais seguro. Mesmo ap\u00f3s quarenta anos de inser\u00e7\u00e3o da mulher na PMMG, ainda \u00e9 um imenso desafio ocupar espa\u00e7o na institui\u00e7\u00e3o e no imagin\u00e1rio social como autoridades legitimadas pelo Estado. A tenente Levina nos ajudou a lidar com isso.<\/p>\n\n\n\n<p>Confesso, por fim, que a Sra. Major Levina foi um exemplo de profissional que cumpriu suas miss\u00f5es sem deixar de observar o alcance das suas a\u00e7\u00f5es na vida das pessoas. E esse \u00e9 um princ\u00edpio que, a meu ver, diferencia pessoas que se comportam como humanos de pessoas que se comportam feito m\u00e1quinas (programadas e sem empatia). Mulher corajosa, que se posicionava diante do que considerava injusto, que assessorava seus comandantes [homens] para a observ\u00e2ncia das particularidades das mulheres, e que por meio de sua postura firme e ao mesmo tempo delicada, encorajava outras mulheres a enfrentar os desafios de ser mulher em uma institui\u00e7\u00e3o bissecular essencialmente masculina. Ela ensinou a muitas das policiais o quanto \u00e9 necess\u00e1rio e poss\u00edvel que marquemos posi\u00e7\u00e3o sem que percamos nossa ess\u00eancia, preservando hierarquia e disciplina, pilares da profiss\u00e3o. Muitas das posturas por mim assumidas ao longo de minha trajet\u00f3ria devo ao exemplo dessa profissional e de muitas outras que chegaram antes, quebraram os primeiros paradigmas e conquistaram o protagonismo que hoje, tamb\u00e9m reconhe\u00e7o em mim.<\/p>\n\n\n\n<figure class=\"wp-block-image size-full is-resized is-style-default\"><img loading=\"lazy\" decoding=\"async\" src=\"https:\/\/diariotribuna.com.br\/wp-content\/uploads\/2023\/01\/3006e84d-69cb-42fe-a1c8-9dbe1c088a9e-1.jpg\" alt=\"\" class=\"wp-image-18372\" width=\"759\" height=\"756\" srcset=\"https:\/\/diariotribuna.com.br\/wp-content\/uploads\/2023\/01\/3006e84d-69cb-42fe-a1c8-9dbe1c088a9e-1.jpg 700w, https:\/\/diariotribuna.com.br\/wp-content\/uploads\/2023\/01\/3006e84d-69cb-42fe-a1c8-9dbe1c088a9e-1-300x300.jpg 300w, https:\/\/diariotribuna.com.br\/wp-content\/uploads\/2023\/01\/3006e84d-69cb-42fe-a1c8-9dbe1c088a9e-1-150x150.jpg 150w, https:\/\/diariotribuna.com.br\/wp-content\/uploads\/2023\/01\/3006e84d-69cb-42fe-a1c8-9dbe1c088a9e-1-696x693.jpg 696w, https:\/\/diariotribuna.com.br\/wp-content\/uploads\/2023\/01\/3006e84d-69cb-42fe-a1c8-9dbe1c088a9e-1-422x420.jpg 422w\" sizes=\"(max-width: 759px) 100vw, 759px\" \/><\/figure>\n","protected":false},"excerpt":{"rendered":"<p>Era tempo de redemocratiza\u00e7\u00e3o do pa\u00eds, marcada pela promulga\u00e7\u00e3o da Constitui\u00e7\u00e3o Cidad\u00e3 em 1988, condi\u00e7\u00e3o fundamental para que a mulher, finalmente, fosse reconhecida como sujeito de direitos, o que a oportunizou sua admiss\u00e3o em carreiras p\u00fablicas com requisitos similares aos dos homens. A institui\u00e7\u00e3o que admitia apenas mo\u00e7as solteiras passara tamb\u00e9m a admitir as casadas, [&hellip;]<\/p>\n","protected":false},"author":1,"featured_media":18370,"comment_status":"open","ping_status":"open","sticky":false,"template":"","format":"standard","meta":{"rop_custom_images_group":[],"rop_custom_messages_group":[],"rop_publish_now":"initial","rop_publish_now_accounts":[],"rop_publish_now_history":[],"rop_publish_now_status":"pending","footnotes":""},"categories":[25,24],"tags":[1194,5106,76],"class_list":["post-18369","post","type-post","status-publish","format-standard","has-post-thumbnail","hentry","category-destaque","category-opiniao","tag-juliana-lemes","tag-levina-marcia","tag-policia-militar"],"_links":{"self":[{"href":"https:\/\/diariotribuna.com.br\/index.php?rest_route=\/wp\/v2\/posts\/18369"}],"collection":[{"href":"https:\/\/diariotribuna.com.br\/index.php?rest_route=\/wp\/v2\/posts"}],"about":[{"href":"https:\/\/diariotribuna.com.br\/index.php?rest_route=\/wp\/v2\/types\/post"}],"author":[{"embeddable":true,"href":"https:\/\/diariotribuna.com.br\/index.php?rest_route=\/wp\/v2\/users\/1"}],"replies":[{"embeddable":true,"href":"https:\/\/diariotribuna.com.br\/index.php?rest_route=%2Fwp%2Fv2%2Fcomments&post=18369"}],"version-history":[{"count":1,"href":"https:\/\/diariotribuna.com.br\/index.php?rest_route=\/wp\/v2\/posts\/18369\/revisions"}],"predecessor-version":[{"id":18373,"href":"https:\/\/diariotribuna.com.br\/index.php?rest_route=\/wp\/v2\/posts\/18369\/revisions\/18373"}],"wp:featuredmedia":[{"embeddable":true,"href":"https:\/\/diariotribuna.com.br\/index.php?rest_route=\/wp\/v2\/media\/18370"}],"wp:attachment":[{"href":"https:\/\/diariotribuna.com.br\/index.php?rest_route=%2Fwp%2Fv2%2Fmedia&parent=18369"}],"wp:term":[{"taxonomy":"category","embeddable":true,"href":"https:\/\/diariotribuna.com.br\/index.php?rest_route=%2Fwp%2Fv2%2Fcategories&post=18369"},{"taxonomy":"post_tag","embeddable":true,"href":"https:\/\/diariotribuna.com.br\/index.php?rest_route=%2Fwp%2Fv2%2Ftags&post=18369"}],"curies":[{"name":"wp","href":"https:\/\/api.w.org\/{rel}","templated":true}]}}