{"id":18374,"date":"2023-01-23T23:21:13","date_gmt":"2023-01-24T02:21:13","guid":{"rendered":"https:\/\/diariotribuna.com.br\/?p=18374"},"modified":"2023-01-26T17:57:00","modified_gmt":"2023-01-26T20:57:00","slug":"homem-de-58-anos-bate-na-mae-e-esfaqueia-um-cachorro-em-itaipe","status":"publish","type":"post","link":"https:\/\/diariotribuna.com.br\/?p=18374","title":{"rendered":"Homem de 58 anos bate na m\u00e3e e esfaqueia um cachorro em Itaip\u00e9"},"content":{"rendered":"\n<figure class=\"wp-block-image size-full is-resized is-style-default\"><img loading=\"lazy\" decoding=\"async\" src=\"https:\/\/diariotribuna.com.br\/wp-content\/uploads\/2023\/01\/0489a61c-a5f2-4bc8-9789-d9c560f0849f.jpg\" alt=\"\" class=\"wp-image-18375\" width=\"450\" height=\"296\" srcset=\"https:\/\/diariotribuna.com.br\/wp-content\/uploads\/2023\/01\/0489a61c-a5f2-4bc8-9789-d9c560f0849f.jpg 700w, https:\/\/diariotribuna.com.br\/wp-content\/uploads\/2023\/01\/0489a61c-a5f2-4bc8-9789-d9c560f0849f-300x198.jpg 300w, https:\/\/diariotribuna.com.br\/wp-content\/uploads\/2023\/01\/0489a61c-a5f2-4bc8-9789-d9c560f0849f-696x458.jpg 696w, https:\/\/diariotribuna.com.br\/wp-content\/uploads\/2023\/01\/0489a61c-a5f2-4bc8-9789-d9c560f0849f-638x420.jpg 638w\" sizes=\"(max-width: 450px) 100vw, 450px\" \/><figcaption class=\"wp-element-caption\"><strong>Os militares apreenderam a faca que foi usada para<\/strong><br><strong>ferir o cachorro de estima\u00e7\u00e3o da fam\u00edlia<\/strong><\/figcaption><\/figure>\n\n\n\n<p>No domingo (22\/01), a Pol\u00edcia Militar foi acionada para intervir em uma ocorr\u00eancia na Comunidade Breja\u00faba, munic\u00edpio de Itaip\u00e9. Informa\u00e7\u00f5es apontavam que um homem armado com faca, estaria agredindo familiares e um animal dom\u00e9stico da casa. Os militares foram ao local e prenderam o homem, ainda nas imedia\u00e7\u00f5es do local dos fatos.<\/p>\n\n\n\n<p>Uma idosa de 77 anos, m\u00e3e do autor, disse que ele havia lhe agredido com um tapa no rosto, e sem motivo algum ainda desferiu uma facada em um cachorro de estima\u00e7\u00e3o da fam\u00edlia. Os militares depararam com o cachorro ainda agonizando com um ferimento no t\u00f3rax, aparentemente atingido no pulm\u00e3o.<\/p>\n\n\n\n<p>Diante do flagrante do crime previsto na esfera penal, no artigo 32 da lei n\u00ba 9.605, com altera\u00e7\u00e3o da lei n\u00ba 14.064\/2020, prevendo pena de reclus\u00e3o de 2 a 5 anos, o autor foi preso e encaminhado \u00e0 Delegacia Regional da Pol\u00edcia Civil em Te\u00f3filo Otoni. A faca foi apreendida. Equipe: sargento Andrew, cabos Cordeiro e Karine, soldado Gomes. (Informa\u00e7\u00f5es\/Foto: tenente Marlos Aur\u00e9lio).<\/p>\n","protected":false},"excerpt":{"rendered":"<p>No domingo (22\/01), a Pol\u00edcia Militar foi acionada para intervir em uma ocorr\u00eancia na Comunidade Breja\u00faba, munic\u00edpio de Itaip\u00e9. Informa\u00e7\u00f5es apontavam que um homem armado com faca, estaria agredindo familiares e um animal dom\u00e9stico da casa. Os militares foram ao local e prenderam o homem, ainda nas imedia\u00e7\u00f5es do local dos fatos. Uma idosa de [&hellip;]<\/p>\n","protected":false},"author":1,"featured_media":18375,"comment_status":"open","ping_status":"open","sticky":false,"template":"","format":"standard","meta":{"rop_custom_images_group":[],"rop_custom_messages_group":[],"rop_publish_now":"initial","rop_publish_now_accounts":[],"rop_publish_now_history":[],"rop_publish_now_status":"pending","footnotes":""},"categories":[20],"tags":[792,5107,665,76],"class_list":["post-18374","post","type-post","status-publish","format-standard","has-post-thumbnail","hentry","category-policia","tag-agressao","tag-comunidade-brejauba","tag-itaipe","tag-policia-militar"],"_links":{"self":[{"href":"https:\/\/diariotribuna.com.br\/index.php?rest_route=\/wp\/v2\/posts\/18374"}],"collection":[{"href":"https:\/\/diariotribuna.com.br\/index.php?rest_route=\/wp\/v2\/posts"}],"about":[{"href":"https:\/\/diariotribuna.com.br\/index.php?rest_route=\/wp\/v2\/types\/post"}],"author":[{"embeddable":true,"href":"https:\/\/diariotribuna.com.br\/index.php?rest_route=\/wp\/v2\/users\/1"}],"replies":[{"embeddable":true,"href":"https:\/\/diariotribuna.com.br\/index.php?rest_route=%2Fwp%2Fv2%2Fcomments&post=18374"}],"version-history":[{"count":1,"href":"https:\/\/diariotribuna.com.br\/index.php?rest_route=\/wp\/v2\/posts\/18374\/revisions"}],"predecessor-version":[{"id":18376,"href":"https:\/\/diariotribuna.com.br\/index.php?rest_route=\/wp\/v2\/posts\/18374\/revisions\/18376"}],"wp:featuredmedia":[{"embeddable":true,"href":"https:\/\/diariotribuna.com.br\/index.php?rest_route=\/wp\/v2\/media\/18375"}],"wp:attachment":[{"href":"https:\/\/diariotribuna.com.br\/index.php?rest_route=%2Fwp%2Fv2%2Fmedia&parent=18374"}],"wp:term":[{"taxonomy":"category","embeddable":true,"href":"https:\/\/diariotribuna.com.br\/index.php?rest_route=%2Fwp%2Fv2%2Fcategories&post=18374"},{"taxonomy":"post_tag","embeddable":true,"href":"https:\/\/diariotribuna.com.br\/index.php?rest_route=%2Fwp%2Fv2%2Ftags&post=18374"}],"curies":[{"name":"wp","href":"https:\/\/api.w.org\/{rel}","templated":true}]}}