{"id":18405,"date":"2023-01-26T17:56:28","date_gmt":"2023-01-26T20:56:28","guid":{"rendered":"https:\/\/diariotribuna.com.br\/?p=18405"},"modified":"2023-01-26T18:01:51","modified_gmt":"2023-01-26T21:01:51","slug":"bombeiros-resgatam-corpo-de-homem-que-se-afogou-no-rio-piaui-em-aracuai","status":"publish","type":"post","link":"https:\/\/diariotribuna.com.br\/?p=18405","title":{"rendered":"<strong>Bombeiros resgatam corpo de homem que se afogou no rio Piau\u00ed, em Ara\u00e7ua\u00ed<\/strong>"},"content":{"rendered":"\n<figure class=\"wp-block-image size-full is-resized is-style-default\"><img loading=\"lazy\" decoding=\"async\" src=\"https:\/\/diariotribuna.com.br\/wp-content\/uploads\/2023\/01\/2-6.jpg\" alt=\"\" class=\"wp-image-18406\" width=\"491\" height=\"328\" srcset=\"https:\/\/diariotribuna.com.br\/wp-content\/uploads\/2023\/01\/2-6.jpg 700w, https:\/\/diariotribuna.com.br\/wp-content\/uploads\/2023\/01\/2-6-300x201.jpg 300w, https:\/\/diariotribuna.com.br\/wp-content\/uploads\/2023\/01\/2-6-696x465.jpg 696w, https:\/\/diariotribuna.com.br\/wp-content\/uploads\/2023\/01\/2-6-628x420.jpg 628w\" sizes=\"(max-width: 491px) 100vw, 491px\" \/><\/figure>\n\n\n\n<p>Uma equipe do Corpo de Bombeiros foi empenhada, no domingo (22\/01), em uma ocorr\u00eancia de busca, e a suspeita era que a v\u00edtima, um homem de aproximadamente 52 anos, teria tentado atravessar o rio Piau\u00ed, munic\u00edpio de Ara\u00e7ua\u00ed, mas foi surpreendido pela forte correnteza, advinda das chuvas fortes, visto que foi encontrado por seus familiares um par de chinelos na beira do rio.<\/p>\n\n\n\n<p>Os bombeiros prosseguiram com as buscas at\u00e9 quarta-feira (25), quando por volta de 8h da manh\u00e3 uma equipe fez o percurso do rio a nado, totalizando aproximadamente 40 km de rio, partindo do local do sinistro situado no povoado de Po\u00e7o Dantas, em Ara\u00e7ua\u00ed, chegando \u00e0 cidade de Itinga, onde o rio Piau\u00ed des\u00e1gua no rio Jequitinhonha.<\/p>\n\n\n\n<p>Com o alto esfor\u00e7o dos bombeiros, que percorreram o rio a nado, o corpo da v\u00edtima foi localizado pr\u00f3ximo j\u00e1 do munic\u00edpio de Itinga, preso a galhadas no rio Jequitinhonha. Os bombeiros acionaram a per\u00edcia t\u00e9cnica da Pol\u00edcia Civil, retirou o corpo do local, e repassou para a equipe da per\u00edcia. O nome da v\u00edtima ainda n\u00e3o foi informado.<\/p>\n\n\n\n<figure class=\"wp-block-gallery has-nested-images columns-default is-cropped wp-block-gallery-1 is-layout-flex wp-block-gallery-is-layout-flex\">\n<figure class=\"wp-block-image size-large is-style-default\"><img loading=\"lazy\" decoding=\"async\" width=\"600\" height=\"376\" data-id=\"18407\" src=\"https:\/\/diariotribuna.com.br\/wp-content\/uploads\/2023\/01\/1-5.jpg\" alt=\"\" class=\"wp-image-18407\" srcset=\"https:\/\/diariotribuna.com.br\/wp-content\/uploads\/2023\/01\/1-5.jpg 600w, https:\/\/diariotribuna.com.br\/wp-content\/uploads\/2023\/01\/1-5-300x188.jpg 300w\" sizes=\"(max-width: 600px) 100vw, 600px\" \/><\/figure>\n\n\n\n<figure class=\"wp-block-image size-large is-style-default\"><img loading=\"lazy\" decoding=\"async\" width=\"600\" height=\"617\" data-id=\"18408\" src=\"https:\/\/diariotribuna.com.br\/wp-content\/uploads\/2023\/01\/3-4.jpg\" alt=\"\" class=\"wp-image-18408\" srcset=\"https:\/\/diariotribuna.com.br\/wp-content\/uploads\/2023\/01\/3-4.jpg 600w, https:\/\/diariotribuna.com.br\/wp-content\/uploads\/2023\/01\/3-4-292x300.jpg 292w, https:\/\/diariotribuna.com.br\/wp-content\/uploads\/2023\/01\/3-4-408x420.jpg 408w\" sizes=\"(max-width: 600px) 100vw, 600px\" \/><\/figure>\n<\/figure>\n\n\n\n<pre class=\"wp-block-verse\"><strong>Em caso de emerg\u00eancia ligue 193.<\/strong>\n<strong>Bombeiros, o amigo certo nas horas incertas.<\/strong><\/pre>\n","protected":false},"excerpt":{"rendered":"<p>Uma equipe do Corpo de Bombeiros foi empenhada, no domingo (22\/01), em uma ocorr\u00eancia de busca, e a suspeita era que a v\u00edtima, um homem de aproximadamente 52 anos, teria tentado atravessar o rio Piau\u00ed, munic\u00edpio de Ara\u00e7ua\u00ed, mas foi surpreendido pela forte correnteza, advinda das chuvas fortes, visto que foi encontrado por seus familiares [&hellip;]<\/p>\n","protected":false},"author":1,"featured_media":18406,"comment_status":"open","ping_status":"open","sticky":false,"template":"","format":"standard","meta":{"rop_custom_images_group":[],"rop_custom_messages_group":[],"rop_publish_now":"initial","rop_publish_now_accounts":[],"rop_publish_now_history":[],"rop_publish_now_status":"pending","footnotes":""},"categories":[25,18],"tags":[4100,380,382,2186],"class_list":["post-18405","post","type-post","status-publish","format-standard","has-post-thumbnail","hentry","category-destaque","category-regiao","tag-afogamento","tag-aracuai","tag-corpo-de-bombeiros","tag-resgate"],"_links":{"self":[{"href":"https:\/\/diariotribuna.com.br\/index.php?rest_route=\/wp\/v2\/posts\/18405"}],"collection":[{"href":"https:\/\/diariotribuna.com.br\/index.php?rest_route=\/wp\/v2\/posts"}],"about":[{"href":"https:\/\/diariotribuna.com.br\/index.php?rest_route=\/wp\/v2\/types\/post"}],"author":[{"embeddable":true,"href":"https:\/\/diariotribuna.com.br\/index.php?rest_route=\/wp\/v2\/users\/1"}],"replies":[{"embeddable":true,"href":"https:\/\/diariotribuna.com.br\/index.php?rest_route=%2Fwp%2Fv2%2Fcomments&post=18405"}],"version-history":[{"count":3,"href":"https:\/\/diariotribuna.com.br\/index.php?rest_route=\/wp\/v2\/posts\/18405\/revisions"}],"predecessor-version":[{"id":18411,"href":"https:\/\/diariotribuna.com.br\/index.php?rest_route=\/wp\/v2\/posts\/18405\/revisions\/18411"}],"wp:featuredmedia":[{"embeddable":true,"href":"https:\/\/diariotribuna.com.br\/index.php?rest_route=\/wp\/v2\/media\/18406"}],"wp:attachment":[{"href":"https:\/\/diariotribuna.com.br\/index.php?rest_route=%2Fwp%2Fv2%2Fmedia&parent=18405"}],"wp:term":[{"taxonomy":"category","embeddable":true,"href":"https:\/\/diariotribuna.com.br\/index.php?rest_route=%2Fwp%2Fv2%2Fcategories&post=18405"},{"taxonomy":"post_tag","embeddable":true,"href":"https:\/\/diariotribuna.com.br\/index.php?rest_route=%2Fwp%2Fv2%2Ftags&post=18405"}],"curies":[{"name":"wp","href":"https:\/\/api.w.org\/{rel}","templated":true}]}}