{"id":18412,"date":"2023-01-26T23:06:59","date_gmt":"2023-01-27T02:06:59","guid":{"rendered":"https:\/\/diariotribuna.com.br\/?p=18412"},"modified":"2023-01-26T23:14:09","modified_gmt":"2023-01-27T02:14:09","slug":"policia-civil-localiza-homem-que-estava-desaparecido-ha-dois-dias","status":"publish","type":"post","link":"https:\/\/diariotribuna.com.br\/?p=18412","title":{"rendered":"<strong>Pol\u00edcia Civil localiza homem que estava desaparecido h\u00e1 dois dias<\/strong>"},"content":{"rendered":"\n<figure class=\"wp-block-image size-full is-resized is-style-default\"><img loading=\"lazy\" decoding=\"async\" src=\"https:\/\/diariotribuna.com.br\/wp-content\/uploads\/2023\/01\/2d70cf35-3ef9-4194-9911-efa60a72074c.jpg\" alt=\"\" class=\"wp-image-18413\" width=\"500\" height=\"358\" srcset=\"https:\/\/diariotribuna.com.br\/wp-content\/uploads\/2023\/01\/2d70cf35-3ef9-4194-9911-efa60a72074c.jpg 700w, https:\/\/diariotribuna.com.br\/wp-content\/uploads\/2023\/01\/2d70cf35-3ef9-4194-9911-efa60a72074c-300x215.jpg 300w, https:\/\/diariotribuna.com.br\/wp-content\/uploads\/2023\/01\/2d70cf35-3ef9-4194-9911-efa60a72074c-696x499.jpg 696w, https:\/\/diariotribuna.com.br\/wp-content\/uploads\/2023\/01\/2d70cf35-3ef9-4194-9911-efa60a72074c-586x420.jpg 586w\" sizes=\"(max-width: 500px) 100vw, 500px\" \/><\/figure>\n\n\n\n<p><strong>\u00c1guas Formosas &#8211;<\/strong> A Pol\u00edcia Civil de Minas Gerais, por meio da 19\u00aa Delegacia de \u00c1guas Formosas, realizou na quarta-feira (25\/01), buscas para tentar localizar um homem de 25 anos que estava desaparecido desde segunda-feira (23), por volta das 12h, quando avisou para a esposa que estava indo fazer um or\u00e7amento pr\u00f3ximo \u00e0 cidade de Cris\u00f3lita, mas, n\u00e3o retornou para casa, deixando a fam\u00edlia desesperada.<\/p>\n\n\n\n<p>O jovem \u00e9 bastante conhecido na cidade, trata-se de um empreendedor que atua no ramo de marmoraria. Na manh\u00e3 de quarta-feira, a Pol\u00edcia Civil recebeu informa\u00e7\u00f5es de que o desaparecido havia sido visto pr\u00f3ximo \u00e0 rodovia, entre os munic\u00edpios de Pav\u00e3o e Novo Oriente de Minas. Os policiais civis foram ao local e, ap\u00f3s intenso rastreamento, com o apoio de familiares e dos moradores da regi\u00e3o, conseguiram localiz\u00e1-lo.<\/p>\n\n\n\n<p>Ele foi encontrado em uma fazenda na Comunidade Tr\u00eas Pedras, pr\u00f3ximo ao Distrito de Frei Gonzaga. Apresentava ferimentos nos bra\u00e7os e pesco\u00e7o e estava muito assustado, aparentemente em surto psic\u00f3tico, mas sem sinais evidentes de ter sofrido agress\u00e3o f\u00edsica. O homem foi encaminhado para o hospital de \u00c1guas Formosas, onde ficou sob cuidados m\u00e9dicos.<\/p>\n\n\n\n<p>A Pol\u00edcia Civil segue com as investiga\u00e7\u00f5es para apurar eventual crime. Os trabalhos est\u00e3o sendo coordenados pela delegada de pol\u00edcia, dra. Aquinoann Costa Batista. Equipe de investigadores: Let\u00edcia Mascarenhas, Giovanna Ramos, Camila Schaper e Caroline Lopes. Escriv\u00e3es: Frederico dos Santos e Eudes Ant\u00f4nio. (Informa\u00e7\u00f5es\/Foto: assessoria de comunica\u00e7\u00e3o\/ PCMG\/ Nanuque).<\/p>\n","protected":false},"excerpt":{"rendered":"<p>\u00c1guas Formosas &#8211; A Pol\u00edcia Civil de Minas Gerais, por meio da 19\u00aa Delegacia de \u00c1guas Formosas, realizou na quarta-feira (25\/01), buscas para tentar localizar um homem de 25 anos que estava desaparecido desde segunda-feira (23), por volta das 12h, quando avisou para a esposa que estava indo fazer um or\u00e7amento pr\u00f3ximo \u00e0 cidade de [&hellip;]<\/p>\n","protected":false},"author":1,"featured_media":18413,"comment_status":"open","ping_status":"open","sticky":false,"template":"","format":"standard","meta":{"rop_custom_images_group":[],"rop_custom_messages_group":[],"rop_publish_now":"initial","rop_publish_now_accounts":[],"rop_publish_now_history":[],"rop_publish_now_status":"pending","footnotes":""},"categories":[25,20],"tags":[590,5116,5117,292],"class_list":["post-18412","post","type-post","status-publish","format-standard","has-post-thumbnail","hentry","category-destaque","category-policia","tag-aguas-formosas","tag-homem-desaparecido","tag-localizado","tag-policia-civil"],"_links":{"self":[{"href":"https:\/\/diariotribuna.com.br\/index.php?rest_route=\/wp\/v2\/posts\/18412"}],"collection":[{"href":"https:\/\/diariotribuna.com.br\/index.php?rest_route=\/wp\/v2\/posts"}],"about":[{"href":"https:\/\/diariotribuna.com.br\/index.php?rest_route=\/wp\/v2\/types\/post"}],"author":[{"embeddable":true,"href":"https:\/\/diariotribuna.com.br\/index.php?rest_route=\/wp\/v2\/users\/1"}],"replies":[{"embeddable":true,"href":"https:\/\/diariotribuna.com.br\/index.php?rest_route=%2Fwp%2Fv2%2Fcomments&post=18412"}],"version-history":[{"count":1,"href":"https:\/\/diariotribuna.com.br\/index.php?rest_route=\/wp\/v2\/posts\/18412\/revisions"}],"predecessor-version":[{"id":18414,"href":"https:\/\/diariotribuna.com.br\/index.php?rest_route=\/wp\/v2\/posts\/18412\/revisions\/18414"}],"wp:featuredmedia":[{"embeddable":true,"href":"https:\/\/diariotribuna.com.br\/index.php?rest_route=\/wp\/v2\/media\/18413"}],"wp:attachment":[{"href":"https:\/\/diariotribuna.com.br\/index.php?rest_route=%2Fwp%2Fv2%2Fmedia&parent=18412"}],"wp:term":[{"taxonomy":"category","embeddable":true,"href":"https:\/\/diariotribuna.com.br\/index.php?rest_route=%2Fwp%2Fv2%2Fcategories&post=18412"},{"taxonomy":"post_tag","embeddable":true,"href":"https:\/\/diariotribuna.com.br\/index.php?rest_route=%2Fwp%2Fv2%2Ftags&post=18412"}],"curies":[{"name":"wp","href":"https:\/\/api.w.org\/{rel}","templated":true}]}}