{"id":18415,"date":"2023-01-26T23:47:20","date_gmt":"2023-01-27T02:47:20","guid":{"rendered":"https:\/\/diariotribuna.com.br\/?p=18415"},"modified":"2023-01-29T23:37:59","modified_gmt":"2023-01-30T02:37:59","slug":"policia-militar-prende-homem-de-73-anos-suspeito-de-abusar-da-filha-de-3-anos","status":"publish","type":"post","link":"https:\/\/diariotribuna.com.br\/?p=18415","title":{"rendered":"Pol\u00edcia Militar prende homem, de 73 anos, suspeito de abusar da filha de 3 anos"},"content":{"rendered":"\n<p><strong><em>Na casa do homem, os militares encontraram arma de fogo, muni\u00e7\u00f5es e um celular contendo fotos de partes \u00edntimas da crian\u00e7a<\/em><\/strong><\/p>\n\n\n\n<figure class=\"wp-block-image size-full is-resized is-style-default\"><img loading=\"lazy\" decoding=\"async\" src=\"https:\/\/diariotribuna.com.br\/wp-content\/uploads\/2023\/01\/0d615768-b27e-4ed2-bf45-c09d585193af.jpg\" alt=\"\" class=\"wp-image-18416\" width=\"515\" height=\"375\" srcset=\"https:\/\/diariotribuna.com.br\/wp-content\/uploads\/2023\/01\/0d615768-b27e-4ed2-bf45-c09d585193af.jpg 700w, https:\/\/diariotribuna.com.br\/wp-content\/uploads\/2023\/01\/0d615768-b27e-4ed2-bf45-c09d585193af-300x219.jpg 300w, https:\/\/diariotribuna.com.br\/wp-content\/uploads\/2023\/01\/0d615768-b27e-4ed2-bf45-c09d585193af-324x235.jpg 324w, https:\/\/diariotribuna.com.br\/wp-content\/uploads\/2023\/01\/0d615768-b27e-4ed2-bf45-c09d585193af-696x507.jpg 696w, https:\/\/diariotribuna.com.br\/wp-content\/uploads\/2023\/01\/0d615768-b27e-4ed2-bf45-c09d585193af-576x420.jpg 576w\" sizes=\"(max-width: 515px) 100vw, 515px\" \/><\/figure>\n\n\n\n<p>Nesta quinta (26\/01), Policiais Militares fizeram uma visita a envolvidos em atrito familiar, e logo ap\u00f3s, receberam informa\u00e7\u00f5es de um suposto abuso sexual de crian\u00e7a, cometido pelo pr\u00f3prio pai. Uma mulher, de 34 anos, tem uma filha com um homem, de 73 anos, mas n\u00e3o residem na mesma casa, sendo comum a filha de apenas 3 anos de idade passar algumas horas na companhia do pai.<\/p>\n\n\n\n<p>Nesta quarta-feira, por volta das 17h30min, a mulher percebeu que no celular do suspeito havia algumas fotos \u00edntimas da filha de 3 anos. Ao questionar a menina, ela disse que o pai sempre pegava em suas partes \u00edntimas, todas as vezes que sa\u00edam juntos. Os militares do Destacamento de Itaip\u00e9 foram at\u00e9 a casa do suspeito, que negou todos os fatos.<\/p>\n\n\n\n<p>Os militares conversaram com o suspeito, ele autorizou a entrada da equipe em sua casa, onde foram feitas buscas e localizado em sua posse um rev\u00f3lver calibre 38 e 12 cartuchos intactos do mesmo calibre, al\u00e9m de um celular marca Samsung, modelo Galaxy A 13, contendo fotos de partes \u00edntimas da crian\u00e7a.<\/p>\n\n\n\n<p>O Conselho Tutelar foi acionado e acompanhou toda a ocorr\u00eancia. O homem foi preso em flagrante e conduzido \u00e0 delegacia de Pol\u00edcia Civil de Te\u00f3filo Otoni, para provid\u00eancias de pol\u00edcia judici\u00e1ria. Equipe: sargento Andrew, cabo Cordeiro, soldado Maximilian e Gomes. (Informa\u00e7\u00f5es\/Foto: tenente Thalles Dohler Schutte, comandante da 232\u00aa Cia PM).<\/p>\n","protected":false},"excerpt":{"rendered":"<p>Na casa do homem, os militares encontraram arma de fogo, muni\u00e7\u00f5es e um celular contendo fotos de partes \u00edntimas da crian\u00e7a Nesta quinta (26\/01), Policiais Militares fizeram uma visita a envolvidos em atrito familiar, e logo ap\u00f3s, receberam informa\u00e7\u00f5es de um suposto abuso sexual de crian\u00e7a, cometido pelo pr\u00f3prio pai. Uma mulher, de 34 anos, [&hellip;]<\/p>\n","protected":false},"author":1,"featured_media":18416,"comment_status":"open","ping_status":"open","sticky":false,"template":"","format":"standard","meta":{"rop_custom_images_group":[],"rop_custom_messages_group":[],"rop_publish_now":"initial","rop_publish_now_accounts":[],"rop_publish_now_history":[],"rop_publish_now_status":"pending","footnotes":""},"categories":[20],"tags":[5119,5118,665,76],"class_list":["post-18415","post","type-post","status-publish","format-standard","has-post-thumbnail","hentry","category-policia","tag-abuso-de-crianca","tag-idoso-de-73-anos-preso","tag-itaipe","tag-policia-militar"],"_links":{"self":[{"href":"https:\/\/diariotribuna.com.br\/index.php?rest_route=\/wp\/v2\/posts\/18415"}],"collection":[{"href":"https:\/\/diariotribuna.com.br\/index.php?rest_route=\/wp\/v2\/posts"}],"about":[{"href":"https:\/\/diariotribuna.com.br\/index.php?rest_route=\/wp\/v2\/types\/post"}],"author":[{"embeddable":true,"href":"https:\/\/diariotribuna.com.br\/index.php?rest_route=\/wp\/v2\/users\/1"}],"replies":[{"embeddable":true,"href":"https:\/\/diariotribuna.com.br\/index.php?rest_route=%2Fwp%2Fv2%2Fcomments&post=18415"}],"version-history":[{"count":3,"href":"https:\/\/diariotribuna.com.br\/index.php?rest_route=\/wp\/v2\/posts\/18415\/revisions"}],"predecessor-version":[{"id":18419,"href":"https:\/\/diariotribuna.com.br\/index.php?rest_route=\/wp\/v2\/posts\/18415\/revisions\/18419"}],"wp:featuredmedia":[{"embeddable":true,"href":"https:\/\/diariotribuna.com.br\/index.php?rest_route=\/wp\/v2\/media\/18416"}],"wp:attachment":[{"href":"https:\/\/diariotribuna.com.br\/index.php?rest_route=%2Fwp%2Fv2%2Fmedia&parent=18415"}],"wp:term":[{"taxonomy":"category","embeddable":true,"href":"https:\/\/diariotribuna.com.br\/index.php?rest_route=%2Fwp%2Fv2%2Fcategories&post=18415"},{"taxonomy":"post_tag","embeddable":true,"href":"https:\/\/diariotribuna.com.br\/index.php?rest_route=%2Fwp%2Fv2%2Ftags&post=18415"}],"curies":[{"name":"wp","href":"https:\/\/api.w.org\/{rel}","templated":true}]}}