{"id":18424,"date":"2023-01-27T23:59:31","date_gmt":"2023-01-28T02:59:31","guid":{"rendered":"https:\/\/diariotribuna.com.br\/?p=18424"},"modified":"2023-01-30T23:39:09","modified_gmt":"2023-01-31T02:39:09","slug":"preso-em-flagrante-homem-que-esfaqueou-ex-namorada-no-centro-de-medina","status":"publish","type":"post","link":"https:\/\/diariotribuna.com.br\/?p=18424","title":{"rendered":"<strong>Pol\u00edcia Militar prende homem que esfaqueou ex-namorada no centro de Medina<\/strong>"},"content":{"rendered":"\n<figure class=\"wp-block-image size-full is-resized is-style-default\"><img loading=\"lazy\" decoding=\"async\" src=\"https:\/\/diariotribuna.com.br\/wp-content\/uploads\/2023\/01\/f43ea004-82f0-433d-a2e3-03fa1db1c973.jpg\" alt=\"\" class=\"wp-image-18427\" width=\"538\" height=\"330\" srcset=\"https:\/\/diariotribuna.com.br\/wp-content\/uploads\/2023\/01\/f43ea004-82f0-433d-a2e3-03fa1db1c973.jpg 700w, https:\/\/diariotribuna.com.br\/wp-content\/uploads\/2023\/01\/f43ea004-82f0-433d-a2e3-03fa1db1c973-300x184.jpg 300w, https:\/\/diariotribuna.com.br\/wp-content\/uploads\/2023\/01\/f43ea004-82f0-433d-a2e3-03fa1db1c973-696x428.jpg 696w, https:\/\/diariotribuna.com.br\/wp-content\/uploads\/2023\/01\/f43ea004-82f0-433d-a2e3-03fa1db1c973-684x420.jpg 684w\" sizes=\"(max-width: 538px) 100vw, 538px\" \/><\/figure>\n\n\n\n<p>O fato ocorreu nesta sexta-feira (27\/01), por volta das 12h, na Rua S\u00e3o Jo\u00e3o Del Rey, centro da cidade de Medina. Uma testemunha que tomou conhecimento do fato foi ao quartel da Pol\u00edcia Militar, relatando que sua prima K.M.G.B., de 25 anos, havia sido esfaqueada pelo ex-namorado dela, D.R.S., de 28 anos. Disse que o autor das agress\u00f5es residiria no Bairro V\u00e1rzea Grande.<\/p>\n\n\n\n<p>Disse ainda que, como o sinal de celular n\u00e3o funcionava no momento, n\u00e3o foi poss\u00edvel ligar para a Pol\u00edcia Militar, nem para o Samu, e a v\u00edtima foi socorrida e encaminhada ao hospital Santa Rita, pelo delegado, dr. Thiago, que havia sido informado por populares sobre o crime. Cientes de que a v\u00edtima havia sido socorrida, os militares iniciaram o rastreamento para tentar localizar e prender o autor do crime.<\/p>\n\n\n\n<p>Os militares foram \u00e0 resid\u00eancia indicada pela testemunha, mas o autor n\u00e3o estava. Foram em uma fazenda onde poderia estar, e no percurso, foram informados por moradores da regi\u00e3o, que viram um homem correndo, sem camisa, descal\u00e7o, com a m\u00e3o sangrando. Chegando \u00e0 fazenda, os militares encontraram o delegado, dr. Thiago Carvalho Passos e um agente. O delegado disse que tamb\u00e9m estava \u00e0 procura do autor do crime e confirmou que prestou socorro \u00e0 v\u00edtima no local dos fatos.<\/p>\n\n\n\n<p>Os militares continuaram as dilig\u00eancias e localizaram o autor em uma mata. Ele tentou fugir, mas foi contido e preso. Ele estava com um corte de uns 10 cent\u00edmetros na m\u00e3o direita e cortes em todos os dedos, foi levado ao hospital Santa Rita, ap\u00f3s atendimento m\u00e9dico, foi conduzido \u00e0 delegacia para medidas de pol\u00edcia judici\u00e1ria.<\/p>\n\n\n\n<p>A v\u00edtima apresentava mais les\u00f5es pelo corpo, sendo as mais graves no t\u00f3rax e dorso. Ela chegou ao hospital com uma faca tipo peixeira de 30 cent\u00edmetros, cravada nas costas. Devido ao seu estado grave, foi removida, \u00e0s pressas, para um hospital em Te\u00f3filo Otoni. A pol\u00edcia foi informada que a v\u00edtima teve um breve relacionamento com o autor, recentemente, mas n\u00e3o quis continuar a rela\u00e7\u00e3o, e o autor n\u00e3o teria se conformado com a separa\u00e7\u00e3o. (Informa\u00e7\u00f5es\/Foto: PMMG).<\/p>\n","protected":false},"excerpt":{"rendered":"<p>O fato ocorreu nesta sexta-feira (27\/01), por volta das 12h, na Rua S\u00e3o Jo\u00e3o Del Rey, centro da cidade de Medina. Uma testemunha que tomou conhecimento do fato foi ao quartel da Pol\u00edcia Militar, relatando que sua prima K.M.G.B., de 25 anos, havia sido esfaqueada pelo ex-namorado dela, D.R.S., de 28 anos. Disse que o [&hellip;]<\/p>\n","protected":false},"author":1,"featured_media":18427,"comment_status":"open","ping_status":"open","sticky":false,"template":"","format":"standard","meta":{"rop_custom_images_group":[],"rop_custom_messages_group":[],"rop_publish_now":"initial","rop_publish_now_accounts":[],"rop_publish_now_history":[],"rop_publish_now_status":"pending","footnotes":""},"categories":[20],"tags":[2544,79,5121,292,76,1349],"class_list":["post-18424","post","type-post","status-publish","format-standard","has-post-thumbnail","hentry","category-policia","tag-autor-preso","tag-medina","tag-mulher-esfaqueada","tag-policia-civil","tag-policia-militar","tag-tentativa-de-feminicidio"],"_links":{"self":[{"href":"https:\/\/diariotribuna.com.br\/index.php?rest_route=\/wp\/v2\/posts\/18424"}],"collection":[{"href":"https:\/\/diariotribuna.com.br\/index.php?rest_route=\/wp\/v2\/posts"}],"about":[{"href":"https:\/\/diariotribuna.com.br\/index.php?rest_route=\/wp\/v2\/types\/post"}],"author":[{"embeddable":true,"href":"https:\/\/diariotribuna.com.br\/index.php?rest_route=\/wp\/v2\/users\/1"}],"replies":[{"embeddable":true,"href":"https:\/\/diariotribuna.com.br\/index.php?rest_route=%2Fwp%2Fv2%2Fcomments&post=18424"}],"version-history":[{"count":2,"href":"https:\/\/diariotribuna.com.br\/index.php?rest_route=\/wp\/v2\/posts\/18424\/revisions"}],"predecessor-version":[{"id":18428,"href":"https:\/\/diariotribuna.com.br\/index.php?rest_route=\/wp\/v2\/posts\/18424\/revisions\/18428"}],"wp:featuredmedia":[{"embeddable":true,"href":"https:\/\/diariotribuna.com.br\/index.php?rest_route=\/wp\/v2\/media\/18427"}],"wp:attachment":[{"href":"https:\/\/diariotribuna.com.br\/index.php?rest_route=%2Fwp%2Fv2%2Fmedia&parent=18424"}],"wp:term":[{"taxonomy":"category","embeddable":true,"href":"https:\/\/diariotribuna.com.br\/index.php?rest_route=%2Fwp%2Fv2%2Fcategories&post=18424"},{"taxonomy":"post_tag","embeddable":true,"href":"https:\/\/diariotribuna.com.br\/index.php?rest_route=%2Fwp%2Fv2%2Ftags&post=18424"}],"curies":[{"name":"wp","href":"https:\/\/api.w.org\/{rel}","templated":true}]}}