{"id":18454,"date":"2023-01-30T23:23:14","date_gmt":"2023-01-31T02:23:14","guid":{"rendered":"https:\/\/diariotribuna.com.br\/?p=18454"},"modified":"2023-02-01T15:23:27","modified_gmt":"2023-02-01T18:23:27","slug":"governo-apresenta-oficialmente-o-novo-comando-da-policia-militar-de-minas","status":"publish","type":"post","link":"https:\/\/diariotribuna.com.br\/?p=18454","title":{"rendered":"Governo apresenta oficialmente o novo comando da Pol\u00edcia Militar de Minas"},"content":{"rendered":"\n<figure class=\"wp-block-image size-full is-resized is-style-default\"><img loading=\"lazy\" decoding=\"async\" src=\"https:\/\/diariotribuna.com.br\/wp-content\/uploads\/2023\/01\/Troca_de_comando-01.jpg\" alt=\"\" class=\"wp-image-18455\" width=\"553\" height=\"356\" srcset=\"https:\/\/diariotribuna.com.br\/wp-content\/uploads\/2023\/01\/Troca_de_comando-01.jpg 700w, https:\/\/diariotribuna.com.br\/wp-content\/uploads\/2023\/01\/Troca_de_comando-01-300x193.jpg 300w, https:\/\/diariotribuna.com.br\/wp-content\/uploads\/2023\/01\/Troca_de_comando-01-696x447.jpg 696w, https:\/\/diariotribuna.com.br\/wp-content\/uploads\/2023\/01\/Troca_de_comando-01-653x420.jpg 653w\" sizes=\"(max-width: 553px) 100vw, 553px\" \/><\/figure>\n\n\n\n<p>O governador Romeu Zema participou da troca de comando da Pol\u00edcia Militar de Minas Gerais (PMMG), nesta segunda-feira (30\/01), em Belo Horizonte. Com isso, o comando-geral da institui\u00e7\u00e3o passa a ser liderado pelo coronel Rodrigo Piassi do Nascimento. J\u00e1 o posto de chefe do Estado-Maior tamb\u00e9m foi alterado e ser\u00e1 ocupado pelo coronel Marcelo Ramos de Oliveira.<br><br>Os militares substitu\u00edram o coronel Rodrigo Sousa Rodrigues, que ocupava o comando-geral, e o coronel Eduardo Felisberto Alves, antes chefe de Estado-Maior.<br><br>O \u00faltimo comando da PMMG, junto com as demais For\u00e7as de Seguran\u00e7a, al\u00e7ou Minas ao posto de estado mais seguro do pa\u00eds, de acordo com o Minist\u00e9rio da Justi\u00e7a. Houve investimento de aproximadamente R$ 1 bilh\u00e3o na institui\u00e7\u00e3o, utilizados no desenvolvimento tecnol\u00f3gico, na compra de equipamentos, na contrata\u00e7\u00e3o de pessoal e na melhoria da infraestrutura.<br><br><strong>No evento, o governador elogiou a Pol\u00edcia Militar e ressaltou as melhorias na seguran\u00e7a em Minas Gerais<\/strong>. &#8220;\u00c9 uma satisfa\u00e7\u00e3o e um orgulho enorme estar aqui participando da passagem de comando daquela que \u00e9, com certeza, a melhor pol\u00edcia do Brasil &#8211; e que tanto nos d\u00e1 orgulho. Para mim, \u00e9 uma satisfa\u00e7\u00e3o muito grande participar dos avan\u00e7os da seguran\u00e7a p\u00fablica em nosso estado. Avan\u00e7ar com escassez de recursos deixa tudo mais dif\u00edcil, mas temos usado a criatividade e o comprometimento para evoluir&#8221;, afirmou.<br><br><strong>O novo comandante-geral, Rodrigo Piassi, destacou que os avan\u00e7os ter\u00e3o continuidade em sua gest\u00e3o.<\/strong> &#8220;Precisamos olhar para o que h\u00e1 de novo e inovador, no que diz respeito \u00e0 seguran\u00e7a p\u00fablica, para seguir melhorando e garantindo seguran\u00e7a e efici\u00eancia \u00e0 popula\u00e7\u00e3o quando preciso for. Agrade\u00e7o ao governador pela confian\u00e7a e farei o meu melhor para ser digno desta posi\u00e7\u00e3o&#8221;, disse.<br><br><strong>Curr\u00edculos<br><br>Coronel Rodrigo Piassi do Nascimento:<\/strong> O novo comandante-geral da PMMG ingressou na Pol\u00edcia Militar em 1993, onde atuou no N\u00facleo de Estudos de Seguran\u00e7a P\u00fablica e Pesquisas e atualmente chefiava o Centro de Administra\u00e7\u00e3o de Pessoal da PM. Ele fez parte do Conselho de Criminologia e Pol\u00edticas Criminais de Minas Gerais e do Instituto Novalimense de Estudos do Sistema Penitenci\u00e1rio.<\/p>\n\n\n\n<p>Piassi \u00e9 mestre em Defesa e Seguran\u00e7a Civil, com \u00eanfase em planejamento e gest\u00e3o de eventos cr\u00edticos, pela Universidade Federal Fluminense; especialista em Criminologia pela PUC Minas, e em Seguran\u00e7a P\u00fablica pela Funda\u00e7\u00e3o Jo\u00e3o Pinheiro. O Coronel foi condecorado com as principais honrarias militares pelos servi\u00e7os prestados na corpora\u00e7\u00e3o.<\/p>\n\n\n\n<p><strong>Coronel Marcelo Ramos de Oliveira:<\/strong> O novo chefe do Estado-Maior da PMMG, coronel Marcelo Ramos, atuou como diretor de apoio log\u00edstico da pol\u00edcia. Al\u00e9m da forma\u00e7\u00e3o militar, ele \u00e9 mestre em Administra\u00e7\u00e3o pela Faculdade Pedro Leopoldo.<\/p>\n\n\n\n<figure class=\"wp-block-gallery has-nested-images columns-2 is-cropped wp-block-gallery-1 is-layout-flex wp-block-gallery-is-layout-flex\">\n<figure class=\"wp-block-image size-large is-style-default\"><img loading=\"lazy\" decoding=\"async\" width=\"700\" height=\"435\" data-id=\"18458\" src=\"https:\/\/diariotribuna.com.br\/wp-content\/uploads\/2023\/01\/Troca_de_comando-13.jpg\" alt=\"\" class=\"wp-image-18458\" srcset=\"https:\/\/diariotribuna.com.br\/wp-content\/uploads\/2023\/01\/Troca_de_comando-13.jpg 700w, https:\/\/diariotribuna.com.br\/wp-content\/uploads\/2023\/01\/Troca_de_comando-13-300x186.jpg 300w, https:\/\/diariotribuna.com.br\/wp-content\/uploads\/2023\/01\/Troca_de_comando-13-356x220.jpg 356w, https:\/\/diariotribuna.com.br\/wp-content\/uploads\/2023\/01\/Troca_de_comando-13-696x433.jpg 696w, https:\/\/diariotribuna.com.br\/wp-content\/uploads\/2023\/01\/Troca_de_comando-13-676x420.jpg 676w\" sizes=\"(max-width: 700px) 100vw, 700px\" \/><\/figure>\n\n\n\n<figure class=\"wp-block-image size-large is-style-default\"><img loading=\"lazy\" decoding=\"async\" width=\"700\" height=\"440\" data-id=\"18456\" src=\"https:\/\/diariotribuna.com.br\/wp-content\/uploads\/2023\/01\/Troca_de_comando-06.jpg\" alt=\"\" class=\"wp-image-18456\" srcset=\"https:\/\/diariotribuna.com.br\/wp-content\/uploads\/2023\/01\/Troca_de_comando-06.jpg 700w, https:\/\/diariotribuna.com.br\/wp-content\/uploads\/2023\/01\/Troca_de_comando-06-300x189.jpg 300w, https:\/\/diariotribuna.com.br\/wp-content\/uploads\/2023\/01\/Troca_de_comando-06-696x437.jpg 696w, https:\/\/diariotribuna.com.br\/wp-content\/uploads\/2023\/01\/Troca_de_comando-06-668x420.jpg 668w\" sizes=\"(max-width: 700px) 100vw, 700px\" \/><\/figure>\n\n\n\n<figure class=\"wp-block-image size-large is-style-default\"><img loading=\"lazy\" decoding=\"async\" width=\"700\" height=\"443\" data-id=\"18457\" src=\"https:\/\/diariotribuna.com.br\/wp-content\/uploads\/2023\/01\/Troca_de_comando-10.jpg\" alt=\"\" class=\"wp-image-18457\" srcset=\"https:\/\/diariotribuna.com.br\/wp-content\/uploads\/2023\/01\/Troca_de_comando-10.jpg 700w, https:\/\/diariotribuna.com.br\/wp-content\/uploads\/2023\/01\/Troca_de_comando-10-300x190.jpg 300w, https:\/\/diariotribuna.com.br\/wp-content\/uploads\/2023\/01\/Troca_de_comando-10-696x440.jpg 696w, https:\/\/diariotribuna.com.br\/wp-content\/uploads\/2023\/01\/Troca_de_comando-10-664x420.jpg 664w\" sizes=\"(max-width: 700px) 100vw, 700px\" \/><\/figure>\n\n\n\n<figure class=\"wp-block-image size-large is-style-default\"><img loading=\"lazy\" decoding=\"async\" width=\"700\" height=\"428\" data-id=\"18459\" src=\"https:\/\/diariotribuna.com.br\/wp-content\/uploads\/2023\/01\/Troca_de_comando-05.jpg\" alt=\"\" class=\"wp-image-18459\" srcset=\"https:\/\/diariotribuna.com.br\/wp-content\/uploads\/2023\/01\/Troca_de_comando-05.jpg 700w, https:\/\/diariotribuna.com.br\/wp-content\/uploads\/2023\/01\/Troca_de_comando-05-300x183.jpg 300w, https:\/\/diariotribuna.com.br\/wp-content\/uploads\/2023\/01\/Troca_de_comando-05-696x426.jpg 696w, https:\/\/diariotribuna.com.br\/wp-content\/uploads\/2023\/01\/Troca_de_comando-05-687x420.jpg 687w\" sizes=\"(max-width: 700px) 100vw, 700px\" \/><\/figure>\n<\/figure>\n\n\n\n<p> <strong>(Imprensa MG\/ Fotos: Cristiano Machado)<\/strong>.<\/p>\n","protected":false},"excerpt":{"rendered":"<p>O governador Romeu Zema participou da troca de comando da Pol\u00edcia Militar de Minas Gerais (PMMG), nesta segunda-feira (30\/01), em Belo Horizonte. Com isso, o comando-geral da institui\u00e7\u00e3o passa a ser liderado pelo coronel Rodrigo Piassi do Nascimento. J\u00e1 o posto de chefe do Estado-Maior tamb\u00e9m foi alterado e ser\u00e1 ocupado pelo coronel Marcelo Ramos [&hellip;]<\/p>\n","protected":false},"author":1,"featured_media":18455,"comment_status":"open","ping_status":"open","sticky":false,"template":"","format":"standard","meta":{"rop_custom_images_group":[],"rop_custom_messages_group":[],"rop_publish_now":"initial","rop_publish_now_accounts":[],"rop_publish_now_history":[],"rop_publish_now_status":"pending","footnotes":""},"categories":[19],"tags":[128,76],"class_list":["post-18454","post","type-post","status-publish","format-standard","has-post-thumbnail","hentry","category-gerais","tag-pmmg","tag-policia-militar"],"_links":{"self":[{"href":"https:\/\/diariotribuna.com.br\/index.php?rest_route=\/wp\/v2\/posts\/18454"}],"collection":[{"href":"https:\/\/diariotribuna.com.br\/index.php?rest_route=\/wp\/v2\/posts"}],"about":[{"href":"https:\/\/diariotribuna.com.br\/index.php?rest_route=\/wp\/v2\/types\/post"}],"author":[{"embeddable":true,"href":"https:\/\/diariotribuna.com.br\/index.php?rest_route=\/wp\/v2\/users\/1"}],"replies":[{"embeddable":true,"href":"https:\/\/diariotribuna.com.br\/index.php?rest_route=%2Fwp%2Fv2%2Fcomments&post=18454"}],"version-history":[{"count":1,"href":"https:\/\/diariotribuna.com.br\/index.php?rest_route=\/wp\/v2\/posts\/18454\/revisions"}],"predecessor-version":[{"id":18460,"href":"https:\/\/diariotribuna.com.br\/index.php?rest_route=\/wp\/v2\/posts\/18454\/revisions\/18460"}],"wp:featuredmedia":[{"embeddable":true,"href":"https:\/\/diariotribuna.com.br\/index.php?rest_route=\/wp\/v2\/media\/18455"}],"wp:attachment":[{"href":"https:\/\/diariotribuna.com.br\/index.php?rest_route=%2Fwp%2Fv2%2Fmedia&parent=18454"}],"wp:term":[{"taxonomy":"category","embeddable":true,"href":"https:\/\/diariotribuna.com.br\/index.php?rest_route=%2Fwp%2Fv2%2Fcategories&post=18454"},{"taxonomy":"post_tag","embeddable":true,"href":"https:\/\/diariotribuna.com.br\/index.php?rest_route=%2Fwp%2Fv2%2Ftags&post=18454"}],"curies":[{"name":"wp","href":"https:\/\/api.w.org\/{rel}","templated":true}]}}