{"id":18472,"date":"2023-01-31T11:10:53","date_gmt":"2023-01-31T14:10:53","guid":{"rendered":"https:\/\/diariotribuna.com.br\/?p=18472"},"modified":"2023-02-02T21:35:33","modified_gmt":"2023-02-03T00:35:33","slug":"fiemg-doa-mais-de-16-mil-cestas-basicas-atraves-da-campanha-sos-chuvas","status":"publish","type":"post","link":"https:\/\/diariotribuna.com.br\/?p=18472","title":{"rendered":"<strong>FIEMG doa mais de 16 mil cestas b\u00e1sicas atrav\u00e9s da Campanha SOS Chuvas<\/strong>"},"content":{"rendered":"\n<p><em><strong>Ajuda humanit\u00e1ria aos afetados pelas chuvas em Minas Gerais tem parceria com a Cruz Vermelha, o Servas e o Governo do Estado<\/strong><\/em><\/p>\n\n\n\n<figure class=\"wp-block-image size-full is-resized is-style-default\"><img loading=\"lazy\" decoding=\"async\" src=\"https:\/\/diariotribuna.com.br\/wp-content\/uploads\/2023\/01\/Cestas.jpg\" alt=\"\" class=\"wp-image-18474\" width=\"527\" height=\"343\" srcset=\"https:\/\/diariotribuna.com.br\/wp-content\/uploads\/2023\/01\/Cestas.jpg 700w, https:\/\/diariotribuna.com.br\/wp-content\/uploads\/2023\/01\/Cestas-300x195.jpg 300w, https:\/\/diariotribuna.com.br\/wp-content\/uploads\/2023\/01\/Cestas-696x453.jpg 696w, https:\/\/diariotribuna.com.br\/wp-content\/uploads\/2023\/01\/Cestas-645x420.jpg 645w\" sizes=\"(max-width: 527px) 100vw, 527px\" \/><\/figure>\n\n\n\n<p>A Federa\u00e7\u00e3o das Ind\u00fastrias do Estado de Minas Gerais (FIEMG) se uniu ao Servi\u00e7o Social Aut\u00f4nomo (Servas) e \u00e0 filial mineira da Cruz Vermelha, para a Campanha SOS Chuvas 2023. A iniciativa tem o apoio do Governo de Minas Gerais para arrecadar doa\u00e7\u00f5es destinadas \u00e0s fam\u00edlias afetadas pelas fortes chuvas que atingem o Estado, desde o fim de 2022.<\/p>\n\n\n\n<p>Representando toda a ind\u00fastria mineira, a FIEMG doou mais de 16,5 mil cestas b\u00e1sicas, al\u00e9m de kits de higiene e cart\u00f5es humanit\u00e1rios, aos munic\u00edpios em situa\u00e7\u00e3o de emerg\u00eancia.<\/p>\n\n\n\n<p>O presidente Fl\u00e1vio Roscoe diz que a entidade j\u00e1 est\u00e1 preparada para realizar e prestar assist\u00eancia \u00e0s fam\u00edlias em necessidade em todo o Estado. \u201cO setor industrial n\u00e3o tem se furtado de contribuir e ajudar ao longo desses anos. N\u00f3s estamos chegando a quase R$ 200 milh\u00f5es de doa\u00e7\u00f5es, entre o per\u00edodo pand\u00eamico e chuvoso, diretamente via FIEMG, al\u00e9m das a\u00e7\u00f5es feitas pelas pr\u00f3prias empresas&#8221;, afirma o presidente da Federa\u00e7\u00e3o.<\/p>\n\n\n\n<p>A Campanha SOS Chuvas ajudou milhares de pessoas em 2022 e, para continuar o trabalho em 2023, conta com a doa\u00e7\u00e3o de pessoas e empresas. Os interessados em doar colch\u00f5es, m\u00f3veis, eletrodom\u00e9sticos e kits de limpeza, podem fazer contato pelo telefone (31) 97186-8044 e saber como e onde doar.<\/p>\n\n\n\n<p>Para fazer doa\u00e7\u00f5es em dinheiro, existem as op\u00e7\u00f5es de dep\u00f3sito ou transfer\u00eancia em conta (SICOOB \u2013 Banco 756: Ag\u00eancia 3330-8 \u2013 Conta Corrente 12.262-9) ou PIX (chave CNPJ: 17.212.069\/0001-81).<\/p>\n\n\n\n<p>Clique&nbsp;<a rel=\"noreferrer noopener\" href=\"https:\/\/www.flickr.com\/photos\/sistemafiemg\/albums\/72177720305342272\" target=\"_blank\"><strong>aqui<\/strong><\/a>&nbsp;e veja as fotos do trabalho de distribui\u00e7\u00e3o de cestas realizada na Defesa Civil do Estado de Minas Gerais, junto da Cruz Vermelha.<\/p>\n\n\n\n<figure class=\"wp-block-image size-full is-resized is-style-default\"><img loading=\"lazy\" decoding=\"async\" src=\"https:\/\/diariotribuna.com.br\/wp-content\/uploads\/2023\/01\/781d96886b61fb89dc248c8c34dc070333bbf10b3f06ec90af1c2e1c4e145b78.jpg\" alt=\"\" class=\"wp-image-18473\" width=\"713\" height=\"276\" srcset=\"https:\/\/diariotribuna.com.br\/wp-content\/uploads\/2023\/01\/781d96886b61fb89dc248c8c34dc070333bbf10b3f06ec90af1c2e1c4e145b78.jpg 620w, https:\/\/diariotribuna.com.br\/wp-content\/uploads\/2023\/01\/781d96886b61fb89dc248c8c34dc070333bbf10b3f06ec90af1c2e1c4e145b78-300x116.jpg 300w\" sizes=\"(max-width: 713px) 100vw, 713px\" \/><\/figure>\n\n\n\n<p><strong>(Informa\u00e7\u00f5es: Ana Paula Motta, imprensa FIEMG \/ Fotos: Lucas Nolasco e Talita Boutros).<\/strong><\/p>\n","protected":false},"excerpt":{"rendered":"<p>Ajuda humanit\u00e1ria aos afetados pelas chuvas em Minas Gerais tem parceria com a Cruz Vermelha, o Servas e o Governo do Estado A Federa\u00e7\u00e3o das Ind\u00fastrias do Estado de Minas Gerais (FIEMG) se uniu ao Servi\u00e7o Social Aut\u00f4nomo (Servas) e \u00e0 filial mineira da Cruz Vermelha, para a Campanha SOS Chuvas 2023. A iniciativa tem [&hellip;]<\/p>\n","protected":false},"author":1,"featured_media":18474,"comment_status":"open","ping_status":"open","sticky":false,"template":"","format":"standard","meta":{"rop_custom_images_group":[],"rop_custom_messages_group":[],"rop_publish_now":"initial","rop_publish_now_accounts":[],"rop_publish_now_history":[],"rop_publish_now_status":"pending","footnotes":""},"categories":[19],"tags":[3030,2865,82,91,5131,5130],"class_list":["post-18472","post","type-post","status-publish","format-standard","has-post-thumbnail","hentry","category-gerais","tag-cestas-basicas","tag-doacao","tag-fiemg","tag-minas","tag-sos-chuvas","tag-vitimas-de-enchentes"],"_links":{"self":[{"href":"https:\/\/diariotribuna.com.br\/index.php?rest_route=\/wp\/v2\/posts\/18472"}],"collection":[{"href":"https:\/\/diariotribuna.com.br\/index.php?rest_route=\/wp\/v2\/posts"}],"about":[{"href":"https:\/\/diariotribuna.com.br\/index.php?rest_route=\/wp\/v2\/types\/post"}],"author":[{"embeddable":true,"href":"https:\/\/diariotribuna.com.br\/index.php?rest_route=\/wp\/v2\/users\/1"}],"replies":[{"embeddable":true,"href":"https:\/\/diariotribuna.com.br\/index.php?rest_route=%2Fwp%2Fv2%2Fcomments&post=18472"}],"version-history":[{"count":2,"href":"https:\/\/diariotribuna.com.br\/index.php?rest_route=\/wp\/v2\/posts\/18472\/revisions"}],"predecessor-version":[{"id":18502,"href":"https:\/\/diariotribuna.com.br\/index.php?rest_route=\/wp\/v2\/posts\/18472\/revisions\/18502"}],"wp:featuredmedia":[{"embeddable":true,"href":"https:\/\/diariotribuna.com.br\/index.php?rest_route=\/wp\/v2\/media\/18474"}],"wp:attachment":[{"href":"https:\/\/diariotribuna.com.br\/index.php?rest_route=%2Fwp%2Fv2%2Fmedia&parent=18472"}],"wp:term":[{"taxonomy":"category","embeddable":true,"href":"https:\/\/diariotribuna.com.br\/index.php?rest_route=%2Fwp%2Fv2%2Fcategories&post=18472"},{"taxonomy":"post_tag","embeddable":true,"href":"https:\/\/diariotribuna.com.br\/index.php?rest_route=%2Fwp%2Fv2%2Ftags&post=18472"}],"curies":[{"name":"wp","href":"https:\/\/api.w.org\/{rel}","templated":true}]}}