{"id":18476,"date":"2023-02-01T11:39:53","date_gmt":"2023-02-01T14:39:53","guid":{"rendered":"https:\/\/diariotribuna.com.br\/?p=18476"},"modified":"2023-02-06T23:55:11","modified_gmt":"2023-02-07T02:55:11","slug":"policia-civil-prende-homem-investigado-por-estupro-de-tres-menores","status":"publish","type":"post","link":"https:\/\/diariotribuna.com.br\/?p=18476","title":{"rendered":"Pol\u00edcia Civil prende homem investigado por estupro de tr\u00eas menores"},"content":{"rendered":"\n<figure class=\"wp-block-image size-full is-resized is-style-default\"><img loading=\"lazy\" decoding=\"async\" src=\"https:\/\/diariotribuna.com.br\/wp-content\/uploads\/2023\/02\/23e644db-c71a-4003-be24-ba8f2131120c-Copia.jpg\" alt=\"\" class=\"wp-image-18478\" width=\"534\" height=\"346\" srcset=\"https:\/\/diariotribuna.com.br\/wp-content\/uploads\/2023\/02\/23e644db-c71a-4003-be24-ba8f2131120c-Copia.jpg 700w, https:\/\/diariotribuna.com.br\/wp-content\/uploads\/2023\/02\/23e644db-c71a-4003-be24-ba8f2131120c-Copia-300x194.jpg 300w, https:\/\/diariotribuna.com.br\/wp-content\/uploads\/2023\/02\/23e644db-c71a-4003-be24-ba8f2131120c-Copia-696x450.jpg 696w, https:\/\/diariotribuna.com.br\/wp-content\/uploads\/2023\/02\/23e644db-c71a-4003-be24-ba8f2131120c-Copia-649x420.jpg 649w\" sizes=\"(max-width: 534px) 100vw, 534px\" \/><\/figure>\n\n\n\n<p>A Pol\u00edcia Civil de Minas Gerais, por meio da delegacia de \u00c1guas Formosas, prendeu na manh\u00e3 de ter\u00e7a-feira (31\/01\/23), um homem de 42 anos, investigado pelo crime de estupro de vulner\u00e1vel contra tr\u00eas v\u00edtimas. O suspeito \u00e9 padrasto das v\u00edtimas e j\u00e1 era investigado por crime de estupro contra a irm\u00e3 mais velha. A m\u00e3e das v\u00edtimas tamb\u00e9m figura como investigada, uma vez que h\u00e1 ind\u00edcios de que tinha ci\u00eancia dos crimes e n\u00e3o tomou provid\u00eancia para impedi-los, permitindo a perpetua\u00e7\u00e3o da a\u00e7\u00e3o criminosa.<\/p>\n\n\n\n<p>Diante da gravidade dos fatos, a delegada de pol\u00edcia de \u00c1guas Formosas representou pela pris\u00e3o preventiva dos investigados, sendo deferido o pedido de segrega\u00e7\u00e3o cautelar apenas do padrasto e o afastamento dos infantes do conv\u00edvio materno. O preso foi encaminhado para o pres\u00eddio local onde ficar\u00e1 \u00e0 disposi\u00e7\u00e3o da justi\u00e7a.<\/p>\n\n\n\n<p>Equipe &#8211; Delegada de Pol\u00edcia: dra. Aquinoann Costa Batista. Investigadores: Giovanna Ramos Di Pietro, Emerson Jos\u00e9 Guilherme da Rocha, Camila Schaper Amorim e Caroline Lopes Losqui Agostini. Escriv\u00e3o: Frederico dos Santos Andrade. (Informa\u00e7\u00f5es\/Foto: assessoria de comunica\u00e7\u00e3o da PCMG\/ Te\u00f3filo Otoni).<\/p>\n","protected":false},"excerpt":{"rendered":"<p>A Pol\u00edcia Civil de Minas Gerais, por meio da delegacia de \u00c1guas Formosas, prendeu na manh\u00e3 de ter\u00e7a-feira (31\/01\/23), um homem de 42 anos, investigado pelo crime de estupro de vulner\u00e1vel contra tr\u00eas v\u00edtimas. O suspeito \u00e9 padrasto das v\u00edtimas e j\u00e1 era investigado por crime de estupro contra a irm\u00e3 mais velha. A m\u00e3e [&hellip;]<\/p>\n","protected":false},"author":1,"featured_media":18478,"comment_status":"open","ping_status":"open","sticky":false,"template":"","format":"standard","meta":{"rop_custom_images_group":[],"rop_custom_messages_group":[],"rop_publish_now":"initial","rop_publish_now_accounts":[],"rop_publish_now_history":[],"rop_publish_now_status":"pending","footnotes":""},"categories":[20],"tags":[590,1086,786,4116,91,292],"class_list":["post-18476","post","type-post","status-publish","format-standard","has-post-thumbnail","hentry","category-policia","tag-aguas-formosas","tag-estupro","tag-homem-preso","tag-menores","tag-minas","tag-policia-civil"],"_links":{"self":[{"href":"https:\/\/diariotribuna.com.br\/index.php?rest_route=\/wp\/v2\/posts\/18476"}],"collection":[{"href":"https:\/\/diariotribuna.com.br\/index.php?rest_route=\/wp\/v2\/posts"}],"about":[{"href":"https:\/\/diariotribuna.com.br\/index.php?rest_route=\/wp\/v2\/types\/post"}],"author":[{"embeddable":true,"href":"https:\/\/diariotribuna.com.br\/index.php?rest_route=\/wp\/v2\/users\/1"}],"replies":[{"embeddable":true,"href":"https:\/\/diariotribuna.com.br\/index.php?rest_route=%2Fwp%2Fv2%2Fcomments&post=18476"}],"version-history":[{"count":1,"href":"https:\/\/diariotribuna.com.br\/index.php?rest_route=\/wp\/v2\/posts\/18476\/revisions"}],"predecessor-version":[{"id":18479,"href":"https:\/\/diariotribuna.com.br\/index.php?rest_route=\/wp\/v2\/posts\/18476\/revisions\/18479"}],"wp:featuredmedia":[{"embeddable":true,"href":"https:\/\/diariotribuna.com.br\/index.php?rest_route=\/wp\/v2\/media\/18478"}],"wp:attachment":[{"href":"https:\/\/diariotribuna.com.br\/index.php?rest_route=%2Fwp%2Fv2%2Fmedia&parent=18476"}],"wp:term":[{"taxonomy":"category","embeddable":true,"href":"https:\/\/diariotribuna.com.br\/index.php?rest_route=%2Fwp%2Fv2%2Fcategories&post=18476"},{"taxonomy":"post_tag","embeddable":true,"href":"https:\/\/diariotribuna.com.br\/index.php?rest_route=%2Fwp%2Fv2%2Ftags&post=18476"}],"curies":[{"name":"wp","href":"https:\/\/api.w.org\/{rel}","templated":true}]}}