{"id":18484,"date":"2023-02-01T15:22:57","date_gmt":"2023-02-01T18:22:57","guid":{"rendered":"https:\/\/diariotribuna.com.br\/?p=18484"},"modified":"2023-02-02T10:00:01","modified_gmt":"2023-02-02T13:00:01","slug":"pcmg-prende-homem-por-descumprir-medida-protetiva-em-favor-da-propria-mae","status":"publish","type":"post","link":"https:\/\/diariotribuna.com.br\/?p=18484","title":{"rendered":"PCMG prende homem por descumprir medida protetiva em favor da pr\u00f3pria m\u00e3e"},"content":{"rendered":"\n<figure class=\"wp-block-image size-full is-resized is-style-default\"><img loading=\"lazy\" decoding=\"async\" src=\"https:\/\/diariotribuna.com.br\/wp-content\/uploads\/2023\/02\/9b95897a-2fa8-408d-8ef1-00812c364a5c.jpg\" alt=\"\" class=\"wp-image-18485\" width=\"489\" height=\"320\" srcset=\"https:\/\/diariotribuna.com.br\/wp-content\/uploads\/2023\/02\/9b95897a-2fa8-408d-8ef1-00812c364a5c.jpg 700w, https:\/\/diariotribuna.com.br\/wp-content\/uploads\/2023\/02\/9b95897a-2fa8-408d-8ef1-00812c364a5c-300x196.jpg 300w, https:\/\/diariotribuna.com.br\/wp-content\/uploads\/2023\/02\/9b95897a-2fa8-408d-8ef1-00812c364a5c-696x455.jpg 696w, https:\/\/diariotribuna.com.br\/wp-content\/uploads\/2023\/02\/9b95897a-2fa8-408d-8ef1-00812c364a5c-642x420.jpg 642w\" sizes=\"(max-width: 489px) 100vw, 489px\" \/><\/figure>\n\n\n\n<p><strong>Jacinto \u2013<\/strong> Um homem de 26 anos foi preso por descumprimento de medida protetiva de urg\u00eancia em favor da pr\u00f3pria m\u00e3e, na cidade de Jacinto, no Vale do Jequitinhonha. A equipe da Delegacia de Pol\u00edcia Civil em Jacinto foi procurada pela v\u00edtima que possu\u00eda medidas protetivas de urg\u00eancia em seu favor. Segundo a v\u00edtima, mesmo ap\u00f3s regularmente intimado de que o suspeito devia manter dist\u00e2ncia e sair da resid\u00eancia, ele insistia em descumprir a medida.<\/p>\n\n\n\n<p>Essa situa\u00e7\u00e3o inclusive obrigou a m\u00e3e a sair da pr\u00f3pria casa e residir com familiares. Segundo a Pol\u00edcia Civil, o homem \u00e9 usu\u00e1rio de drogas e estaria vendendo diversos itens da resid\u00eancia da pr\u00f3pria m\u00e3e, tendo se apossado inclusive do celular dela e na imin\u00eancia de vend\u00ea-lo aos traficantes da regi\u00e3o.<\/p>\n\n\n\n<p>A equipe policial iniciou os rastreamentos e localizou o homem na casa onde devia manter-se afastado. Ele foi preso e conduzido \u00e0 delegacia onde o procedimento foi lavrado. Em seguida, foi encaminhado ao pres\u00eddio da comarca onde permanece \u00e0 disposi\u00e7\u00e3o da justi\u00e7a. Ele responder\u00e1 pelo crime de descumprimento de medida protetiva de urg\u00eancia previsto na Lei Maria da Penha. (Informa\u00e7\u00f5es\/Foto: assessoria de comunica\u00e7\u00e3o da PCMG\/ Te\u00f3filo Otoni).<\/p>\n\n\n\n<p><strong>Pol\u00edcia Civil de Minas Gerais: \u201cMais pr\u00f3xima de voc\u00ea\u201d<\/strong><\/p>\n\n\n\n<p><strong>Instagram:<\/strong> @pcmg.oficial<\/p>\n\n\n\n<p><strong>Facebook:<\/strong> @pcmgoficial<\/p>\n\n\n\n<p><strong>Twitter:<\/strong> @pcmgoficial<\/p>\n\n\n\n<p><strong>YouTube:<\/strong> @pcmgoficial<\/p>\n\n\n\n<p><strong><a href=\"http:\/\/www.policiacivil.mg.gov.br\">www.policiacivil.mg.gov.br<\/a><\/strong><\/p>\n","protected":false},"excerpt":{"rendered":"<p>Jacinto \u2013 Um homem de 26 anos foi preso por descumprimento de medida protetiva de urg\u00eancia em favor da pr\u00f3pria m\u00e3e, na cidade de Jacinto, no Vale do Jequitinhonha. A equipe da Delegacia de Pol\u00edcia Civil em Jacinto foi procurada pela v\u00edtima que possu\u00eda medidas protetivas de urg\u00eancia em seu favor. Segundo a v\u00edtima, mesmo [&hellip;]<\/p>\n","protected":false},"author":1,"featured_media":18485,"comment_status":"open","ping_status":"open","sticky":false,"template":"","format":"standard","meta":{"rop_custom_images_group":[],"rop_custom_messages_group":[],"rop_publish_now":"initial","rop_publish_now_accounts":[],"rop_publish_now_history":[],"rop_publish_now_status":"pending","footnotes":""},"categories":[20],"tags":[1388,3682,737,3068,5075,292,649],"class_list":["post-18484","post","type-post","status-publish","format-standard","has-post-thumbnail","hentry","category-policia","tag-descumprimento","tag-filho","tag-jacinto","tag-mae","tag-medida-protetiva","tag-policia-civil","tag-prisao"],"_links":{"self":[{"href":"https:\/\/diariotribuna.com.br\/index.php?rest_route=\/wp\/v2\/posts\/18484"}],"collection":[{"href":"https:\/\/diariotribuna.com.br\/index.php?rest_route=\/wp\/v2\/posts"}],"about":[{"href":"https:\/\/diariotribuna.com.br\/index.php?rest_route=\/wp\/v2\/types\/post"}],"author":[{"embeddable":true,"href":"https:\/\/diariotribuna.com.br\/index.php?rest_route=\/wp\/v2\/users\/1"}],"replies":[{"embeddable":true,"href":"https:\/\/diariotribuna.com.br\/index.php?rest_route=%2Fwp%2Fv2%2Fcomments&post=18484"}],"version-history":[{"count":2,"href":"https:\/\/diariotribuna.com.br\/index.php?rest_route=\/wp\/v2\/posts\/18484\/revisions"}],"predecessor-version":[{"id":18487,"href":"https:\/\/diariotribuna.com.br\/index.php?rest_route=\/wp\/v2\/posts\/18484\/revisions\/18487"}],"wp:featuredmedia":[{"embeddable":true,"href":"https:\/\/diariotribuna.com.br\/index.php?rest_route=\/wp\/v2\/media\/18485"}],"wp:attachment":[{"href":"https:\/\/diariotribuna.com.br\/index.php?rest_route=%2Fwp%2Fv2%2Fmedia&parent=18484"}],"wp:term":[{"taxonomy":"category","embeddable":true,"href":"https:\/\/diariotribuna.com.br\/index.php?rest_route=%2Fwp%2Fv2%2Fcategories&post=18484"},{"taxonomy":"post_tag","embeddable":true,"href":"https:\/\/diariotribuna.com.br\/index.php?rest_route=%2Fwp%2Fv2%2Ftags&post=18484"}],"curies":[{"name":"wp","href":"https:\/\/api.w.org\/{rel}","templated":true}]}}