{"id":18488,"date":"2023-02-01T20:34:09","date_gmt":"2023-02-01T23:34:09","guid":{"rendered":"https:\/\/diariotribuna.com.br\/?p=18488"},"modified":"2023-02-01T20:35:48","modified_gmt":"2023-02-01T23:35:48","slug":"arthur-lira-e-reeleito-para-presidencia-da-camara-dos-deputados","status":"publish","type":"post","link":"https:\/\/diariotribuna.com.br\/?p=18488","title":{"rendered":"<strong>Arthur Lira \u00e9 reeleito para presid\u00eancia da C\u00e2mara dos Deputados<\/strong>"},"content":{"rendered":"\n<h2 class=\"wp-block-heading\"><em><strong><em>Lira est\u00e1 em seu quarto mandato<\/em><\/strong><\/em><\/h2>\n\n\n\n<figure class=\"wp-block-image size-full is-resized is-style-default\"><img loading=\"lazy\" decoding=\"async\" src=\"https:\/\/diariotribuna.com.br\/wp-content\/uploads\/2023\/02\/vac_abr0102231819.jpg\" alt=\"\" class=\"wp-image-18489\" width=\"504\" height=\"325\" srcset=\"https:\/\/diariotribuna.com.br\/wp-content\/uploads\/2023\/02\/vac_abr0102231819.jpg 700w, https:\/\/diariotribuna.com.br\/wp-content\/uploads\/2023\/02\/vac_abr0102231819-300x194.jpg 300w, https:\/\/diariotribuna.com.br\/wp-content\/uploads\/2023\/02\/vac_abr0102231819-696x449.jpg 696w, https:\/\/diariotribuna.com.br\/wp-content\/uploads\/2023\/02\/vac_abr0102231819-650x420.jpg 650w\" sizes=\"(max-width: 504px) 100vw, 504px\" \/><\/figure>\n\n\n\n<p>O deputado Arthur Lira (PP-AL) foi reeleito nesta quarta-feira (1\u00ba\/02) para o cargo de presidente da C\u00e2mara dos Deputados por 464 votos. O parlamentar ficar\u00e1 no comando da Casa pelos pr\u00f3ximos dois anos. Arthur Lira est\u00e1 em seu quarto mandato e foi o candidato a deputado federal mais votado de Alagoas nas elei\u00e7\u00f5es do ano passado. O parlamentar afirmou que, entre as prioridades de sua gest\u00e3o, est\u00e1 a aprova\u00e7\u00e3o da reforma tribut\u00e1ria.<\/p>\n\n\n\n<p>No in\u00edcio do discurso ap\u00f3s confirma\u00e7\u00e3o da vit\u00f3ria, ele se emocionou ao falar do pai, o ex-senador Benedito de Lira, de 80 anos, que desmaiou durante a cerim\u00f4nia de posse na manh\u00e3 desta quarta. O ex-congressista e prefeito de Barra de S\u00e3o Miguel (AL) foi imediatamente atendido por socorristas da C\u00e2mara dos Deputados e est\u00e1 hospitalizado para realiza\u00e7\u00e3o de exames.<\/p>\n\n\n\n<p>Lira afirmou que buscar\u00e1 construir uma rela\u00e7\u00e3o com o Poder Executivo sem rela\u00e7\u00e3o de subordina\u00e7\u00e3o, mas um pacto para aprimorar e avan\u00e7ar nas pol\u00edticas p\u00fablicas, \u201ca partir da escuta cuidadosa de opini\u00f5es e sugest\u00f5es de nossas comiss\u00f5es\u201d. \u201cPodemos ter advers\u00e1rios, mas n\u00e3o somos inimigos uns dos outros. Essa vai ser a t\u00f4nica da C\u00e2mara nos pr\u00f3ximos anos\u201d, disse. Lira tamb\u00e9m afirmou que, se eleito, n\u00e3o concordar\u00e1 \u201cpassivamente\u201d com a invalida\u00e7\u00e3o dos atos, por recursos da minoria, em Tribunais Superiores.<\/p>\n\n\n\n<p>O parlamentar contou com apoio de 20 partidos: PT, PCdoB, PV PL, Uni\u00e3o Brasil, PP, MDB, PSD, Republicanos, PSDB, Cidadania, Podemos, PSC, PDT, PSB, Avante, Solidariedade, Pros, Patriota e PTB. O deputado Chico Alencar (PSOL-RJ) recebeu 21 votos. O deputado Marcel Van Hatten (Novo-RS) teve 19 votos. A vota\u00e7\u00e3o ainda teve cinco votos em branco. <\/p>\n\n\n\n<p>(Informa\u00e7\u00f5es: Ag\u00eancia Brasil\/ Foto: Valter Campanato\/Ag\u00eancia Brasil).<\/p>\n","protected":false},"excerpt":{"rendered":"<p>Lira est\u00e1 em seu quarto mandato O deputado Arthur Lira (PP-AL) foi reeleito nesta quarta-feira (1\u00ba\/02) para o cargo de presidente da C\u00e2mara dos Deputados por 464 votos. O parlamentar ficar\u00e1 no comando da Casa pelos pr\u00f3ximos dois anos. Arthur Lira est\u00e1 em seu quarto mandato e foi o candidato a deputado federal mais votado [&hellip;]<\/p>\n","protected":false},"author":1,"featured_media":18489,"comment_status":"open","ping_status":"open","sticky":false,"template":"","format":"standard","meta":{"rop_custom_images_group":[],"rop_custom_messages_group":[],"rop_publish_now":"initial","rop_publish_now_accounts":[],"rop_publish_now_history":[],"rop_publish_now_status":"pending","footnotes":""},"categories":[21],"tags":[4345,5133,2670,397,4002],"class_list":["post-18488","post","type-post","status-publish","format-standard","has-post-thumbnail","hentry","category-politica","tag-4345","tag-arthur-lira","tag-camara-federal","tag-presidente","tag-reeleito"],"_links":{"self":[{"href":"https:\/\/diariotribuna.com.br\/index.php?rest_route=\/wp\/v2\/posts\/18488"}],"collection":[{"href":"https:\/\/diariotribuna.com.br\/index.php?rest_route=\/wp\/v2\/posts"}],"about":[{"href":"https:\/\/diariotribuna.com.br\/index.php?rest_route=\/wp\/v2\/types\/post"}],"author":[{"embeddable":true,"href":"https:\/\/diariotribuna.com.br\/index.php?rest_route=\/wp\/v2\/users\/1"}],"replies":[{"embeddable":true,"href":"https:\/\/diariotribuna.com.br\/index.php?rest_route=%2Fwp%2Fv2%2Fcomments&post=18488"}],"version-history":[{"count":2,"href":"https:\/\/diariotribuna.com.br\/index.php?rest_route=\/wp\/v2\/posts\/18488\/revisions"}],"predecessor-version":[{"id":18491,"href":"https:\/\/diariotribuna.com.br\/index.php?rest_route=\/wp\/v2\/posts\/18488\/revisions\/18491"}],"wp:featuredmedia":[{"embeddable":true,"href":"https:\/\/diariotribuna.com.br\/index.php?rest_route=\/wp\/v2\/media\/18489"}],"wp:attachment":[{"href":"https:\/\/diariotribuna.com.br\/index.php?rest_route=%2Fwp%2Fv2%2Fmedia&parent=18488"}],"wp:term":[{"taxonomy":"category","embeddable":true,"href":"https:\/\/diariotribuna.com.br\/index.php?rest_route=%2Fwp%2Fv2%2Fcategories&post=18488"},{"taxonomy":"post_tag","embeddable":true,"href":"https:\/\/diariotribuna.com.br\/index.php?rest_route=%2Fwp%2Fv2%2Ftags&post=18488"}],"curies":[{"name":"wp","href":"https:\/\/api.w.org\/{rel}","templated":true}]}}