{"id":18492,"date":"2023-02-01T20:50:42","date_gmt":"2023-02-01T23:50:42","guid":{"rendered":"https:\/\/diariotribuna.com.br\/?p=18492"},"modified":"2023-02-01T20:50:43","modified_gmt":"2023-02-01T23:50:43","slug":"senador-rodrigo-pacheco-e-reeleito-presidente-do-senado-federal","status":"publish","type":"post","link":"https:\/\/diariotribuna.com.br\/?p=18492","title":{"rendered":"<strong>Senador Rodrigo Pacheco \u00e9 reeleito presidente do Senado Federal<\/strong>"},"content":{"rendered":"\n<figure class=\"wp-block-image size-full is-resized is-style-default\"><img loading=\"lazy\" decoding=\"async\" src=\"https:\/\/diariotribuna.com.br\/wp-content\/uploads\/2023\/02\/5e578d7b-91b6-4011-b309-975ee8a5c5c9.jpg\" alt=\"\" class=\"wp-image-18493\" width=\"456\" height=\"300\" srcset=\"https:\/\/diariotribuna.com.br\/wp-content\/uploads\/2023\/02\/5e578d7b-91b6-4011-b309-975ee8a5c5c9.jpg 700w, https:\/\/diariotribuna.com.br\/wp-content\/uploads\/2023\/02\/5e578d7b-91b6-4011-b309-975ee8a5c5c9-300x197.jpg 300w, https:\/\/diariotribuna.com.br\/wp-content\/uploads\/2023\/02\/5e578d7b-91b6-4011-b309-975ee8a5c5c9-696x457.jpg 696w, https:\/\/diariotribuna.com.br\/wp-content\/uploads\/2023\/02\/5e578d7b-91b6-4011-b309-975ee8a5c5c9-639x420.jpg 639w\" sizes=\"(max-width: 456px) 100vw, 456px\" \/><\/figure>\n\n\n\n<p><strong>Bras\u00edlia &#8211;<\/strong> Nesta quarta-feira (1\u00ba\/02), o senador Rodrigo Pacheco (PSD-MG) foi reconduzido \u00e0 presid\u00eancia do Senado Federal com 49 votos favor\u00e1veis de um total de 81, n\u00famero total de parlamentares da Casa. Pacheco foi eleito presidente pela primeira vez em 2021 e permanece por mais dois anos (2023-2025) no comando do Congresso.<\/p>\n\n\n\n<p>A segunda reuni\u00e3o preparat\u00f3ria da 57\u00ba Legislatura, que se iniciou hoje, foi conduzida pelo senador Veneziano Vital do R\u00eago (MDB-PB), vice-presidente do Senado, no Plen\u00e1rio da Casa. A terceira reuni\u00e3o preparat\u00f3ria, que dever\u00e1 eleger os demais membros da Mesa, foi convocada para quinta-feira (2), \u00e0s 10h.<\/p>\n\n\n\n<p>Al\u00e9m do atual presidente do Senado, outros dois senadores registraram candidaturas ao cargo. O senador Rog\u00e9rio Marinho (PL-RN) obteve 32 votos na disputa. O senador Eduardo Gir\u00e3o (Podemos-CE) retirou a sua candidatura.<\/p>\n\n\n\n<p>Ap\u00f3s o resultado da elei\u00e7\u00e3o, durante seu discurso, Rodrigo Pacheco reafirmou o compromisso pela busca da pacifica\u00e7\u00e3o e a manuten\u00e7\u00e3o do di\u00e1logo dos poderes da Rep\u00fablica e do pa\u00eds, feito na sua primeira elei\u00e7\u00e3o para a presid\u00eancia da Casa. Al\u00e9m disso, afirmou que segue sendo guiado pelos valores que sempre defendeu: o estado democr\u00e1tico de direito, as liberdades, a democracia, o desenvolvimento econ\u00f4mico e social e a Constitui\u00e7\u00e3o Federal. \u201cO recado que o Senado Federal d\u00e1 ao Brasil agora \u00e9 que manteremos a defesa intransigente da democracia\u201d, disse.<\/p>\n\n\n\n<p>Em rela\u00e7\u00e3o ao trabalho legislativo, Rodrigo Pacheco afirmou que o Congresso Nacional continuar\u00e1 produzindo normas em defesa das minorias, contra o racismo, a favor das mulheres, buscando solu\u00e7\u00f5es contra a desigualdade social, a fome e na preserva\u00e7\u00e3o do meio ambiente.<\/p>\n\n\n\n<p>\u201cSeremos colaborativos com o Poder Executivo para viabilizar medidas econ\u00f4micas que permitam a volta do crescimento e o desenvolvimento da infraestrutura nacional. Queremos estabelecer pontes e ajudar a construir solu\u00e7\u00f5es. N\u00e3o esperem de n\u00f3s menos do que isso\u201d, destacou.<\/p>\n\n\n\n<p><\/p>\n","protected":false},"excerpt":{"rendered":"<p>Bras\u00edlia &#8211; Nesta quarta-feira (1\u00ba\/02), o senador Rodrigo Pacheco (PSD-MG) foi reconduzido \u00e0 presid\u00eancia do Senado Federal com 49 votos favor\u00e1veis de um total de 81, n\u00famero total de parlamentares da Casa. Pacheco foi eleito presidente pela primeira vez em 2021 e permanece por mais dois anos (2023-2025) no comando do Congresso. A segunda reuni\u00e3o [&hellip;]<\/p>\n","protected":false},"author":1,"featured_media":18493,"comment_status":"open","ping_status":"open","sticky":false,"template":"","format":"standard","meta":{"rop_custom_images_group":[],"rop_custom_messages_group":[],"rop_publish_now":"initial","rop_publish_now_accounts":[],"rop_publish_now_history":[],"rop_publish_now_status":"pending","footnotes":""},"categories":[21],"tags":[4345,3914,397,4002,585,1683],"class_list":["post-18492","post","type-post","status-publish","format-standard","has-post-thumbnail","hentry","category-politica","tag-4345","tag-eleicao","tag-presidente","tag-reeleito","tag-rodrigo-pacheco","tag-senado"],"_links":{"self":[{"href":"https:\/\/diariotribuna.com.br\/index.php?rest_route=\/wp\/v2\/posts\/18492"}],"collection":[{"href":"https:\/\/diariotribuna.com.br\/index.php?rest_route=\/wp\/v2\/posts"}],"about":[{"href":"https:\/\/diariotribuna.com.br\/index.php?rest_route=\/wp\/v2\/types\/post"}],"author":[{"embeddable":true,"href":"https:\/\/diariotribuna.com.br\/index.php?rest_route=\/wp\/v2\/users\/1"}],"replies":[{"embeddable":true,"href":"https:\/\/diariotribuna.com.br\/index.php?rest_route=%2Fwp%2Fv2%2Fcomments&post=18492"}],"version-history":[{"count":1,"href":"https:\/\/diariotribuna.com.br\/index.php?rest_route=\/wp\/v2\/posts\/18492\/revisions"}],"predecessor-version":[{"id":18494,"href":"https:\/\/diariotribuna.com.br\/index.php?rest_route=\/wp\/v2\/posts\/18492\/revisions\/18494"}],"wp:featuredmedia":[{"embeddable":true,"href":"https:\/\/diariotribuna.com.br\/index.php?rest_route=\/wp\/v2\/media\/18493"}],"wp:attachment":[{"href":"https:\/\/diariotribuna.com.br\/index.php?rest_route=%2Fwp%2Fv2%2Fmedia&parent=18492"}],"wp:term":[{"taxonomy":"category","embeddable":true,"href":"https:\/\/diariotribuna.com.br\/index.php?rest_route=%2Fwp%2Fv2%2Fcategories&post=18492"},{"taxonomy":"post_tag","embeddable":true,"href":"https:\/\/diariotribuna.com.br\/index.php?rest_route=%2Fwp%2Fv2%2Ftags&post=18492"}],"curies":[{"name":"wp","href":"https:\/\/api.w.org\/{rel}","templated":true}]}}