{"id":18496,"date":"2023-02-02T09:59:34","date_gmt":"2023-02-02T12:59:34","guid":{"rendered":"https:\/\/diariotribuna.com.br\/?p=18496"},"modified":"2023-02-03T01:13:49","modified_gmt":"2023-02-03T04:13:49","slug":"pm-prende-homens-com-armas-de-fogo-e-municoes-dentro-de-veiculo","status":"publish","type":"post","link":"https:\/\/diariotribuna.com.br\/?p=18496","title":{"rendered":"<strong>PM prende homens com armas de fogo e muni\u00e7\u00f5es dentro de ve\u00edculo<\/strong>"},"content":{"rendered":"\n<figure class=\"wp-block-image size-full is-resized is-style-default\"><img loading=\"lazy\" decoding=\"async\" src=\"https:\/\/diariotribuna.com.br\/wp-content\/uploads\/2023\/02\/ef9dbe2f-15a2-437c-9d45-275e6aa935df-Copia-1.jpg\" alt=\"\" class=\"wp-image-18497\" width=\"520\" height=\"327\" srcset=\"https:\/\/diariotribuna.com.br\/wp-content\/uploads\/2023\/02\/ef9dbe2f-15a2-437c-9d45-275e6aa935df-Copia-1.jpg 700w, https:\/\/diariotribuna.com.br\/wp-content\/uploads\/2023\/02\/ef9dbe2f-15a2-437c-9d45-275e6aa935df-Copia-1-300x189.jpg 300w, https:\/\/diariotribuna.com.br\/wp-content\/uploads\/2023\/02\/ef9dbe2f-15a2-437c-9d45-275e6aa935df-Copia-1-696x437.jpg 696w, https:\/\/diariotribuna.com.br\/wp-content\/uploads\/2023\/02\/ef9dbe2f-15a2-437c-9d45-275e6aa935df-Copia-1-668x420.jpg 668w\" sizes=\"(max-width: 520px) 100vw, 520px\" \/><\/figure>\n\n\n\n<p><strong>Padre Para\u00edso<\/strong> \u2013 A Pol\u00edcia Militar recebeu den\u00fancias, na tarde de ter\u00e7a-feira (31\/01), informando sobre um ve\u00edculo com tr\u00eas ocupantes que estaria transitando na \u00e1rea central da cidade de Padre Para\u00edso, levantando suspeita. Os militares fizeram rastreamento e conseguiram localizar um ve\u00edculo VW Gol de cor cinza, ocupado por tr\u00eas pessoas, na Avenida Minas Gerais, e fez a abordagem.<\/p>\n\n\n\n<p>Fizera busca pessoal nas vestes de E.B.M., 21 anos, V.M.G, 19 e W.S.S, de 14 anos, e n\u00e3o localizaram nada de il\u00edcito com eles. Mas, em vistoria dentro do ve\u00edculo foram localizados um rev\u00f3lver calibre 38, marca CBC, municiada com 06 cartuchos intactos e 12 sobressalentes e 01 pistola marca Taurus, calibre 9mm e 12 sobressalentes.<\/p>\n\n\n\n<p>Questionados, eles disseram que estavam indo at\u00e9 a cidade de Almenara, mas n\u00e3o souberam explicar a origem dos objetos. Os maiores foram presos e o menor apreendido, e foram conduzidos \u00e0 delegacia de Pol\u00edcia Civil em Pedra Azul, junto com os materiais, para as provid\u00eancias cab\u00edveis \u00e0 pol\u00edcia judici\u00e1ria. (Informa\u00e7\u00f5es\/Foto: assessoria de comunica\u00e7\u00e3o do 70\u00ba BPM, Ara\u00e7ua\u00ed).<\/p>\n","protected":false},"excerpt":{"rendered":"<p>Padre Para\u00edso \u2013 A Pol\u00edcia Militar recebeu den\u00fancias, na tarde de ter\u00e7a-feira (31\/01), informando sobre um ve\u00edculo com tr\u00eas ocupantes que estaria transitando na \u00e1rea central da cidade de Padre Para\u00edso, levantando suspeita. Os militares fizeram rastreamento e conseguiram localizar um ve\u00edculo VW Gol de cor cinza, ocupado por tr\u00eas pessoas, na Avenida Minas Gerais, [&hellip;]<\/p>\n","protected":false},"author":1,"featured_media":18497,"comment_status":"open","ping_status":"open","sticky":false,"template":"","format":"standard","meta":{"rop_custom_images_group":[],"rop_custom_messages_group":[],"rop_publish_now":"initial","rop_publish_now_accounts":[],"rop_publish_now_history":[],"rop_publish_now_status":"pending","footnotes":""},"categories":[20],"tags":[5134,102,76,1416],"class_list":["post-18496","post","type-post","status-publish","format-standard","has-post-thumbnail","hentry","category-policia","tag-apreensao-de-armas-e-municoes","tag-padre-paraiso","tag-policia-militar","tag-presos"],"_links":{"self":[{"href":"https:\/\/diariotribuna.com.br\/index.php?rest_route=\/wp\/v2\/posts\/18496"}],"collection":[{"href":"https:\/\/diariotribuna.com.br\/index.php?rest_route=\/wp\/v2\/posts"}],"about":[{"href":"https:\/\/diariotribuna.com.br\/index.php?rest_route=\/wp\/v2\/types\/post"}],"author":[{"embeddable":true,"href":"https:\/\/diariotribuna.com.br\/index.php?rest_route=\/wp\/v2\/users\/1"}],"replies":[{"embeddable":true,"href":"https:\/\/diariotribuna.com.br\/index.php?rest_route=%2Fwp%2Fv2%2Fcomments&post=18496"}],"version-history":[{"count":1,"href":"https:\/\/diariotribuna.com.br\/index.php?rest_route=\/wp\/v2\/posts\/18496\/revisions"}],"predecessor-version":[{"id":18498,"href":"https:\/\/diariotribuna.com.br\/index.php?rest_route=\/wp\/v2\/posts\/18496\/revisions\/18498"}],"wp:featuredmedia":[{"embeddable":true,"href":"https:\/\/diariotribuna.com.br\/index.php?rest_route=\/wp\/v2\/media\/18497"}],"wp:attachment":[{"href":"https:\/\/diariotribuna.com.br\/index.php?rest_route=%2Fwp%2Fv2%2Fmedia&parent=18496"}],"wp:term":[{"taxonomy":"category","embeddable":true,"href":"https:\/\/diariotribuna.com.br\/index.php?rest_route=%2Fwp%2Fv2%2Fcategories&post=18496"},{"taxonomy":"post_tag","embeddable":true,"href":"https:\/\/diariotribuna.com.br\/index.php?rest_route=%2Fwp%2Fv2%2Ftags&post=18496"}],"curies":[{"name":"wp","href":"https:\/\/api.w.org\/{rel}","templated":true}]}}