{"id":18499,"date":"2023-02-02T21:34:58","date_gmt":"2023-02-03T00:34:58","guid":{"rendered":"https:\/\/diariotribuna.com.br\/?p=18499"},"modified":"2023-02-02T21:56:06","modified_gmt":"2023-02-03T00:56:06","slug":"trilhas-de-futuro-estudantes-interessados-em-aprender-novas-habilidades-e-profissoes-ja-podem-se-inscrever","status":"publish","type":"post","link":"https:\/\/diariotribuna.com.br\/?p=18499","title":{"rendered":"Trilhas de Futuro: estudantes interessados em aprender novas habilidades e profiss\u00f5es j\u00e1 podem se inscrever"},"content":{"rendered":"\n<h3 class=\"wp-block-heading\"><strong><em>Governo de Minas abre 40 mil vagas em cursos t\u00e9cnicos gratuitos. Cat\u00e1logo j\u00e1 est\u00e1 dispon\u00edvel e ganhou mais sete op\u00e7\u00f5es de cursos<\/em><\/strong><\/h3>\n\n\n\n<figure class=\"wp-block-image size-full is-resized is-style-default\"><img loading=\"lazy\" decoding=\"async\" src=\"https:\/\/diariotribuna.com.br\/wp-content\/uploads\/2023\/02\/unnamed-file.jpg\" alt=\"\" class=\"wp-image-18500\" width=\"515\" height=\"305\" srcset=\"https:\/\/diariotribuna.com.br\/wp-content\/uploads\/2023\/02\/unnamed-file.jpg 700w, https:\/\/diariotribuna.com.br\/wp-content\/uploads\/2023\/02\/unnamed-file-300x178.jpg 300w, https:\/\/diariotribuna.com.br\/wp-content\/uploads\/2023\/02\/unnamed-file-696x413.jpg 696w\" sizes=\"(max-width: 515px) 100vw, 515px\" \/><\/figure>\n\n\n\n<p>O Trilhas de Futuro est\u00e1 de volta. A partir desta quinta-feira (02\/02), os interessados em participar do programa j\u00e1 podem se inscrever em um dos 77 cursos t\u00e9cnicos gratuitos oferecidos nesta edi\u00e7\u00e3o. O<a rel=\"noreferrer noopener\" href=\"https:\/\/www.mg.gov.br\/\" target=\"_blank\">\u00a0Governo de Minas<\/a>, por meio da\u00a0<a rel=\"noreferrer noopener\" href=\"https:\/\/www2.educacao.mg.gov.br\/\" target=\"_blank\">Secretaria de Estado de Educa\u00e7\u00e3o<\/a>, abriu 40 mil novas vagas, distribu\u00eddas em institui\u00e7\u00f5es de ensino p\u00fablicas e privadas. Os interessados devem se inscrever por meio do site\u00a0<a rel=\"noreferrer noopener\" href=\"https:\/\/www.trilhasdefuturo.mg.gov.br\/\" target=\"_blank\">www.trilhasdefuturo.mg.gov.br<\/a>, at\u00e9 o dia 15\/02, prazo final.<br><br>A nova etapa o programa \u00e9 oferecida em mais dez munic\u00edpios, totalizando 124 onde h\u00e1 cursos dispon\u00edveis. Os estudantes contam com ajuda de custo para alimenta\u00e7\u00e3o e transporte. O cat\u00e1logo de cursos tamb\u00e9m ganhou mais sete op\u00e7\u00f5es: Planejamento e Controle de Produ\u00e7\u00e3o, Vigil\u00e2ncia em Sa\u00fade, Cibersistemas para Automa\u00e7\u00e3o, Agroind\u00fastria, Transporte de Cargas, Internet das Coisas IOT e Celulose e Papel. Os cursos oferecidos e as institui\u00e7\u00f5es em que ser\u00e3o ministrados constam no Cat\u00e1logo de Cursos, divulgado em 30\/01.<\/p>\n\n\n\n<p><strong>Quem pode se inscrever<\/strong> &#8211; Estudantes do 2\u00ba e 3\u00ba anos do ensino m\u00e9dio, das redes p\u00fablicas e particulares, da Educa\u00e7\u00e3o de Jovens e Adultos (EJA) &#8211; ensino m\u00e9dio, assim como pessoas que j\u00e1 conclu\u00edram essa etapa de ensino podem participar do programa. N\u00e3o h\u00e1 limite de idade para concorrer \u00e0s vagas, mas o processo de sele\u00e7\u00e3o determina crit\u00e9rios de ordem de prioridade e desempate. Todos os detalhes constam na Resolu\u00e7\u00e3o SEE n\u00b04.794, de 22\/11\/2022.\u00a0<\/p>\n\n\n\n<p><strong>Para realizar a inscri\u00e7\u00e3o no Trilhas de Futuro s\u00e3o necess\u00e1rios os seguintes dados:<\/strong><\/p>\n\n\n\n<p>_ Nome completo do candidato\/estudante;<br>_ Nome social;<br>_ Data de nascimento;<br>_ Sexo e ra\u00e7a;<br>_ Nacionalidade e naturalidade;<br>_ Endere\u00e7o completo, inclusive CEP;<br>_ Telefones de contato;<br>_ E-mail (se possuir);<br>_ CPF do aluno;<br>_ Nome e CPF da m\u00e3e\/pai ou respons\u00e1vel legal;<br>_ Declara\u00e7\u00e3o se o candidato\/estudante possui defici\u00eancia;<br>_ Escolaridade que possui no momento da inscri\u00e7\u00e3o;<br>_ Rede de ensino em que est\u00e1 cursando ou concluiu o ensino m\u00e9dio;<br>_ Indica\u00e7\u00e3o do curso de interesse, do turno, da institui\u00e7\u00e3o e do endere\u00e7o de prefer\u00eancia;<br>_ Informa\u00e7\u00e3o sobre ocupa\u00e7\u00e3o profissional.<br><br><strong>Matr\u00edculas<\/strong> &#8211; As matr\u00edculas dos estudantes selecionados no processo regular ser\u00e3o feitas, presencialmente e direto nas institui\u00e7\u00f5es escolhidas, entre os dias 27\/02 e 09\/03. A previs\u00e3o \u00e9 a de que as aulas comecem no m\u00eas de abril. Acesse o calend\u00e1rio do programa e confira as demais datas.\u00a0(Imprensa\/ Governo de Minas\/ Cr\u00e9dito da imagem: SEE\/Reprodu\u00e7\u00e3o).<\/p>\n","protected":false},"excerpt":{"rendered":"<p>Governo de Minas abre 40 mil vagas em cursos t\u00e9cnicos gratuitos. Cat\u00e1logo j\u00e1 est\u00e1 dispon\u00edvel e ganhou mais sete op\u00e7\u00f5es de cursos O Trilhas de Futuro est\u00e1 de volta. A partir desta quinta-feira (02\/02), os interessados em participar do programa j\u00e1 podem se inscrever em um dos 77 cursos t\u00e9cnicos gratuitos oferecidos nesta edi\u00e7\u00e3o. O\u00a0Governo [&hellip;]<\/p>\n","protected":false},"author":1,"featured_media":18500,"comment_status":"open","ping_status":"open","sticky":false,"template":"","format":"standard","meta":{"rop_custom_images_group":[],"rop_custom_messages_group":[],"rop_publish_now":"initial","rop_publish_now_accounts":[],"rop_publish_now_history":[],"rop_publish_now_status":"pending","footnotes":""},"categories":[25,19],"tags":[4345,357,5135,5136,3572],"class_list":["post-18499","post","type-post","status-publish","format-standard","has-post-thumbnail","hentry","category-destaque","category-gerais","tag-4345","tag-governo-de-minas","tag-inscricoes-abertas","tag-novos-cursos","tag-trilhas-de-futuro"],"_links":{"self":[{"href":"https:\/\/diariotribuna.com.br\/index.php?rest_route=\/wp\/v2\/posts\/18499"}],"collection":[{"href":"https:\/\/diariotribuna.com.br\/index.php?rest_route=\/wp\/v2\/posts"}],"about":[{"href":"https:\/\/diariotribuna.com.br\/index.php?rest_route=\/wp\/v2\/types\/post"}],"author":[{"embeddable":true,"href":"https:\/\/diariotribuna.com.br\/index.php?rest_route=\/wp\/v2\/users\/1"}],"replies":[{"embeddable":true,"href":"https:\/\/diariotribuna.com.br\/index.php?rest_route=%2Fwp%2Fv2%2Fcomments&post=18499"}],"version-history":[{"count":3,"href":"https:\/\/diariotribuna.com.br\/index.php?rest_route=\/wp\/v2\/posts\/18499\/revisions"}],"predecessor-version":[{"id":18505,"href":"https:\/\/diariotribuna.com.br\/index.php?rest_route=\/wp\/v2\/posts\/18499\/revisions\/18505"}],"wp:featuredmedia":[{"embeddable":true,"href":"https:\/\/diariotribuna.com.br\/index.php?rest_route=\/wp\/v2\/media\/18500"}],"wp:attachment":[{"href":"https:\/\/diariotribuna.com.br\/index.php?rest_route=%2Fwp%2Fv2%2Fmedia&parent=18499"}],"wp:term":[{"taxonomy":"category","embeddable":true,"href":"https:\/\/diariotribuna.com.br\/index.php?rest_route=%2Fwp%2Fv2%2Fcategories&post=18499"},{"taxonomy":"post_tag","embeddable":true,"href":"https:\/\/diariotribuna.com.br\/index.php?rest_route=%2Fwp%2Fv2%2Ftags&post=18499"}],"curies":[{"name":"wp","href":"https:\/\/api.w.org\/{rel}","templated":true}]}}