{"id":18585,"date":"2023-02-07T21:24:08","date_gmt":"2023-02-08T00:24:08","guid":{"rendered":"https:\/\/diariotribuna.com.br\/?p=18585"},"modified":"2023-02-07T21:24:14","modified_gmt":"2023-02-08T00:24:14","slug":"condutor-inabilitado-e-preso-apos-incendiar-veiculo-em-via-publica","status":"publish","type":"post","link":"https:\/\/diariotribuna.com.br\/?p=18585","title":{"rendered":"<strong>Condutor inabilitado \u00e9 preso ap\u00f3s incendiar ve\u00edculo em via p\u00fablica<\/strong>"},"content":{"rendered":"\n<figure class=\"wp-block-image size-full is-resized is-style-default\"><img loading=\"lazy\" decoding=\"async\" src=\"https:\/\/diariotribuna.com.br\/wp-content\/uploads\/2023\/02\/db4527af-a448-47f1-ad9a-349a412e1e28.jpg\" alt=\"\" class=\"wp-image-18586\" width=\"563\" height=\"348\" srcset=\"https:\/\/diariotribuna.com.br\/wp-content\/uploads\/2023\/02\/db4527af-a448-47f1-ad9a-349a412e1e28.jpg 600w, https:\/\/diariotribuna.com.br\/wp-content\/uploads\/2023\/02\/db4527af-a448-47f1-ad9a-349a412e1e28-300x186.jpg 300w, https:\/\/diariotribuna.com.br\/wp-content\/uploads\/2023\/02\/db4527af-a448-47f1-ad9a-349a412e1e28-356x220.jpg 356w\" sizes=\"(max-width: 563px) 100vw, 563px\" \/><figcaption class=\"wp-element-caption\"><strong>Foi necess\u00e1rio um grande esfor\u00e7o da equipe policial e de populares<\/strong><br><strong>para<\/strong> <strong>debelar o inc\u00eandio e restabelecer a seguran\u00e7a<\/strong><\/figcaption><\/figure>\n\n\n\n<p>Os policiais militares rodovi\u00e1rios realizavam opera\u00e7\u00e3o na rodovia MG 211, na cidade de Itaip\u00e9, nesta ter\u00e7a-feira (07\/02), quando abordaram um ve\u00edculo Ford Corcel II, no km 21, e percebendo o h\u00e1lito et\u00edlico do condutor, ele foi submetido ao teste do etil\u00f4metro, sendo constatado 0,17 MG\/L, o que configurou a infra\u00e7\u00e3o de tr\u00e2nsito.<\/p>\n\n\n\n<p>O tenente Reinaldo Martins informa que, durante a consulta no sistema informatizado detectou-se que o condutor era inabilitado, o ve\u00edculo apresentava o licenciamento ano 2020 e conforme determina a lei deveria ser removido ao p\u00e1tio conveniado. Mas, os militares aguardavam a chegada do guincho quando o condutor da Belina, que havia sa\u00eddo local, retornou e utilizando gasolina ateou fogo no carro em plena via p\u00fablica, na frente dos policiais.<\/p>\n\n\n\n<p>Foi necess\u00e1rio um grande esfor\u00e7o da equipe policial e de populares para debelar o inc\u00eandio e restabelecer a seguran\u00e7a. \u201cDestacamos e enaltecemos a a\u00e7\u00e3o r\u00e1pida dos policiais e da popula\u00e7\u00e3o, que impediram que o fogo se alastrasse e que ocorresse uma poss\u00edvel explos\u00e3o, que poderia atingir pessoas, ve\u00edculos e casas daquela localidade e terminar em trag\u00e9dia\u201d, disse o tenente Reinaldo.<\/p>\n\n\n\n<p>Segundo o tenente, diante da configura\u00e7\u00e3o do crime de \u201cinc\u00eandio\u201d, previsto no C\u00f3digo Penal Brasileiro, o propriet\u00e1rio do autom\u00f3vel foi preso em flagrante delito, encaminhado ao hospital da cidade de Itaip\u00e9, uma vez que alegou sentir-se mal com problemas de press\u00e3o, e logo em seguida conduzido a delegacia de Pol\u00edcia Civil em Novo Cruzeiro.<\/p>\n\n\n\n<figure class=\"wp-block-image size-full is-resized is-style-default\"><img loading=\"lazy\" decoding=\"async\" src=\"https:\/\/diariotribuna.com.br\/wp-content\/uploads\/2023\/02\/4dd7f123-e2fa-4441-b572-9dcdd3daef2a.jpg\" alt=\"\" class=\"wp-image-18587\" width=\"553\" height=\"358\" srcset=\"https:\/\/diariotribuna.com.br\/wp-content\/uploads\/2023\/02\/4dd7f123-e2fa-4441-b572-9dcdd3daef2a.jpg 700w, https:\/\/diariotribuna.com.br\/wp-content\/uploads\/2023\/02\/4dd7f123-e2fa-4441-b572-9dcdd3daef2a-300x194.jpg 300w, https:\/\/diariotribuna.com.br\/wp-content\/uploads\/2023\/02\/4dd7f123-e2fa-4441-b572-9dcdd3daef2a-696x450.jpg 696w, https:\/\/diariotribuna.com.br\/wp-content\/uploads\/2023\/02\/4dd7f123-e2fa-4441-b572-9dcdd3daef2a-649x420.jpg 649w\" sizes=\"(max-width: 553px) 100vw, 553px\" \/><figcaption class=\"wp-element-caption\"><strong>Os militares aguardavam a chegada do guincho quando o homem<br>ateou fogo no pr\u00f3prio ve\u00edculo<\/strong><\/figcaption><\/figure>\n\n\n\n<p>\u201cLamentavelmente ele trocou uma medida administrativa de remo\u00e7\u00e3o do ve\u00edculo por uma pris\u00e3o pela pr\u00e1tica do crime de \u00b4inc\u00eandio\u00b4, com pena prevista de 03 a 06 anos de reclus\u00e3o e multa, al\u00e9m da possibilidade de responder um processo criminal e ter gastos com advogados\u201d ressaltou o tenente.<\/p>\n\n\n\n<p>Ele informa que tem sido comum no pa\u00eds pessoas destru\u00edrem o seu patrim\u00f4nio (casa, m\u00f3veis ou ve\u00edculos) ap\u00f3s tomarem conhecimento das medidas que ser\u00e3o adotadas por autoridades, e acreditando que poderiam utilizar de qualquer recurso. Muitas delas usam o fogo, desconhecendo que \u201ccausar inc\u00eandio, expondo a perigo a vida, a integridade f\u00edsica ou o patrim\u00f4nio de outrem\u201d, configura crime grave pass\u00edvel de pris\u00e3o.<\/p>\n\n\n\n<p>\u201cA Pol\u00edcia Militar Rodovi\u00e1ria reconhece \u00e0s dificuldades que muitos propriet\u00e1rios de ve\u00edculos passam para mant\u00ea-los, mas as provid\u00eancias de tr\u00e2nsito s\u00e3o adotadas conforme preconiza \u00e0 legisla\u00e7\u00e3o, com objetivo de manter a seguran\u00e7a vi\u00e1ria, inibindo condutores embriagados, inabilitados, ve\u00edculos sem condi\u00e7\u00f5es de seguran\u00e7a, dentre outros fatores. Vale salientar que n\u00e3o temos o prop\u00f3sito de prender pessoas de bem ou remover ve\u00edculos, mas dependendo do caso concreto tais medidas s\u00e3o previstas e obrigat\u00f3rias\u201d, frisou. Equipe: sargento \u00c1tila, cabo Vieira. (Informa\u00e7\u00f5es\/Fotos: tenente Reinaldo Martins, comandante do 1\u00ba Pel\/ 15\u00aa Cia PM RV). <\/p>\n\n\n\n<p><\/p>\n","protected":false},"excerpt":{"rendered":"<p>Os policiais militares rodovi\u00e1rios realizavam opera\u00e7\u00e3o na rodovia MG 211, na cidade de Itaip\u00e9, nesta ter\u00e7a-feira (07\/02), quando abordaram um ve\u00edculo Ford Corcel II, no km 21, e percebendo o h\u00e1lito et\u00edlico do condutor, ele foi submetido ao teste do etil\u00f4metro, sendo constatado 0,17 MG\/L, o que configurou a infra\u00e7\u00e3o de tr\u00e2nsito. O tenente Reinaldo [&hellip;]<\/p>\n","protected":false},"author":1,"featured_media":18586,"comment_status":"open","ping_status":"open","sticky":false,"template":"","format":"standard","meta":{"rop_custom_images_group":[],"rop_custom_messages_group":[],"rop_publish_now":"initial","rop_publish_now_accounts":[],"rop_publish_now_history":[],"rop_publish_now_status":"pending","footnotes":""},"categories":[25,20],"tags":[1802,4421,5156,665,1030],"class_list":["post-18585","post","type-post","status-publish","format-standard","has-post-thumbnail","hentry","category-destaque","category-policia","tag-condutor-preso","tag-inabilitado","tag-incendio-em-veiculo","tag-itaipe","tag-policia-militar-rodoviaria"],"_links":{"self":[{"href":"https:\/\/diariotribuna.com.br\/index.php?rest_route=\/wp\/v2\/posts\/18585"}],"collection":[{"href":"https:\/\/diariotribuna.com.br\/index.php?rest_route=\/wp\/v2\/posts"}],"about":[{"href":"https:\/\/diariotribuna.com.br\/index.php?rest_route=\/wp\/v2\/types\/post"}],"author":[{"embeddable":true,"href":"https:\/\/diariotribuna.com.br\/index.php?rest_route=\/wp\/v2\/users\/1"}],"replies":[{"embeddable":true,"href":"https:\/\/diariotribuna.com.br\/index.php?rest_route=%2Fwp%2Fv2%2Fcomments&post=18585"}],"version-history":[{"count":1,"href":"https:\/\/diariotribuna.com.br\/index.php?rest_route=\/wp\/v2\/posts\/18585\/revisions"}],"predecessor-version":[{"id":18588,"href":"https:\/\/diariotribuna.com.br\/index.php?rest_route=\/wp\/v2\/posts\/18585\/revisions\/18588"}],"wp:featuredmedia":[{"embeddable":true,"href":"https:\/\/diariotribuna.com.br\/index.php?rest_route=\/wp\/v2\/media\/18586"}],"wp:attachment":[{"href":"https:\/\/diariotribuna.com.br\/index.php?rest_route=%2Fwp%2Fv2%2Fmedia&parent=18585"}],"wp:term":[{"taxonomy":"category","embeddable":true,"href":"https:\/\/diariotribuna.com.br\/index.php?rest_route=%2Fwp%2Fv2%2Fcategories&post=18585"},{"taxonomy":"post_tag","embeddable":true,"href":"https:\/\/diariotribuna.com.br\/index.php?rest_route=%2Fwp%2Fv2%2Ftags&post=18585"}],"curies":[{"name":"wp","href":"https:\/\/api.w.org\/{rel}","templated":true}]}}