{"id":18879,"date":"2023-02-24T22:32:35","date_gmt":"2023-02-25T01:32:35","guid":{"rendered":"https:\/\/diariotribuna.com.br\/?p=18879"},"modified":"2023-02-24T23:00:11","modified_gmt":"2023-02-25T02:00:11","slug":"homem-que-tentou-matar-o-proprio-irmao-com-golpes-de-facao-e-preso-em-carai","status":"publish","type":"post","link":"https:\/\/diariotribuna.com.br\/?p=18879","title":{"rendered":"<strong>Homem que tentou matar o pr\u00f3prio irm\u00e3o com golpes de fac\u00e3o \u00e9 preso em Cara\u00ed<\/strong>"},"content":{"rendered":"\n<p><strong><em>O homem foi preso pela Pol\u00edcia Rodovi\u00e1ria Federal de Itaobim e pol\u00edcias Civil e Militar de Te\u00f3filo Otoni<\/em><\/strong><\/p>\n\n\n\n<figure class=\"wp-block-image size-full is-resized is-style-default\"><img loading=\"lazy\" decoding=\"async\" src=\"https:\/\/diariotribuna.com.br\/wp-content\/uploads\/2023\/02\/4289b6fb-0441-47c0-abda-cca614f3caca.jpg\" alt=\"\" class=\"wp-image-18880\" width=\"495\" height=\"278\" srcset=\"https:\/\/diariotribuna.com.br\/wp-content\/uploads\/2023\/02\/4289b6fb-0441-47c0-abda-cca614f3caca.jpg 700w, https:\/\/diariotribuna.com.br\/wp-content\/uploads\/2023\/02\/4289b6fb-0441-47c0-abda-cca614f3caca-300x168.jpg 300w, https:\/\/diariotribuna.com.br\/wp-content\/uploads\/2023\/02\/4289b6fb-0441-47c0-abda-cca614f3caca-696x391.jpg 696w\" sizes=\"(max-width: 495px) 100vw, 495px\" \/><\/figure>\n\n\n\n<p>Na madrugada desta sexta-feira (24\/02), por volta das 3h, no Km 192 da BR-116 na cidade de Cara\u00ed, uma equipe da Pol\u00edcia Rodovi\u00e1ria Federal de Itaobim prendeu o indiv\u00edduo de iniciais R.C.S., de 49 anos, que havia atentado contra a vida do seu pr\u00f3prio irm\u00e3o, de 47 anos, devido a desaven\u00e7as familiares por quest\u00f5es de heran\u00e7a. R.C.S. atacou seu irm\u00e3o a golpes de fac\u00e3o no pesco\u00e7o e nas m\u00e3os, causando com isso ferimentos graves e amputa\u00e7\u00e3o de membros.<\/p>\n\n\n\n<p>Ap\u00f3s o ocorrido as for\u00e7as de seguran\u00e7a foram acionadas e obtiveram a informa\u00e7\u00e3o que o criminoso estava se deslocando para regi\u00e3o Norte de Minas. As for\u00e7as policiais: PRF, Pol\u00edcia Civil e Pol\u00edcia Militar de Te\u00f3filo Otoni organizaram um cerco para capturar o homem que se deslocava em um ve\u00edculo Honda\/City, cor cinza, com placas de Belo Horizonte.<\/p>\n\n\n\n<p>As equipes mantiveram-se empenhadas durante o dia e a madrugada, quando o ve\u00edculo foi avistado na cidade de Cara\u00ed com destino a Padre Para\u00edso. Foi dado ordem de parada e ele confessou o crime, sendo conduzido pela PRF para a delegacia de Pol\u00edcia Civil de Te\u00f3filo Otoni e seu ve\u00edculo encaminhado para o p\u00e1tio da Pol\u00edcia Civil. O crime aconteceu na quinta-feira (23\/02), por volta das 7h da manh\u00e3, em Brumadinho. (Informa\u00e7\u00f5es\/Foto: PRF\/ Te\u00f3filo Otoni).<\/p>\n","protected":false},"excerpt":{"rendered":"<p>O homem foi preso pela Pol\u00edcia Rodovi\u00e1ria Federal de Itaobim e pol\u00edcias Civil e Militar de Te\u00f3filo Otoni Na madrugada desta sexta-feira (24\/02), por volta das 3h, no Km 192 da BR-116 na cidade de Cara\u00ed, uma equipe da Pol\u00edcia Rodovi\u00e1ria Federal de Itaobim prendeu o indiv\u00edduo de iniciais R.C.S., de 49 anos, que havia [&hellip;]<\/p>\n","protected":false},"author":1,"featured_media":18880,"comment_status":"open","ping_status":"open","sticky":false,"template":"","format":"standard","meta":{"rop_custom_images_group":[],"rop_custom_messages_group":[],"rop_publish_now":"initial","rop_publish_now_accounts":[],"rop_publish_now_history":[],"rop_publish_now_status":"pending","footnotes":""},"categories":[25,20],"tags":[1315,5205,292,76,2029,649,2043],"class_list":["post-18879","post","type-post","status-publish","format-standard","has-post-thumbnail","hentry","category-destaque","category-policia","tag-brumadinho","tag-irmao-tenta-matar-irmao","tag-policia-civil","tag-policia-militar","tag-policia-rodoviaria-federal","tag-prisao","tag-tentativa-de-homicidio"],"_links":{"self":[{"href":"https:\/\/diariotribuna.com.br\/index.php?rest_route=\/wp\/v2\/posts\/18879"}],"collection":[{"href":"https:\/\/diariotribuna.com.br\/index.php?rest_route=\/wp\/v2\/posts"}],"about":[{"href":"https:\/\/diariotribuna.com.br\/index.php?rest_route=\/wp\/v2\/types\/post"}],"author":[{"embeddable":true,"href":"https:\/\/diariotribuna.com.br\/index.php?rest_route=\/wp\/v2\/users\/1"}],"replies":[{"embeddable":true,"href":"https:\/\/diariotribuna.com.br\/index.php?rest_route=%2Fwp%2Fv2%2Fcomments&post=18879"}],"version-history":[{"count":2,"href":"https:\/\/diariotribuna.com.br\/index.php?rest_route=\/wp\/v2\/posts\/18879\/revisions"}],"predecessor-version":[{"id":18882,"href":"https:\/\/diariotribuna.com.br\/index.php?rest_route=\/wp\/v2\/posts\/18879\/revisions\/18882"}],"wp:featuredmedia":[{"embeddable":true,"href":"https:\/\/diariotribuna.com.br\/index.php?rest_route=\/wp\/v2\/media\/18880"}],"wp:attachment":[{"href":"https:\/\/diariotribuna.com.br\/index.php?rest_route=%2Fwp%2Fv2%2Fmedia&parent=18879"}],"wp:term":[{"taxonomy":"category","embeddable":true,"href":"https:\/\/diariotribuna.com.br\/index.php?rest_route=%2Fwp%2Fv2%2Fcategories&post=18879"},{"taxonomy":"post_tag","embeddable":true,"href":"https:\/\/diariotribuna.com.br\/index.php?rest_route=%2Fwp%2Fv2%2Ftags&post=18879"}],"curies":[{"name":"wp","href":"https:\/\/api.w.org\/{rel}","templated":true}]}}