{"id":18883,"date":"2023-02-25T00:32:48","date_gmt":"2023-02-25T03:32:48","guid":{"rendered":"https:\/\/diariotribuna.com.br\/?p=18883"},"modified":"2023-02-25T00:34:13","modified_gmt":"2023-02-25T03:34:13","slug":"carnaval-da-liberdade","status":"publish","type":"post","link":"https:\/\/diariotribuna.com.br\/?p=18883","title":{"rendered":"Carnaval da Liberdade"},"content":{"rendered":"\n<p><strong>Governo de Minas Gerais, Cemig e Instituto In-Cena apresentam: \u201cDo Mucuri ao Jequitinhonha &#8211; Circuito Carnavalesco de Rua\u201d<\/strong><\/p>\n\n\n\n<figure class=\"wp-block-image size-full is-resized is-style-default\"><img loading=\"lazy\" decoding=\"async\" src=\"https:\/\/diariotribuna.com.br\/wp-content\/uploads\/2023\/02\/2e6f1ecc-472e-4b40-81c9-b9e499429dc0.jpg\" alt=\"\" class=\"wp-image-18884\" width=\"395\" height=\"494\" srcset=\"https:\/\/diariotribuna.com.br\/wp-content\/uploads\/2023\/02\/2e6f1ecc-472e-4b40-81c9-b9e499429dc0.jpg 700w, https:\/\/diariotribuna.com.br\/wp-content\/uploads\/2023\/02\/2e6f1ecc-472e-4b40-81c9-b9e499429dc0-240x300.jpg 240w, https:\/\/diariotribuna.com.br\/wp-content\/uploads\/2023\/02\/2e6f1ecc-472e-4b40-81c9-b9e499429dc0-696x870.jpg 696w, https:\/\/diariotribuna.com.br\/wp-content\/uploads\/2023\/02\/2e6f1ecc-472e-4b40-81c9-b9e499429dc0-336x420.jpg 336w\" sizes=\"(max-width: 395px) 100vw, 395px\" \/><\/figure>\n\n\n\n<h2 class=\"wp-block-heading\"><strong>A festa mais popular do Brasil continua!<\/strong><\/h2>\n\n\n\n<p>Nos dias 23, 24, 25 e 26 de fevereiro, as cidades de \u00c1guas Formosas, Pav\u00e3o, Te\u00f3filo Otoni e Minas Novas est\u00e3o recebendo uma programa\u00e7\u00e3o incr\u00edvel, com cortejo, marchinhas carnavalescas, shows diversos nos coretos das pra\u00e7as e concurso de fantasias. <strong>Confira a programa\u00e7\u00e3o e divirta-se:<\/strong><\/p>\n\n\n\n<h2 class=\"wp-block-heading\"><strong>PROGRAMA\u00c7\u00c3O:<\/strong><\/h2>\n\n\n\n<h3 class=\"wp-block-heading\"><strong>23\/02 \u2013 \u00c1guas Formosas<\/strong><\/h3>\n\n\n\n<p>19h \u2013 Concentra\u00e7\u00e3o no Coreto da Pra\u00e7a Minas Gerais e Feirinha \u00c1guas Belas<\/p>\n\n\n\n<p>20h \u2013 Cortejo Carnavalesco com participa\u00e7\u00e3o de Unidos do Samba, Tambores do Mucuri, Bloco da Sa\u00fade (dengue\/ DST &#8211; CTA\/ NASF), ONG Vale Viver, APAE, Secretaria de Assist\u00eancia Social e Escola Estadual de \u00c1gua Quente\/ \u00c1guas Formosas<\/p>\n\n\n\n<p>21h \u2013 Concurso de Fantasias<\/p>\n\n\n\n<p>21h30 \u2013 Show com Luciene Lemos e Unidos do Samba no Coreto Pra\u00e7a Minas Gerais.<\/p>\n\n\n\n<p>23h30 \u2013 Show local com DJ IRO no Coreto Pra\u00e7a Minas Gerais. Participa\u00e7\u00e3o Internacional do DJ Sebastian Losebic?\/Rom\u00eania.<\/p>\n\n\n\n<h3 class=\"wp-block-heading\">&nbsp;<strong>24\/02 \u2013 Pav\u00e3o<\/strong><\/h3>\n\n\n\n<p>18h \u2013 A\u00e7\u00e3o Carnavalesca dos Tambores do Mucuri no Bairro Cidade Alta<\/p>\n\n\n\n<p>19h \u2013 Concentra\u00e7\u00e3o no Coreto da Pra\u00e7a Lourival Barbosa<\/p>\n\n\n\n<p>20h \u2013 Cortejo Carnavalesco com Unidos do Samba, Tambores do Mucuri, Bloco da Juventude e Terceira Idade de Pav\u00e3o<\/p>\n\n\n\n<p>21h \u2013 Show local com Helder Ribeiro no Coreto da Pra\u00e7a Lourival Barbosa.<\/p>\n\n\n\n<p>21h30 \u2013 Concurso de Fantasias<\/p>\n\n\n\n<p>22h \u2013 Show com Luciene Lemos e Unidos do Samba no Coreto da Pra\u00e7a Lourival Barbosa. Participa\u00e7\u00e3o Internacional do DJ Sebastian Losebic?\/Rom\u00eania.<\/p>\n\n\n\n<h3 class=\"wp-block-heading\"><strong>25\/02 \u2013 Te\u00f3filo Otoni<\/strong><\/h3>\n\n\n\n<p>19h \u2013 Concentra\u00e7\u00e3o no Coreto da Pra\u00e7a Tiradentes<\/p>\n\n\n\n<p>20h \u2013 Cortejo Carnavalesco com Unidos do Samba, Tambores do Mucuri e Vidas Idosas Importam, Bloco \u201cPega o Guanabara e Vem\u201d do Caps AD de Te\u00f3filo Otoni.<\/p>\n\n\n\n<p>21h \u2013 Show local com Al\u00f4 Comunidade no Coreto da Pra\u00e7a Tiradentes.<\/p>\n\n\n\n<p>21h30 \u2013 Concurso de Fantasias<\/p>\n\n\n\n<p>22h \u2013 Show com Luciene Lemos e Unidos do Samba no Coreto da Pra\u00e7a Tiradentes. Participa\u00e7\u00e3o Internacional do DJ Sebastian Losebic?\/Rom\u00eania.<\/p>\n\n\n\n<h3 class=\"wp-block-heading\"><strong>26\/02 \u2013 Minas Novas<\/strong><\/h3>\n\n\n\n<p>19h \u2013 Concentra\u00e7\u00e3o no Coreto da Pra\u00e7a Dr. Badar\u00f3<\/p>\n\n\n\n<p>20h \u2013 Cortejo Carnavalesco com Unidos do Samba, Tambores do Mucuri, Bloco da APAE, Blocos Flor de Fevereiro e Grupo Corpo.<\/p>\n\n\n\n<p>21h \u2013 Show local com Nilson Lages no Coreto da Pra\u00e7a Dr. Badar\u00f3.<\/p>\n\n\n\n<p>21h30 \u2013 Concurso de Fantasias<\/p>\n\n\n\n<p>22h \u2013 Show com Luciene Lemos e Unidos do Samba no Coreto da Pra\u00e7a Dr. Badar\u00f3. Participa\u00e7\u00e3o Internacional do DJ Sebastian Losebic?\/Rom\u00eania.<\/p>\n\n\n\n<h3 class=\"wp-block-heading\"><strong>27\/02 \u2013 Minas Novas<\/strong><\/h3>\n\n\n\n<p>8h \u2013 Local: Sobrad\u00e3o \u2013 Roda de conversa sobre cultura carnavalesca entre agentes e produtores, com a finalidade de trocar experi\u00eancias e realizar a avalia\u00e7\u00e3o do projeto.<\/p>\n\n\n\n<p><strong>Patroc\u00ednio:<\/strong> Cemig 70 anos<\/p>\n\n\n\n<p><strong>Realiza\u00e7\u00e3o:<\/strong> Governo de Minas Gerais e Instituto In-Cena<\/p>\n\n\n\n<p><strong>Parcerias:<\/strong> Prefeitura de Minas Novas, UFVJM, Tambores do Mucuri, Circuito Tur\u00edstico das Pedras Preciosas, Caf\u00e9 Mucuri<\/p>\n\n\n\n<pre class=\"wp-block-verse\"><strong>VEJA MOMENTOS DO EVENTO NAS CIDADES DA REGI\u00c3O<\/strong><\/pre>\n\n\n\n<figure class=\"wp-block-gallery has-nested-images columns-default is-cropped wp-block-gallery-1 is-layout-flex wp-block-gallery-is-layout-flex\">\n<figure class=\"wp-block-image size-large is-style-default\"><img loading=\"lazy\" decoding=\"async\" width=\"600\" height=\"368\" data-id=\"18886\" src=\"https:\/\/diariotribuna.com.br\/wp-content\/uploads\/2023\/02\/7b767d58-92c6-4487-beaf-681485ffc713.jpg\" alt=\"\" class=\"wp-image-18886\" srcset=\"https:\/\/diariotribuna.com.br\/wp-content\/uploads\/2023\/02\/7b767d58-92c6-4487-beaf-681485ffc713.jpg 600w, https:\/\/diariotribuna.com.br\/wp-content\/uploads\/2023\/02\/7b767d58-92c6-4487-beaf-681485ffc713-300x184.jpg 300w\" sizes=\"(max-width: 600px) 100vw, 600px\" \/><\/figure>\n\n\n\n<figure class=\"wp-block-image size-large is-style-default\"><img loading=\"lazy\" decoding=\"async\" width=\"600\" height=\"368\" data-id=\"18887\" src=\"https:\/\/diariotribuna.com.br\/wp-content\/uploads\/2023\/02\/158f1516-0c79-4ef8-8778-e863f0b43ebd.jpg\" alt=\"\" class=\"wp-image-18887\" srcset=\"https:\/\/diariotribuna.com.br\/wp-content\/uploads\/2023\/02\/158f1516-0c79-4ef8-8778-e863f0b43ebd.jpg 600w, https:\/\/diariotribuna.com.br\/wp-content\/uploads\/2023\/02\/158f1516-0c79-4ef8-8778-e863f0b43ebd-300x184.jpg 300w\" sizes=\"(max-width: 600px) 100vw, 600px\" \/><\/figure>\n\n\n\n<figure class=\"wp-block-image size-large is-style-default\"><img loading=\"lazy\" decoding=\"async\" width=\"600\" height=\"382\" data-id=\"18888\" src=\"https:\/\/diariotribuna.com.br\/wp-content\/uploads\/2023\/02\/325d2700-296a-4f08-a0b0-4b85cd164a80.jpg\" alt=\"\" class=\"wp-image-18888\" srcset=\"https:\/\/diariotribuna.com.br\/wp-content\/uploads\/2023\/02\/325d2700-296a-4f08-a0b0-4b85cd164a80.jpg 600w, https:\/\/diariotribuna.com.br\/wp-content\/uploads\/2023\/02\/325d2700-296a-4f08-a0b0-4b85cd164a80-300x191.jpg 300w\" sizes=\"(max-width: 600px) 100vw, 600px\" \/><\/figure>\n\n\n\n<figure class=\"wp-block-image size-large is-style-default\"><img loading=\"lazy\" decoding=\"async\" width=\"600\" height=\"368\" data-id=\"18890\" src=\"https:\/\/diariotribuna.com.br\/wp-content\/uploads\/2023\/02\/333309507_1623842051386914_2824573967122259903_n.jpg\" alt=\"\" class=\"wp-image-18890\" srcset=\"https:\/\/diariotribuna.com.br\/wp-content\/uploads\/2023\/02\/333309507_1623842051386914_2824573967122259903_n.jpg 600w, https:\/\/diariotribuna.com.br\/wp-content\/uploads\/2023\/02\/333309507_1623842051386914_2824573967122259903_n-300x184.jpg 300w\" sizes=\"(max-width: 600px) 100vw, 600px\" \/><\/figure>\n\n\n\n<figure class=\"wp-block-image size-large is-style-default\"><img loading=\"lazy\" decoding=\"async\" width=\"600\" height=\"397\" data-id=\"18885\" src=\"https:\/\/diariotribuna.com.br\/wp-content\/uploads\/2023\/02\/1a730c92-119d-4c89-9e8c-826d5f3d9aba.jpg\" alt=\"\" class=\"wp-image-18885\" srcset=\"https:\/\/diariotribuna.com.br\/wp-content\/uploads\/2023\/02\/1a730c92-119d-4c89-9e8c-826d5f3d9aba.jpg 600w, https:\/\/diariotribuna.com.br\/wp-content\/uploads\/2023\/02\/1a730c92-119d-4c89-9e8c-826d5f3d9aba-300x199.jpg 300w\" sizes=\"(max-width: 600px) 100vw, 600px\" \/><\/figure>\n<\/figure>\n","protected":false},"excerpt":{"rendered":"<p>Governo de Minas Gerais, Cemig e Instituto In-Cena apresentam: \u201cDo Mucuri ao Jequitinhonha &#8211; Circuito Carnavalesco de Rua\u201d A festa mais popular do Brasil continua! Nos dias 23, 24, 25 e 26 de fevereiro, as cidades de \u00c1guas Formosas, Pav\u00e3o, Te\u00f3filo Otoni e Minas Novas est\u00e3o recebendo uma programa\u00e7\u00e3o incr\u00edvel, com cortejo, marchinhas carnavalescas, shows [&hellip;]<\/p>\n","protected":false},"author":1,"featured_media":18884,"comment_status":"open","ping_status":"open","sticky":false,"template":"","format":"standard","meta":{"rop_custom_images_group":[],"rop_custom_messages_group":[],"rop_publish_now":"initial","rop_publish_now_accounts":[],"rop_publish_now_history":[],"rop_publish_now_status":"pending","footnotes":""},"categories":[18],"tags":[4345,5206,72,1197,357,2856],"class_list":["post-18883","post","type-post","status-publish","format-standard","has-post-thumbnail","hentry","category-regiao","tag-4345","tag-carnavalesco-de-rua","tag-cemig","tag-cultura","tag-governo-de-minas","tag-in-cena"],"_links":{"self":[{"href":"https:\/\/diariotribuna.com.br\/index.php?rest_route=\/wp\/v2\/posts\/18883"}],"collection":[{"href":"https:\/\/diariotribuna.com.br\/index.php?rest_route=\/wp\/v2\/posts"}],"about":[{"href":"https:\/\/diariotribuna.com.br\/index.php?rest_route=\/wp\/v2\/types\/post"}],"author":[{"embeddable":true,"href":"https:\/\/diariotribuna.com.br\/index.php?rest_route=\/wp\/v2\/users\/1"}],"replies":[{"embeddable":true,"href":"https:\/\/diariotribuna.com.br\/index.php?rest_route=%2Fwp%2Fv2%2Fcomments&post=18883"}],"version-history":[{"count":2,"href":"https:\/\/diariotribuna.com.br\/index.php?rest_route=\/wp\/v2\/posts\/18883\/revisions"}],"predecessor-version":[{"id":18893,"href":"https:\/\/diariotribuna.com.br\/index.php?rest_route=\/wp\/v2\/posts\/18883\/revisions\/18893"}],"wp:featuredmedia":[{"embeddable":true,"href":"https:\/\/diariotribuna.com.br\/index.php?rest_route=\/wp\/v2\/media\/18884"}],"wp:attachment":[{"href":"https:\/\/diariotribuna.com.br\/index.php?rest_route=%2Fwp%2Fv2%2Fmedia&parent=18883"}],"wp:term":[{"taxonomy":"category","embeddable":true,"href":"https:\/\/diariotribuna.com.br\/index.php?rest_route=%2Fwp%2Fv2%2Fcategories&post=18883"},{"taxonomy":"post_tag","embeddable":true,"href":"https:\/\/diariotribuna.com.br\/index.php?rest_route=%2Fwp%2Fv2%2Ftags&post=18883"}],"curies":[{"name":"wp","href":"https:\/\/api.w.org\/{rel}","templated":true}]}}