{"id":18902,"date":"2023-02-26T00:14:13","date_gmt":"2023-02-26T03:14:13","guid":{"rendered":"https:\/\/diariotribuna.com.br\/?p=18902"},"modified":"2023-02-26T00:19:04","modified_gmt":"2023-02-26T03:19:04","slug":"policia-militar-apreende-pistola-380-e-varias-municoes-em-padre-paraiso","status":"publish","type":"post","link":"https:\/\/diariotribuna.com.br\/?p=18902","title":{"rendered":"Pol\u00edcia Militar apreende pistola .380 e v\u00e1rias muni\u00e7\u00f5es em Padre Para\u00edso"},"content":{"rendered":"\n<h3 class=\"wp-block-heading\"><strong><em>Um homem foi preso por porte ilegal de arma de fogo<\/em><\/strong><\/h3>\n\n\n\n<figure class=\"wp-block-image size-full is-resized is-style-default\"><img loading=\"lazy\" decoding=\"async\" src=\"https:\/\/diariotribuna.com.br\/wp-content\/uploads\/2023\/02\/80f4148d-c70c-4764-90a2-f6795586d7cf.jpg\" alt=\"\" class=\"wp-image-18903\" width=\"536\" height=\"317\" srcset=\"https:\/\/diariotribuna.com.br\/wp-content\/uploads\/2023\/02\/80f4148d-c70c-4764-90a2-f6795586d7cf.jpg 700w, https:\/\/diariotribuna.com.br\/wp-content\/uploads\/2023\/02\/80f4148d-c70c-4764-90a2-f6795586d7cf-300x177.jpg 300w, https:\/\/diariotribuna.com.br\/wp-content\/uploads\/2023\/02\/80f4148d-c70c-4764-90a2-f6795586d7cf-696x412.jpg 696w\" sizes=\"(max-width: 536px) 100vw, 536px\" \/><\/figure>\n\n\n\n<p><strong>Padre Para\u00edso &#8211;<\/strong> A Pol\u00edcia Militar fazia patrulhamento, na sexta-feira (24\/02), na Avenida Minas Gerais, em Padre Para\u00edso, em raz\u00e3o de ocorr\u00eancias contra o patrim\u00f4nio em cidades circunvizinhas, quando os militares procederam abordagem de v\u00e1rios ve\u00edculos suspeitos nas imedia\u00e7\u00f5es de um posto de combust\u00edveis da cidade.<\/p>\n\n\n\n<p>Em um dos ve\u00edculos estava um homem com caracter\u00edsticas n\u00e3o conhecidas, e o ve\u00edculo foi seguido e abordado nas proximidades do Bairro Caldeir\u00f5es, tendo os dois ocupantes abandonado o autom\u00f3vel e fugido sentido \u00e0 vegeta\u00e7\u00e3o nas margens da rodovia. Num determinado momento os militares tiveram que efetuar disparos de arma de fogo contra um deles, que estava com arma de fogo em punho, mas n\u00e3o acertou nenhum, e eles fugiram pela mata.<\/p>\n\n\n\n<p>Durante as dilig\u00eancias para localizar os envolvidos foram encontrados v\u00e1rios materiais, dentro do mato, onde os dois fugiram, inclusive uma arma de fogo e v\u00e1rias muni\u00e7\u00f5es. Um dos autores foi localizado em uma estrada vicinal e preso em flagrante, o outro conseguiu fugir. O preso foi conduzido \u00e0 delegacia de Pol\u00edcia Civil de Pedra Azul junto com os materiais para as provid\u00eancias de pol\u00edcia judici\u00e1ria.<\/p>\n\n\n\n<p>Foram apreendidos: 01 pistola calibre 380, quatro carregadores, 59 muni\u00e7\u00f5es calibre 380 e dois telefones celulares. Equipe: cabos Vespermann, Wolff e Nogueira, soldado Lucas Sim\u00f5es. (Informa\u00e7\u00f5es\/Foto: assessoria de comunica\u00e7\u00e3o do 70\u00ba BPM\/ Ara\u00e7ua\u00ed).<\/p>\n","protected":false},"excerpt":{"rendered":"<p>Um homem foi preso por porte ilegal de arma de fogo Padre Para\u00edso &#8211; A Pol\u00edcia Militar fazia patrulhamento, na sexta-feira (24\/02), na Avenida Minas Gerais, em Padre Para\u00edso, em raz\u00e3o de ocorr\u00eancias contra o patrim\u00f4nio em cidades circunvizinhas, quando os militares procederam abordagem de v\u00e1rios ve\u00edculos suspeitos nas imedia\u00e7\u00f5es de um posto de combust\u00edveis [&hellip;]<\/p>\n","protected":false},"author":1,"featured_media":18903,"comment_status":"open","ping_status":"open","sticky":false,"template":"","format":"standard","meta":{"rop_custom_images_group":[],"rop_custom_messages_group":[],"rop_publish_now":"initial","rop_publish_now_accounts":[],"rop_publish_now_history":[],"rop_publish_now_status":"pending","footnotes":""},"categories":[20],"tags":[3496,205,102,4927,76,2484],"class_list":["post-18902","post","type-post","status-publish","format-standard","has-post-thumbnail","hentry","category-policia","tag-fuga","tag-municoes","tag-padre-paraiso","tag-pistola-380","tag-policia-militar","tag-um-preso"],"_links":{"self":[{"href":"https:\/\/diariotribuna.com.br\/index.php?rest_route=\/wp\/v2\/posts\/18902"}],"collection":[{"href":"https:\/\/diariotribuna.com.br\/index.php?rest_route=\/wp\/v2\/posts"}],"about":[{"href":"https:\/\/diariotribuna.com.br\/index.php?rest_route=\/wp\/v2\/types\/post"}],"author":[{"embeddable":true,"href":"https:\/\/diariotribuna.com.br\/index.php?rest_route=\/wp\/v2\/users\/1"}],"replies":[{"embeddable":true,"href":"https:\/\/diariotribuna.com.br\/index.php?rest_route=%2Fwp%2Fv2%2Fcomments&post=18902"}],"version-history":[{"count":2,"href":"https:\/\/diariotribuna.com.br\/index.php?rest_route=\/wp\/v2\/posts\/18902\/revisions"}],"predecessor-version":[{"id":18905,"href":"https:\/\/diariotribuna.com.br\/index.php?rest_route=\/wp\/v2\/posts\/18902\/revisions\/18905"}],"wp:featuredmedia":[{"embeddable":true,"href":"https:\/\/diariotribuna.com.br\/index.php?rest_route=\/wp\/v2\/media\/18903"}],"wp:attachment":[{"href":"https:\/\/diariotribuna.com.br\/index.php?rest_route=%2Fwp%2Fv2%2Fmedia&parent=18902"}],"wp:term":[{"taxonomy":"category","embeddable":true,"href":"https:\/\/diariotribuna.com.br\/index.php?rest_route=%2Fwp%2Fv2%2Fcategories&post=18902"},{"taxonomy":"post_tag","embeddable":true,"href":"https:\/\/diariotribuna.com.br\/index.php?rest_route=%2Fwp%2Fv2%2Ftags&post=18902"}],"curies":[{"name":"wp","href":"https:\/\/api.w.org\/{rel}","templated":true}]}}