{"id":18906,"date":"2023-02-26T23:57:04","date_gmt":"2023-02-27T02:57:04","guid":{"rendered":"https:\/\/diariotribuna.com.br\/?p=18906"},"modified":"2023-02-26T23:57:05","modified_gmt":"2023-02-27T02:57:05","slug":"pm-prende-dois-homens-por-porte-ilegal-de-arma-de-fogo-e-municoes","status":"publish","type":"post","link":"https:\/\/diariotribuna.com.br\/?p=18906","title":{"rendered":"<strong>PM prende dois homens por porte ilegal de arma de fogo e muni\u00e7\u00f5es<\/strong>"},"content":{"rendered":"\n<figure class=\"wp-block-image size-full is-resized is-style-default\"><img loading=\"lazy\" decoding=\"async\" src=\"https:\/\/diariotribuna.com.br\/wp-content\/uploads\/2023\/02\/ee3d83ff-b9d9-4866-b231-ebfb0ad9eb32.jpg\" alt=\"\" class=\"wp-image-18907\" width=\"383\" height=\"253\" srcset=\"https:\/\/diariotribuna.com.br\/wp-content\/uploads\/2023\/02\/ee3d83ff-b9d9-4866-b231-ebfb0ad9eb32.jpg 691w, https:\/\/diariotribuna.com.br\/wp-content\/uploads\/2023\/02\/ee3d83ff-b9d9-4866-b231-ebfb0ad9eb32-300x198.jpg 300w, https:\/\/diariotribuna.com.br\/wp-content\/uploads\/2023\/02\/ee3d83ff-b9d9-4866-b231-ebfb0ad9eb32-635x420.jpg 635w\" sizes=\"(max-width: 383px) 100vw, 383px\" \/><\/figure>\n\n\n\n<p><strong>Cara\u00ed &#8211;<\/strong> Durante opera\u00e7\u00e3o Cavalo de A\u00e7o, realizada pela Pol\u00edcia Militar na comunidade Maranh\u00e3o, Distrito de Cara\u00ed, no s\u00e1bado (25\/02), os militares abordaram dois homens que estavam pr\u00f3ximos a um bar, e submetidos a buscas pessoais nada foi encontrado com eles. Mas, foi verificado o banheiro do estabelecimento ap\u00f3s a sa\u00edda de um deles, sendo encontradas 03 muni\u00e7\u00f5es calibre 38 e 01 muni\u00e7\u00e3o calibre 380.<\/p>\n\n\n\n<p>Questionado sobre as muni\u00e7\u00f5es, o indiv\u00edduo disse que um dos abordados anteriormente teria pedido para ele segurar as muni\u00e7\u00f5es, e que esse mesmo indiv\u00edduo estaria com um rev\u00f3lver. O suspeito foi localizado e abordado novamente e nada fora encontrado com ele. Ap\u00f3s buscas no local da abordagem foi encontrado debaixo de um ve\u00edculo que estava estacionado, um rev\u00f3lver calibre 38 com numera\u00e7\u00e3o suprimida, e 01 muni\u00e7\u00e3o do mesmo calibre intacta.<\/p>\n\n\n\n<p>Os dois envolvidos foram presos e, junto com os materiais apreendidos, conduzidos para a delegacia de Pol\u00edcia Civil de Te\u00f3filo Otoni para demais provid\u00eancias de pol\u00edcia judici\u00e1ria. Equipe: tenente Marlos, sargento J\u00falio, cabo Rafael, soldado Marques. (Informa\u00e7\u00f5es\/Foto: tenente Marlos Aur\u00e9lio, comandante do 2\u00ba Pelot\u00e3o da 232\u00aa Cia\/ 19\u00ba BPM).<\/p>\n","protected":false},"excerpt":{"rendered":"<p>Cara\u00ed &#8211; Durante opera\u00e7\u00e3o Cavalo de A\u00e7o, realizada pela Pol\u00edcia Militar na comunidade Maranh\u00e3o, Distrito de Cara\u00ed, no s\u00e1bado (25\/02), os militares abordaram dois homens que estavam pr\u00f3ximos a um bar, e submetidos a buscas pessoais nada foi encontrado com eles. Mas, foi verificado o banheiro do estabelecimento ap\u00f3s a sa\u00edda de um deles, sendo [&hellip;]<\/p>\n","protected":false},"author":1,"featured_media":18907,"comment_status":"open","ping_status":"open","sticky":false,"template":"","format":"standard","meta":{"rop_custom_images_group":[],"rop_custom_messages_group":[],"rop_publish_now":"initial","rop_publish_now_accounts":[],"rop_publish_now_history":[],"rop_publish_now_status":"pending","footnotes":""},"categories":[20],"tags":[1055,46,1183,642,205,76],"class_list":["post-18906","post","type-post","status-publish","format-standard","has-post-thumbnail","hentry","category-policia","tag-arma-de-fogo","tag-carai","tag-distrito-de-maranhao","tag-dois-presos","tag-municoes","tag-policia-militar"],"_links":{"self":[{"href":"https:\/\/diariotribuna.com.br\/index.php?rest_route=\/wp\/v2\/posts\/18906"}],"collection":[{"href":"https:\/\/diariotribuna.com.br\/index.php?rest_route=\/wp\/v2\/posts"}],"about":[{"href":"https:\/\/diariotribuna.com.br\/index.php?rest_route=\/wp\/v2\/types\/post"}],"author":[{"embeddable":true,"href":"https:\/\/diariotribuna.com.br\/index.php?rest_route=\/wp\/v2\/users\/1"}],"replies":[{"embeddable":true,"href":"https:\/\/diariotribuna.com.br\/index.php?rest_route=%2Fwp%2Fv2%2Fcomments&post=18906"}],"version-history":[{"count":1,"href":"https:\/\/diariotribuna.com.br\/index.php?rest_route=\/wp\/v2\/posts\/18906\/revisions"}],"predecessor-version":[{"id":18908,"href":"https:\/\/diariotribuna.com.br\/index.php?rest_route=\/wp\/v2\/posts\/18906\/revisions\/18908"}],"wp:featuredmedia":[{"embeddable":true,"href":"https:\/\/diariotribuna.com.br\/index.php?rest_route=\/wp\/v2\/media\/18907"}],"wp:attachment":[{"href":"https:\/\/diariotribuna.com.br\/index.php?rest_route=%2Fwp%2Fv2%2Fmedia&parent=18906"}],"wp:term":[{"taxonomy":"category","embeddable":true,"href":"https:\/\/diariotribuna.com.br\/index.php?rest_route=%2Fwp%2Fv2%2Fcategories&post=18906"},{"taxonomy":"post_tag","embeddable":true,"href":"https:\/\/diariotribuna.com.br\/index.php?rest_route=%2Fwp%2Fv2%2Ftags&post=18906"}],"curies":[{"name":"wp","href":"https:\/\/api.w.org\/{rel}","templated":true}]}}