{"id":18909,"date":"2023-02-27T09:39:19","date_gmt":"2023-02-27T12:39:19","guid":{"rendered":"https:\/\/diariotribuna.com.br\/?p=18909"},"modified":"2023-02-28T11:56:39","modified_gmt":"2023-02-28T14:56:39","slug":"diario-tribuna-27-de-fevereiro-2023-teofilo-otoni-mg","status":"publish","type":"post","link":"https:\/\/diariotribuna.com.br\/?p=18909","title":{"rendered":"<strong>Di\u00e1rio Tribuna, 27 de Fevereiro 2023, Te\u00f3filo Otoni &#8211; MG<\/strong>"},"content":{"rendered":"\n<figure class=\"wp-block-image size-full is-resized is-style-default\"><img loading=\"lazy\" decoding=\"async\" src=\"https:\/\/diariotribuna.com.br\/wp-content\/uploads\/2023\/02\/ac566ade-8cf8-4239-b18a-cae9ed29f287.jpg\" alt=\"\" class=\"wp-image-18911\" width=\"313\" height=\"447\" srcset=\"https:\/\/diariotribuna.com.br\/wp-content\/uploads\/2023\/02\/ac566ade-8cf8-4239-b18a-cae9ed29f287.jpg 700w, https:\/\/diariotribuna.com.br\/wp-content\/uploads\/2023\/02\/ac566ade-8cf8-4239-b18a-cae9ed29f287-210x300.jpg 210w, https:\/\/diariotribuna.com.br\/wp-content\/uploads\/2023\/02\/ac566ade-8cf8-4239-b18a-cae9ed29f287-696x992.jpg 696w, https:\/\/diariotribuna.com.br\/wp-content\/uploads\/2023\/02\/ac566ade-8cf8-4239-b18a-cae9ed29f287-295x420.jpg 295w\" sizes=\"(max-width: 313px) 100vw, 313px\" \/><\/figure>\n\n\n\n<h2 class=\"wp-block-heading\"><strong><mark style=\"background-color:rgba(0, 0, 0, 0)\" class=\"has-inline-color has-vivid-red-color\">Acesse o link abaixo e veja a edi\u00e7\u00e3o completa do Di\u00e1rio Tribuna desta segunda-feira (27\/02\/2023)<\/mark><\/strong><\/h2>\n\n\n\n<h2 class=\"wp-block-heading\"><a rel=\"noreferrer noopener\" href=\"https:\/\/diariotribuna.com.br\/wp-content\/uploads\/2023\/02\/DIARIO-TRIBUNA-53-ANOS-27-FEVEREIRO-2023-1.pdf\" target=\"_blank\"><mark style=\"background-color:rgba(0, 0, 0, 0)\" class=\"has-inline-color has-vivid-red-color\"><strong>https:\/\/diariotribuna.com.br\/wp-content\/uploads\/2023\/02\/DIARIO-TRIBUNA-53-ANOS-27-FEVEREIRO-2023-1.pdf<\/strong><\/mark><\/a><\/h2>\n","protected":false},"excerpt":{"rendered":"<p>Acesse o link abaixo e veja a edi\u00e7\u00e3o completa do Di\u00e1rio Tribuna desta segunda-feira (27\/02\/2023) https:\/\/diariotribuna.com.br\/wp-content\/uploads\/2023\/02\/DIARIO-TRIBUNA-53-ANOS-27-FEVEREIRO-2023-1.pdf<\/p>\n","protected":false},"author":1,"featured_media":18911,"comment_status":"open","ping_status":"open","sticky":false,"template":"","format":"standard","meta":{"rop_custom_images_group":[],"rop_custom_messages_group":[],"rop_publish_now":"initial","rop_publish_now_accounts":[],"rop_publish_now_history":[],"rop_publish_now_status":"pending","footnotes":""},"categories":[17,23],"tags":[5207,42,1010,75,867],"class_list":["post-18909","post","type-post","status-publish","format-standard","has-post-thumbnail","hentry","category-teofilootoni","category-ultimaedicao","tag-27-02-2023","tag-diario-tribuna","tag-nordeste-mineiro","tag-teofilo-otoni","tag-vale-do-mucuri"],"_links":{"self":[{"href":"https:\/\/diariotribuna.com.br\/index.php?rest_route=\/wp\/v2\/posts\/18909"}],"collection":[{"href":"https:\/\/diariotribuna.com.br\/index.php?rest_route=\/wp\/v2\/posts"}],"about":[{"href":"https:\/\/diariotribuna.com.br\/index.php?rest_route=\/wp\/v2\/types\/post"}],"author":[{"embeddable":true,"href":"https:\/\/diariotribuna.com.br\/index.php?rest_route=\/wp\/v2\/users\/1"}],"replies":[{"embeddable":true,"href":"https:\/\/diariotribuna.com.br\/index.php?rest_route=%2Fwp%2Fv2%2Fcomments&post=18909"}],"version-history":[{"count":2,"href":"https:\/\/diariotribuna.com.br\/index.php?rest_route=\/wp\/v2\/posts\/18909\/revisions"}],"predecessor-version":[{"id":18915,"href":"https:\/\/diariotribuna.com.br\/index.php?rest_route=\/wp\/v2\/posts\/18909\/revisions\/18915"}],"wp:featuredmedia":[{"embeddable":true,"href":"https:\/\/diariotribuna.com.br\/index.php?rest_route=\/wp\/v2\/media\/18911"}],"wp:attachment":[{"href":"https:\/\/diariotribuna.com.br\/index.php?rest_route=%2Fwp%2Fv2%2Fmedia&parent=18909"}],"wp:term":[{"taxonomy":"category","embeddable":true,"href":"https:\/\/diariotribuna.com.br\/index.php?rest_route=%2Fwp%2Fv2%2Fcategories&post=18909"},{"taxonomy":"post_tag","embeddable":true,"href":"https:\/\/diariotribuna.com.br\/index.php?rest_route=%2Fwp%2Fv2%2Ftags&post=18909"}],"curies":[{"name":"wp","href":"https:\/\/api.w.org\/{rel}","templated":true}]}}