{"id":18920,"date":"2023-02-28T14:13:18","date_gmt":"2023-02-28T17:13:18","guid":{"rendered":"https:\/\/diariotribuna.com.br\/?p=18920"},"modified":"2023-02-28T14:21:10","modified_gmt":"2023-02-28T17:21:10","slug":"policia-civil-cumpre-mandados-judiciais-na-operacao-reprimenda-em-almenara","status":"publish","type":"post","link":"https:\/\/diariotribuna.com.br\/?p=18920","title":{"rendered":"Pol\u00edcia Civil cumpre mandados judiciais na &#8220;Opera\u00e7\u00e3o Reprimenda&#8221; em Almenara"},"content":{"rendered":"\n<figure class=\"wp-block-image size-full is-resized is-style-default\"><img loading=\"lazy\" decoding=\"async\" src=\"https:\/\/diariotribuna.com.br\/wp-content\/uploads\/2023\/02\/0cc275ec-580d-49a0-83f2-2928685781d3.jpg\" alt=\"\" class=\"wp-image-18921\" width=\"454\" height=\"280\" srcset=\"https:\/\/diariotribuna.com.br\/wp-content\/uploads\/2023\/02\/0cc275ec-580d-49a0-83f2-2928685781d3.jpg 700w, https:\/\/diariotribuna.com.br\/wp-content\/uploads\/2023\/02\/0cc275ec-580d-49a0-83f2-2928685781d3-300x185.jpg 300w, https:\/\/diariotribuna.com.br\/wp-content\/uploads\/2023\/02\/0cc275ec-580d-49a0-83f2-2928685781d3-356x220.jpg 356w, https:\/\/diariotribuna.com.br\/wp-content\/uploads\/2023\/02\/0cc275ec-580d-49a0-83f2-2928685781d3-696x430.jpg 696w, https:\/\/diariotribuna.com.br\/wp-content\/uploads\/2023\/02\/0cc275ec-580d-49a0-83f2-2928685781d3-681x420.jpg 681w\" sizes=\"(max-width: 454px) 100vw, 454px\" \/><\/figure>\n\n\n\n<p>A Pol\u00edcia Civil de Minas Gerais, por meio da Delegacia Regional de Almenara, deflagrou a Opera\u00e7\u00e3o Reprimenda, na manh\u00e3 desta ter\u00e7a-feira (28\/02), para cumprimento de mandados de pris\u00e3o preventiva em face de dois investigados, H.M.S. de 21 anos e G.S.G. de 19, suspeitos de envolvimento na morte de E.R.P., 21 anos, ocorrida no dia 12 de fevereiro, em Almenara. Ainda na opera\u00e7\u00e3o, as equipes cumpriram tr\u00eas mandados de busca e apreens\u00e3o.<\/p>\n\n\n\n<p>Ap\u00f3s a devida formaliza\u00e7\u00e3o dos mandados judiciais, os investigados foram encaminhados ao sistema prisional, ficando \u00e0 disposi\u00e7\u00e3o da justi\u00e7a. A opera\u00e7\u00e3o, com a investiga\u00e7\u00e3o presidida pelo delegado Fernando Varella, contou com a participa\u00e7\u00e3o de 11 policias, sendo deflagrada pela equipe da 3\u00aa Delegacia Regional de Almenara, chefiada pela delegada Regional Danielle Ara\u00fajo de Souza, com apoio da delegacia de Jacinto, coordenada pelo delegado Diogo Quaresma.<\/p>\n\n\n\n<p><strong>Entenda o caso \u2013<\/strong> segundo a Pol\u00edcia Civil, at\u00e9 o momento, os elementos informativos reunidos apontam que, naquela noite de 12\/02\/23, a v\u00edtima estava em um bar, localizado na Avenida principal de Almenara quando iniciou agress\u00e3o contra um dos investigados. Ap\u00f3s o in\u00edcio das agress\u00f5es m\u00fatuas, a v\u00edtima fugiu, mas, foi alcan\u00e7ada pelos investigados, que continuaram com as agress\u00f5es, que s\u00f3 terminaram ap\u00f3s a morte da v\u00edtima, cujo corpo foi encontrado em um terreno baldio.<\/p>\n\n\n\n<p><strong>Reprimenda &#8211;<\/strong> O nome refere-se ao foco investigativo de combate e repress\u00e3o aos crimes violentos, na 3\u00aa Delegacia Regional de Almenara, buscando um c\u00e9lere e efetivo trabalho de pol\u00edcia judici\u00e1ria. Equipe: delegados Danielle Ara\u00fajo, Fernando Varella e Diogo Quaresma. Inspetor: Cl\u00e1udio lr\u00eanio de Souza Silva. Investigadores: Sayara Silva Maia, Manoel Messias, Rubens Santana, Bruno Nascimento e Lincoln Martins. Escriv\u00e3es: Clayton Leonardo, Priscila Aguiar e Silvia Maria de Campos. (Informa\u00e7\u00f5es\/Foto: assessoria de comunica\u00e7\u00e3o da PCMG\/ Te\u00f3filo Otoni).<\/p>\n","protected":false},"excerpt":{"rendered":"<p>A Pol\u00edcia Civil de Minas Gerais, por meio da Delegacia Regional de Almenara, deflagrou a Opera\u00e7\u00e3o Reprimenda, na manh\u00e3 desta ter\u00e7a-feira (28\/02), para cumprimento de mandados de pris\u00e3o preventiva em face de dois investigados, H.M.S. de 21 anos e G.S.G. de 19, suspeitos de envolvimento na morte de E.R.P., 21 anos, ocorrida no dia 12 [&hellip;]<\/p>\n","protected":false},"author":1,"featured_media":18921,"comment_status":"open","ping_status":"open","sticky":false,"template":"","format":"standard","meta":{"rop_custom_images_group":[],"rop_custom_messages_group":[],"rop_publish_now":"initial","rop_publish_now_accounts":[],"rop_publish_now_history":[],"rop_publish_now_status":"pending","footnotes":""},"categories":[25,20],"tags":[5209,110,107,1733,5210,76],"class_list":["post-18920","post","type-post","status-publish","format-standard","has-post-thumbnail","hentry","category-destaque","category-policia","tag-al","tag-almenara","tag-homicidio","tag-mandados-de-prisao","tag-operacao-reprimenda","tag-policia-militar"],"_links":{"self":[{"href":"https:\/\/diariotribuna.com.br\/index.php?rest_route=\/wp\/v2\/posts\/18920"}],"collection":[{"href":"https:\/\/diariotribuna.com.br\/index.php?rest_route=\/wp\/v2\/posts"}],"about":[{"href":"https:\/\/diariotribuna.com.br\/index.php?rest_route=\/wp\/v2\/types\/post"}],"author":[{"embeddable":true,"href":"https:\/\/diariotribuna.com.br\/index.php?rest_route=\/wp\/v2\/users\/1"}],"replies":[{"embeddable":true,"href":"https:\/\/diariotribuna.com.br\/index.php?rest_route=%2Fwp%2Fv2%2Fcomments&post=18920"}],"version-history":[{"count":2,"href":"https:\/\/diariotribuna.com.br\/index.php?rest_route=\/wp\/v2\/posts\/18920\/revisions"}],"predecessor-version":[{"id":18923,"href":"https:\/\/diariotribuna.com.br\/index.php?rest_route=\/wp\/v2\/posts\/18920\/revisions\/18923"}],"wp:featuredmedia":[{"embeddable":true,"href":"https:\/\/diariotribuna.com.br\/index.php?rest_route=\/wp\/v2\/media\/18921"}],"wp:attachment":[{"href":"https:\/\/diariotribuna.com.br\/index.php?rest_route=%2Fwp%2Fv2%2Fmedia&parent=18920"}],"wp:term":[{"taxonomy":"category","embeddable":true,"href":"https:\/\/diariotribuna.com.br\/index.php?rest_route=%2Fwp%2Fv2%2Fcategories&post=18920"},{"taxonomy":"post_tag","embeddable":true,"href":"https:\/\/diariotribuna.com.br\/index.php?rest_route=%2Fwp%2Fv2%2Ftags&post=18920"}],"curies":[{"name":"wp","href":"https:\/\/api.w.org\/{rel}","templated":true}]}}