{"id":18924,"date":"2023-02-28T20:42:10","date_gmt":"2023-02-28T23:42:10","guid":{"rendered":"https:\/\/diariotribuna.com.br\/?p=18924"},"modified":"2023-02-28T20:42:11","modified_gmt":"2023-02-28T23:42:11","slug":"confirmada-como-dengue-hemorragica-a-causa-da-morte-do-biomedico-breno-santana","status":"publish","type":"post","link":"https:\/\/diariotribuna.com.br\/?p=18924","title":{"rendered":"<strong>Confirmada como dengue hemorr\u00e1gica a causa da morte do biom\u00e9dico Breno Santana<\/strong>"},"content":{"rendered":"\n<h3 class=\"wp-block-heading\"><em><strong>O exame foi realizado no Laborat\u00f3rio da UFVJM, em Te\u00f3filo Otoni; resultado liberado em menos de 24 horas<\/strong><\/em><\/h3>\n\n\n\n<figure class=\"wp-block-image size-full is-resized is-style-default\"><img loading=\"lazy\" decoding=\"async\" src=\"https:\/\/diariotribuna.com.br\/wp-content\/uploads\/2023\/02\/cb003b6b-205f-4abb-9553-0cfa43cfac2d.jpg\" alt=\"\" class=\"wp-image-18925\" width=\"485\" height=\"354\" srcset=\"https:\/\/diariotribuna.com.br\/wp-content\/uploads\/2023\/02\/cb003b6b-205f-4abb-9553-0cfa43cfac2d.jpg 600w, https:\/\/diariotribuna.com.br\/wp-content\/uploads\/2023\/02\/cb003b6b-205f-4abb-9553-0cfa43cfac2d-300x219.jpg 300w, https:\/\/diariotribuna.com.br\/wp-content\/uploads\/2023\/02\/cb003b6b-205f-4abb-9553-0cfa43cfac2d-324x235.jpg 324w, https:\/\/diariotribuna.com.br\/wp-content\/uploads\/2023\/02\/cb003b6b-205f-4abb-9553-0cfa43cfac2d-575x420.jpg 575w\" sizes=\"(max-width: 485px) 100vw, 485px\" \/><\/figure>\n\n\n\n<p>Breno Andrade Santana, 33 anos, biom\u00e9dico, natural de Almenara, morreu na manh\u00e3 de domingo (26\/02), no hospital Philadelfia, em Te\u00f3filo Otoni. Breno era uma pessoa muito querida, trabalhava no Laborat\u00f3rio Pasteur, em Te\u00f3filo Otoni, e sua morte precoce causou muita como\u00e7\u00e3o pelas redes sociais, al\u00e9m de muitas institui\u00e7\u00f5es que emitiram nota de pesar e solidariedade aos familiares e amigos. Breno era casado e deixou dois filhos.<\/p>\n\n\n\n<p>O corpo foi velado por um tempo na capela da Funer\u00e1ria Te\u00f3filo Otoni, em seguida levado para Almenara, onde foi sepultado, na segunda-feira (27). A Secretaria Municipal de Sa\u00fade de Te\u00f3filo Otoni, por meio da Vigil\u00e2ncia em Sa\u00fade, emitiu nota informando, que ao tomar ci\u00eancia do \u00f3bito suspeito de dengue hemorr\u00e1gica, uma equipe foi ao hospital para iniciar uma investiga\u00e7\u00e3o epidemiol\u00f3gica com coleta de dados e amostra para exame de RT-PCR.<\/p>\n\n\n\n<p>\u201cInicialmente, existe a suspeita de que, em se tratando de dengue, a contamina\u00e7\u00e3o do paciente teria ocorrido em outro munic\u00edpio, uma vez que nos foi relatado, ter o paciente hist\u00f3rico cl\u00ednico de sintomas de dengue, como a febre, h\u00e1 mais de 5 dias. Neste per\u00edodo o paciente n\u00e3o se encontrava em nosso munic\u00edpio, tendo o mesmo passado por dois servi\u00e7os m\u00e9dicos em distintos munic\u00edpios, antes de vir a ser internado em Te\u00f3filo Otoni\u201d, diz trecho da nota.<\/p>\n\n\n\n<p>Segundo informa\u00e7\u00f5es Breno estava com a fam\u00edlia em Almenara e retornou \u00e0 Te\u00f3filo Otoni sentindo fortes dores abdominais, com v\u00f4mitos e insufici\u00eancia respirat\u00f3ria, e foi levado ao hospital Philadelfia, onde infelizmente ele faleceu.<\/p>\n\n\n\n<p><strong>Diagn\u00f3stico &#8211;<\/strong> Os exames foram realizados no Laborat\u00f3rio da Universidade Federal dos Vales do Jequitinhonha e Mucuri (UFVJM), em Te\u00f3filo Otoni. O material foi recebido pelo laborat\u00f3rio na segunda-feira (27) e o resultado foi liberado na manh\u00e3 desta ter\u00e7a-feira (28), em menos de 24 horas. O diagn\u00f3stico de dengue hemorr\u00e1gica foi confirmado, por uma fonte ao Di\u00e1rio Tribuna, nesta ter\u00e7a-feira (28\/02). (Foto: Divulga\u00e7\u00e3o).<\/p>\n","protected":false},"excerpt":{"rendered":"<p>O exame foi realizado no Laborat\u00f3rio da UFVJM, em Te\u00f3filo Otoni; resultado liberado em menos de 24 horas Breno Andrade Santana, 33 anos, biom\u00e9dico, natural de Almenara, morreu na manh\u00e3 de domingo (26\/02), no hospital Philadelfia, em Te\u00f3filo Otoni. Breno era uma pessoa muito querida, trabalhava no Laborat\u00f3rio Pasteur, em Te\u00f3filo Otoni, e sua morte [&hellip;]<\/p>\n","protected":false},"author":1,"featured_media":18925,"comment_status":"open","ping_status":"open","sticky":false,"template":"","format":"standard","meta":{"rop_custom_images_group":[],"rop_custom_messages_group":[],"rop_publish_now":"initial","rop_publish_now_accounts":[],"rop_publish_now_history":[],"rop_publish_now_status":"pending","footnotes":""},"categories":[25,17],"tags":[5212,5211,5213,75],"class_list":["post-18924","post","type-post","status-publish","format-standard","has-post-thumbnail","hentry","category-destaque","category-teofilootoni","tag-biomedico","tag-breno-santana","tag-dengue-hemorragica","tag-teofilo-otoni"],"_links":{"self":[{"href":"https:\/\/diariotribuna.com.br\/index.php?rest_route=\/wp\/v2\/posts\/18924"}],"collection":[{"href":"https:\/\/diariotribuna.com.br\/index.php?rest_route=\/wp\/v2\/posts"}],"about":[{"href":"https:\/\/diariotribuna.com.br\/index.php?rest_route=\/wp\/v2\/types\/post"}],"author":[{"embeddable":true,"href":"https:\/\/diariotribuna.com.br\/index.php?rest_route=\/wp\/v2\/users\/1"}],"replies":[{"embeddable":true,"href":"https:\/\/diariotribuna.com.br\/index.php?rest_route=%2Fwp%2Fv2%2Fcomments&post=18924"}],"version-history":[{"count":1,"href":"https:\/\/diariotribuna.com.br\/index.php?rest_route=\/wp\/v2\/posts\/18924\/revisions"}],"predecessor-version":[{"id":18926,"href":"https:\/\/diariotribuna.com.br\/index.php?rest_route=\/wp\/v2\/posts\/18924\/revisions\/18926"}],"wp:featuredmedia":[{"embeddable":true,"href":"https:\/\/diariotribuna.com.br\/index.php?rest_route=\/wp\/v2\/media\/18925"}],"wp:attachment":[{"href":"https:\/\/diariotribuna.com.br\/index.php?rest_route=%2Fwp%2Fv2%2Fmedia&parent=18924"}],"wp:term":[{"taxonomy":"category","embeddable":true,"href":"https:\/\/diariotribuna.com.br\/index.php?rest_route=%2Fwp%2Fv2%2Fcategories&post=18924"},{"taxonomy":"post_tag","embeddable":true,"href":"https:\/\/diariotribuna.com.br\/index.php?rest_route=%2Fwp%2Fv2%2Ftags&post=18924"}],"curies":[{"name":"wp","href":"https:\/\/api.w.org\/{rel}","templated":true}]}}